{"id":562872,"date":"2022-10-17T00:06:49","date_gmt":"2022-10-17T05:06:49","guid":{"rendered":"https:\/\/www.diarioimagen.net\/?p=562872"},"modified":"2022-10-19T00:29:26","modified_gmt":"2022-10-19T05:29:26","slug":"inicia-pasarela-en-el-pri-y-alito-se-aferra-en-medio-de-acusaciones","status":"publish","type":"post","link":"https:\/\/www.diarioimagen.net\/?p=562872","title":{"rendered":"Inicia pasarela en el PRI y \u201cAlito\u201d se aferra en medio de acusaciones"},"content":{"rendered":"<h2>Como veo, doy<\/h2>\n<h5>Jorge Luis Galicia Palacios<\/h5>\n<p>&nbsp;<\/p>\n<ul>\n<li><em><strong>Derrotas, corruptelas y bravuconer\u00edas, lo que Moreno C\u00e1rdenas deja a su paso<\/strong><\/em><\/li>\n<\/ul>\n<p>&nbsp;<\/p>\n<p>Lo que hay que ver, es una expresi\u00f3n que en estos tiempos describe perfectamente los que pasa al interior de lo que queda en el Partido Revolucionario Institucional (PRI) y que de alguna manera deja perplejo o sorprendido a cualquiera. Resulta que, durante dos d\u00edas, hoy lunes y ma\u00f1ana martes, el otrora partidazo simular\u00e1, perd\u00f3n, iniciar\u00e1 sus \u201cDi\u00e1logos por M\u00e9xico\u201d, evento que a simple vista se trata de una pasarela de sus posibles candidatos a la presidencia de la rep\u00fablica.<\/p>\n<p>Y uno como ciudadano cualquiera se hace las siguientes preguntas \u00bfpresidenciables?, \u00bfes en serio?, \u00bfqu\u00e9 no es el partido que dirige un presunto delincuente por acusaciones de corrupci\u00f3n y enriquecimiento inexplicable?, \u00bfacaso \u201clos que se mencionan\u201d en el ala tricolor ya olvidaron que con su actual dirigencia han perdido todos los procesos electorales donde ha participado, al menos las m\u00e1s importantes?, \u00bfDe veras piensa Alejandro Moreno \u201cAlito\u201d, que con la organizaci\u00f3n de un evento como el que se ha anunciado la militancia de su partido olvidar\u00e1 todas las acusaciones que le han hecho desde el \u201cMartes del jaguar\u201d?<\/p>\n<p>La militancia ya vio que a las acusaciones de corrupci\u00f3n, del lado de \u201cAlito\u201d s\u00f3lo han salido bravuconadas ret\u00f3ricas; ya vio que ante la petici\u00f3n mayoritaria de su renuncia a la dirigencia, la respuesta es que fue electo para un periodo de cuatro a\u00f1os y terminar\u00e1 hasta agosto de 2023 y aunque pidan su salida no se ir\u00e1 porque esto es lo que de alguna manera lo protege contra cualquier denuncia judicial; La militancia tambi\u00e9n ya vio que con Moreno C\u00e1rdenas obtuvieron derrotas en elecciones estatales en 2021 y 2022, donde perdieron todas.<\/p>\n<p>Entonces, la militancia y algunos cuadros dirigentes piden que Alejandro Moreno C\u00e1rdenas deje la presidencia del CEN del PRI, porque en 2023 no quieren perder en el Estado de M\u00e9xico ni en Coahuila; quieren que salga porque con \u201cAlito\u201d las posibilidades de una alianza opositora del PRI se diluye y m\u00e1s bien es casi imposible, porque \u201cya nadie le cree\u201d.<\/p>\n<p>Eso es lo que quieren los priistas de a pie, la base, la que vota, eso en lugar de falsas pasarelas que van a ning\u00fan lado, no cuando se olvidan de lo principal y hoy por hoy lo principal es la salida de Moreno C\u00e1rdenas, despu\u00e9s sigue el programa, la construcci\u00f3n de una alianza y, por \u00faltimo, la pasarela. Que conste, es lo que dicen.<\/p>\n<p><strong>LAS CARTAS HABLAN.\u2014<\/strong> S\u00f3lo para darnos una idea de los despistes en la dirigencia tricolor, nos dicen que la reuni\u00f3n que iniciar\u00e1n hoy en la sede nacional del PRI, en el auditorio Plutarco El\u00edas Calles, donde asistir\u00e1n \u00bflos presidenciables?, tienen previsto hablar de los temas de m\u00e1s urgencia en el pa\u00eds, ay aj\u00e1, \u00bfAcaso hablar\u00e1n de las acusaciones que pesan sobre \u201cAlito\u201d en materia de corrupci\u00f3n?, \u00bfdar\u00e1n voz a la militancia que piden la renuncia del ahora ex gobernador de Campeche? Y como es un hecho que no hablar\u00e1n sobre estos t\u00f3picos del inter\u00e9s del priismo nacional, la pregunta que surge es \u00bfde qu\u00e9 hablar\u00e1n?<\/p>\n<p>Acaso reconocer\u00e1n que, con m\u00e1s de 90 a\u00f1os, el PRI vive una de sus peores crisis y que esta crisis se acrecenta cada d\u00eda que C\u00e1rdenas se aferra a la dirigencia tricolor.<\/p>\n<p>En fin, los militantes que a\u00fan le quedan al PRI lamentan todos los tumbos que hasta ahora han visto con \u201cAlito\u201d y muchos de los que ya salieron de esas filas les responden a sus ex correligionarios \u201cy lo que les falta ver\u201d.<\/p>\n<p><strong>VA MI RESTO.\u2014<\/strong> S\u00f3lo para recordar a los que hoy y ma\u00f1ana se van a reunir en la sede tricolor, \u201cAlito\u201d no quiere reconocer que cuando la militancia pens\u00f3 en \u00e9l eran otros tiempos, gozaba de una aparente popularidad como gobernador de Campeche y el priismo a\u00fan no lograba reponerse de la confusi\u00f3n en que los hab\u00edan dejado por la estrepitosa derrota electoral, en la que el tricolor perdi\u00f3 la silla del \u00e1guila. Dicen que su llegada como dirigente fue parte de una confusi\u00f3n.<\/p>\n<p>Cuando Moreno C\u00e1rdenas tom\u00f3 las riendas del partido tricolor, en 2019, recibi\u00f3 la encomienda acompa\u00f1ada de 14 mandatarios estatales provenientes de su partido y hoy s\u00f3lo le quedan tres, el de Durango, que gan\u00f3 en alianza con otras fuerzas pol\u00edticas, y en el Estado de M\u00e9xico y Coahuila, entidades que ir\u00e1n a elecciones el pr\u00f3ximo a\u00f1o.<\/p>\n<p>Esos son los n\u00fameros del actual dirigente nacional del priismo, y esa su historia como l\u00edder, una historia de derrotas, corruptelas y bravuconer\u00edas, y hasta ah\u00ed porque como veo doy.<\/p>\n<p><em><a href=\"mailto:jorgelgalicia@yahoo.com.mx\" target=\"_blank\" rel=\"noopener noreferrer\">jorgelgalicia@yahoo.com.mx<\/a><\/em><\/p>\n","protected":false},"excerpt":{"rendered":"<p><span style=\"color: #005497;\"><strong>Jorge Luis Galicia Palacios<\/strong><\/span><\/p>\n","protected":false},"author":3,"featured_media":0,"comment_status":"open","ping_status":"open","sticky":false,"template":"","format":"standard","meta":{"_monsterinsights_skip_tracking":false,"_monsterinsights_sitenote_active":false,"_monsterinsights_sitenote_note":"","_monsterinsights_sitenote_category":0,"footnotes":""},"categories":[63916],"tags":[28722,63917,43674],"class_list":["post-562872","post","type-post","status-publish","format-standard","hentry","category-jorge-luis-galicia-palacios","tag-como-veo-doy","tag-jorge-luis-galicia-palacios","tag-opinion"],"_links":{"self":[{"href":"https:\/\/www.diarioimagen.net\/index.php?rest_route=\/wp\/v2\/posts\/562872","targetHints":{"allow":["GET"]}}],"collection":[{"href":"https:\/\/www.diarioimagen.net\/index.php?rest_route=\/wp\/v2\/posts"}],"about":[{"href":"https:\/\/www.diarioimagen.net\/index.php?rest_route=\/wp\/v2\/types\/post"}],"author":[{"embeddable":true,"href":"https:\/\/www.diarioimagen.net\/index.php?rest_route=\/wp\/v2\/users\/3"}],"replies":[{"embeddable":true,"href":"https:\/\/www.diarioimagen.net\/index.php?rest_route=%2Fwp%2Fv2%2Fcomments&post=562872"}],"version-history":[{"count":0,"href":"https:\/\/www.diarioimagen.net\/index.php?rest_route=\/wp\/v2\/posts\/562872\/revisions"}],"wp:attachment":[{"href":"https:\/\/www.diarioimagen.net\/index.php?rest_route=%2Fwp%2Fv2%2Fmedia&parent=562872"}],"wp:term":[{"taxonomy":"category","embeddable":true,"href":"https:\/\/www.diarioimagen.net\/index.php?rest_route=%2Fwp%2Fv2%2Fcategories&post=562872"},{"taxonomy":"post_tag","embeddable":true,"href":"https:\/\/www.diarioimagen.net\/index.php?rest_route=%2Fwp%2Fv2%2Ftags&post=562872"}],"curies":[{"name":"wp","href":"https:\/\/api.w.org\/{rel}","templated":true}]}}