{"id":562970,"date":"2022-10-18T00:01:13","date_gmt":"2022-10-18T05:01:13","guid":{"rendered":"https:\/\/www.diarioimagen.net\/?p=562970"},"modified":"2022-10-19T00:28:21","modified_gmt":"2022-10-19T05:28:21","slug":"concluye-taller-de-cooperacion-procesal-internacional-organizado-por-la-sre-y-la-conatrib","status":"publish","type":"post","link":"https:\/\/www.diarioimagen.net\/?p=562970","title":{"rendered":"Concluye taller de cooperaci\u00f3n procesal internacional organizado por la SRE y la Conatrib"},"content":{"rendered":"<p>&nbsp;<\/p>\n<ul>\n<li><strong><em>En el cierre de actividades participaron integrantes de la organizaci\u00f3n conformada por los tribunales superiores de justicia de todo el pa\u00eds, que encabeza el magistrado Rafael Guerra \u00c1lvarez<\/em><\/strong><\/li>\n<\/ul>\n<p>&nbsp;<\/p>\n<div id=\"attachment_563016\" style=\"width: 470px\" class=\"wp-caption aligncenter\"><img loading=\"lazy\" decoding=\"async\" aria-describedby=\"caption-attachment-563016\" class=\"size-full wp-image-563016\" src=\"https:\/\/www.diarioimagen.net\/wp-content\/uploads\/2022\/10\/tribunal-concluye-taller.jpg\" alt=\"\" width=\"460\" height=\"270\" \/><p id=\"caption-attachment-563016\" class=\"wp-caption-text\">Durante tres d\u00edas, se abordaron temas como la adopci\u00f3n internacional de menores, la ley de nacionalidad, inteligencia artificial aplicada a la impartici\u00f3n de justicia y cooperaci\u00f3n procesal en materia penal.<\/p><\/div>\n<p>&nbsp;<\/p>\n<p>Despu\u00e9s de tres d\u00edas de trabajo, integrantes de la Comisi\u00f3n Nacional de Tribunales Superiores de Justicia de los Estados Unidos Mexicanos (Conatrib) participaron en el cierre de actividades del\u00a0<em>Octavo Taller de Cooperaci\u00f3n Procesal Internacional<\/em>, organizado por la Direcci\u00f3n General de Asuntos Jur\u00eddicos de la Secretar\u00eda de Relaciones Exteriores (SRE).<\/p>\n<p>En colaboraci\u00f3n con la Conatrib, que preside el magistrado Rafael Guerra \u00c1lvarez, en la \u00faltima jornada del taller se desarrollaron cuatro mesas de trabajo en las que se abordaron la adopci\u00f3n internacional de menores, la ley de nacionalidad, inteligencia artificial aplicada a la impartici\u00f3n de justicia y cooperaci\u00f3n procesal internacional en materia penal.<\/p>\n<p>En la sala\u00a0<em>Jos\u00e9 Mar\u00eda Morelos y Pav\u00f3n<\/em>\u00a0de la SRE, y con una participaci\u00f3n de mil 73 personas, tanto de manera presencial como a distancia, las mesas de trabajo estuvieron a cargo de ponentes nacionales e internacionales, provenientes de pa\u00edses como Estados Unidos, Uruguay y Colombia.<\/p>\n<p>Este<em>\u00a0Octavo Taller de Cooperaci\u00f3n Procesal Internacional<\/em>\u00a0culmin\u00f3 ayer como resultado de la coordinaci\u00f3n y colaboraci\u00f3n interinstitucional entre la Conatrib y la SRE, que tienen el mismo objetivo de actualizaci\u00f3n en la cooperaci\u00f3n internacional jurisdiccional en beneficio de la sociedad mexicana.<\/p>\n<p>Se cont\u00f3 con la participaci\u00f3n del consejero de la Judicatura capitalina, Andr\u00e9s Linares Carranza; los magistrados del Poder Judicial de la Ciudad de M\u00e9xico, Leticia Rocha Licea, \u00d3scar Gregorio Cervera Rivero y Paul Mart\u00edn Barba; la magistrada del Poder Judicial del Estado de M\u00e9xico, Blanca Colmenares S\u00e1nchez; el diputado Alberto Torres Escudero; asimismo, personal adscrito a embajadas mexicanas en distintos pa\u00edses; personal diplom\u00e1tico de otras naciones en nuestro pa\u00eds y acad\u00e9micos de diversas instituciones.<\/p>\n","protected":false},"excerpt":{"rendered":"<p>Despu\u00e9s de tres d\u00edas de trabajo, integrantes de la Comisi\u00f3n Nacional de Tribunales Superiores de Justicia de los Estados Unidos Mexicanos (Conatrib) participaron en el cierre de actividades del\u00a0<em>Octavo Taller de Cooperaci\u00f3n Procesal Internacional<\/em>, organizado por la Direcci\u00f3n General de Asuntos Jur\u00eddicos de la Secretar\u00eda de Relaciones Exteriores (SRE).<\/p>\n","protected":false},"author":3,"featured_media":563016,"comment_status":"open","ping_status":"open","sticky":false,"template":"","format":"standard","meta":{"_monsterinsights_skip_tracking":false,"_monsterinsights_sitenote_active":false,"_monsterinsights_sitenote_note":"","_monsterinsights_sitenote_category":0,"footnotes":""},"categories":[6],"tags":[204,4103,880],"class_list":["post-562970","post","type-post","status-publish","format-standard","has-post-thumbnail","hentry","category-cd-de-mexico","tag-ciudad-de-mexico","tag-conatrib","tag-sre"],"_links":{"self":[{"href":"https:\/\/www.diarioimagen.net\/index.php?rest_route=\/wp\/v2\/posts\/562970","targetHints":{"allow":["GET"]}}],"collection":[{"href":"https:\/\/www.diarioimagen.net\/index.php?rest_route=\/wp\/v2\/posts"}],"about":[{"href":"https:\/\/www.diarioimagen.net\/index.php?rest_route=\/wp\/v2\/types\/post"}],"author":[{"embeddable":true,"href":"https:\/\/www.diarioimagen.net\/index.php?rest_route=\/wp\/v2\/users\/3"}],"replies":[{"embeddable":true,"href":"https:\/\/www.diarioimagen.net\/index.php?rest_route=%2Fwp%2Fv2%2Fcomments&post=562970"}],"version-history":[{"count":0,"href":"https:\/\/www.diarioimagen.net\/index.php?rest_route=\/wp\/v2\/posts\/562970\/revisions"}],"wp:featuredmedia":[{"embeddable":true,"href":"https:\/\/www.diarioimagen.net\/index.php?rest_route=\/wp\/v2\/media\/563016"}],"wp:attachment":[{"href":"https:\/\/www.diarioimagen.net\/index.php?rest_route=%2Fwp%2Fv2%2Fmedia&parent=562970"}],"wp:term":[{"taxonomy":"category","embeddable":true,"href":"https:\/\/www.diarioimagen.net\/index.php?rest_route=%2Fwp%2Fv2%2Fcategories&post=562970"},{"taxonomy":"post_tag","embeddable":true,"href":"https:\/\/www.diarioimagen.net\/index.php?rest_route=%2Fwp%2Fv2%2Ftags&post=562970"}],"curies":[{"name":"wp","href":"https:\/\/api.w.org\/{rel}","templated":true}]}}