{"id":562972,"date":"2022-10-18T00:01:17","date_gmt":"2022-10-18T05:01:17","guid":{"rendered":"https:\/\/www.diarioimagen.net\/?p=562972"},"modified":"2022-10-19T00:26:40","modified_gmt":"2022-10-19T05:26:40","slug":"existe-riesgo-de-que-el-tren-maya-no-llegue-a-chetumal-reconoce-amlo","status":"publish","type":"post","link":"https:\/\/www.diarioimagen.net\/?p=562972","title":{"rendered":"Existe riesgo de que el Tren Maya no llegue a Chetumal, reconoce AMLO"},"content":{"rendered":"<p>&nbsp;<\/p>\n<h3 style=\"text-align: center;\">Oposici\u00f3n de dirigentes de 5 ejidos en Tramo 7<\/h3>\n<p>&nbsp;<\/p>\n<ul>\n<li><strong><em>Condicionan su paso a cambio de una indemnizaci\u00f3n que se debe de los a\u00f1os 60<\/em><\/strong><\/li>\n<\/ul>\n<p>&nbsp;<\/p>\n<div id=\"attachment_562997\" style=\"width: 470px\" class=\"wp-caption aligncenter\"><img loading=\"lazy\" decoding=\"async\" aria-describedby=\"caption-attachment-562997\" class=\"size-full wp-image-562997\" src=\"https:\/\/www.diarioimagen.net\/wp-content\/uploads\/2022\/10\/amlo-5.jpg\" alt=\"\" width=\"460\" height=\"270\" \/><p id=\"caption-attachment-562997\" class=\"wp-caption-text\">El presidente Andr\u00e9s Manuel L\u00f3pez Obrador reconoci\u00f3 que por la oposici\u00f3n de dirigentes de 5 ejidos, el Tren Maya podr\u00eda no llegar hasta Chetumal, desde Xpujil.<\/p><\/div>\n<p>&nbsp;<\/p>\n<p>Por la oposici\u00f3n de dirigentes de cinco ejidos en Chetumal, Quintana Roo, hay riesgo de que el tramo del Tren Maya que se pretende construir a partir de Xpujil no pueda concretarse, reconoci\u00f3 el presidente Andr\u00e9s Manuel L\u00f3pez Obrador, en su ma\u00f1anera.<\/p>\n<p>El primer mandatario deline\u00f3 que en caso de oposici\u00f3n en el trazo, que corresponde al Tramo 7 que construir\u00e1 el Ej\u00e9rcito mexicano, se har\u00e1 v\u00e1lido el derecho de v\u00eda y la conciliaci\u00f3n, mediante asambleas, con los campesinos.<\/p>\n<p>El Tramo 7 de Xpujil a Esc\u00e1rcega tiene actualmente una amplitud de 40 metros, donde tambi\u00e9n converge la carretera a Chetumal. Al respecto, el tabasque\u00f1o afirm\u00f3 que ocupar\u00e1n este tramo para acomodar el Tren Maya, con una sola v\u00eda, pero reconoci\u00f3 que hace falta m\u00e1s terreno.<\/p>\n<p>\u201cSe requiere m\u00e1s terreno, pero ac\u00e1 es una sola v\u00eda y s\u00ed podemos acomodar el tren en los 40 metros, la carretera, el tren y si a\u00fan as\u00ed hay bloqueos y no nos dejan, de queda el tren hasta Xpujil y no hay tren de Xpujil a Chetumal.<\/p>\n<p>\u201cNada m\u00e1s que se va saber qui\u00e9nes fueron los responsables de detener esta obra, as\u00ed de claro. Entonces sali\u00f3 el tema de afectaciones de hace mucho tiempo, todo esto lo tenemos que ir enfrentando y tambi\u00e9n decir que a m\u00ed me va tocar resolver bastante, pero no voy a alcanzar a reparar todo el da\u00f1o que ocasion\u00f3 el neoliberalismo\u201d, coment\u00f3.<\/p>\n<p>El jefe del Ejecutivo federal dijo que los 5 ejidos han condicionado al gobierno permitir el paso del tren a cambio de un pago de indemnizaci\u00f3n por la construcci\u00f3n de la carretera a Esc\u00e1rcega a Chetumal a finales de los a\u00f1os 60.<\/p>\n<p>\u201cEst\u00e1n condicionando a que la Secretar\u00eda de Comunicaciones y Transportes que les pague una indemnizaci\u00f3n de cuando se construy\u00f3 la carretera de Esc\u00e1rcega, eso fue a finales de los 60, principios de los 70 del siglo pasado, es una demanda de hace medio siglo, habr\u00eda qu\u00e9 ver si ya estaban constituidos estos ejidos\u201d, se\u00f1al\u00f3.<\/p>\n<p>\u201cPero los dirigentes dicen: \u2018aqu\u00ed no pasan si no nos pagan la indemnizaci\u00f3n de cuando se hizo la carretera de Esc\u00e1rcega a Chetumal\u2019. \u00a1Ah! Con abogados, desde luego, con todo respeto ya les mand\u00e9 decir all\u00e1 que de qu\u00e9 quer\u00edan su nieve, aqu\u00ed es querer hacer su agosto\u201d, acus\u00f3.<\/p>\n<p style=\"text-align: center;\"><strong>AMLO insiste en que el AIFA es el mejor aeropuerto de AL<\/strong><\/p>\n<p>Pese a la poca afluencia de pasajeros, el presidente Andr\u00e9s Manuel L\u00f3pez Obrador volvi\u00f3 a insistir que el Aeropuerto Internacional Felipe \u00c1ngeles (AIFA) es el mejor de Am\u00e9rica Latina.<\/p>\n<p>Al referirse a la oposici\u00f3n que enfrenta el Tren Maya y la necesidad de que \u00e9ste sea inaugurado en su totalidad en diciembre de 2023, el mandatario federal expuso que este rechazo ya se ha vivido con el AIFA que poco a poco avanza en su utilidad y servicios a\u00e9reos.<\/p>\n<p>\u201cSe termin\u00f3 el 21 de marzo, pues ah\u00ed va poco a poco, a ver si consigues unas fotos del fin de semana de c\u00f3mo est\u00e1 ahora en la central avionera.<\/p>\n<p>\u201cEs el mejor aeropuerto de Am\u00e9rica latina, nada m\u00e1s que pas\u00f3 el tiempo, ya todo se va aclarando, eso s\u00ed, ya se quedan callados porque como no los caracteriza la honestidad, sino la hipocres\u00eda, ya no son capaces de decir me equivoqu\u00e9, ofrezco disculpas o no todo est\u00e1 mal, ya eso no, no\u201d, se\u00f1al\u00f3 el jefe del Ejecutivo federal.<\/p>\n<p>Aunque en los n\u00fameros, la afluencia de pasajeros a\u00fan es inferior si se compara con el Aeropuerto Internacional de la Ciudad de M\u00e9xico (AICM), el presidente Andr\u00e9s Manuel L\u00f3pez Obrador volvi\u00f3 a insistir que el Aeropuerto Internacional Felipe \u00c1ngeles (AIFA) es el mejor de Am\u00e9rica Latina.<\/p>\n<p>Al referirse a la oposici\u00f3n que enfrenta el Tren Maya y la necesidad de que \u00e9ste sea inaugurado en su totalidad en diciembre de 2023, el mandatario federal expuso que este rechazo ya se ha vivido con el AIFA que poco a poco avanza en su utilidad y servicios a\u00e9reos.<\/p>\n<p>\u201cSe termin\u00f3 el 21 de marzo, pues ah\u00ed va poco a poco, a ver si consigues unas fotos del fin de semana de c\u00f3mo est\u00e1 ahora en la central avionera.<\/p>\n<p>\u201cEs el mejor aeropuerto de Am\u00e9rica latina, nada m\u00e1s que pas\u00f3 el tiempo, ya todo se va aclarando, eso s\u00ed, ya se quedan callados porque como no los caracteriza la honestidad, sino la hipocres\u00eda, ya no son capaces de decir me equivoqu\u00e9, ofrezco disculpas o no todo est\u00e1 mal, ya eso no, no\u201d, se\u00f1al\u00f3 el jefe del Ejecutivo federal.<\/p>\n<p style=\"text-align: center;\"><strong>AMLO resalta atenci\u00f3n prioritaria en Badiraguato, tierra de \u201cEl Chapo\u201d<\/strong><\/p>\n<p>En otro tema, el presidente Andr\u00e9s Manuel L\u00f3pez Obrador inform\u00f3 que en Badiraguato, Sinaloa, la tierra de Joaqu\u00edn \u201cEl Chapo\u201d Guzm\u00e1n, el gobierno federal ha dado atenci\u00f3n prioritaria.<\/p>\n<p>El mandatario reconoci\u00f3 que se trata de una comunidad con grandes necesidades, que qued\u00f3 en el olvido por ser el lugar de nacimiento de \u201cun famoso narcotraficante\u201d.<\/p>\n<p>Destac\u00f3 que este mismo a\u00f1o quedar\u00e1 terminado el camino de Badiraguato a Guadalupe y Calvo, Chihuahua.<\/p>\n<p>\u201cEs atravesar la sierra, y estamos concluyendo tambi\u00e9n otro camino que va de Tamazula a Canelas\u201d, puntualiz\u00f3.<\/p>\n<p>L\u00f3pez Obrador insisti\u00f3 en que en Badiraguato \u201cse est\u00e1 atendiendo a la gente\u201d.<\/p>\n","protected":false},"excerpt":{"rendered":"<p>Por la oposici\u00f3n de dirigentes de cinco ejidos en Chetumal, Quintana Roo, hay riesgo de que el tramo del Tren Maya que se pretende construir a partir de Xpujil no pueda concretarse, reconoci\u00f3 el presidente Andr\u00e9s Manuel L\u00f3pez Obrador, en su ma\u00f1anera.<\/p>\n","protected":false},"author":3,"featured_media":562997,"comment_status":"open","ping_status":"open","sticky":false,"template":"","format":"standard","meta":{"_monsterinsights_skip_tracking":false,"_monsterinsights_sitenote_active":false,"_monsterinsights_sitenote_note":"","_monsterinsights_sitenote_category":0,"footnotes":""},"categories":[3],"tags":[2545,48108,76415],"class_list":["post-562972","post","type-post","status-publish","format-standard","has-post-thumbnail","hentry","category-nacional","tag-amlo","tag-reconoce","tag-tren-maya"],"_links":{"self":[{"href":"https:\/\/www.diarioimagen.net\/index.php?rest_route=\/wp\/v2\/posts\/562972","targetHints":{"allow":["GET"]}}],"collection":[{"href":"https:\/\/www.diarioimagen.net\/index.php?rest_route=\/wp\/v2\/posts"}],"about":[{"href":"https:\/\/www.diarioimagen.net\/index.php?rest_route=\/wp\/v2\/types\/post"}],"author":[{"embeddable":true,"href":"https:\/\/www.diarioimagen.net\/index.php?rest_route=\/wp\/v2\/users\/3"}],"replies":[{"embeddable":true,"href":"https:\/\/www.diarioimagen.net\/index.php?rest_route=%2Fwp%2Fv2%2Fcomments&post=562972"}],"version-history":[{"count":0,"href":"https:\/\/www.diarioimagen.net\/index.php?rest_route=\/wp\/v2\/posts\/562972\/revisions"}],"wp:featuredmedia":[{"embeddable":true,"href":"https:\/\/www.diarioimagen.net\/index.php?rest_route=\/wp\/v2\/media\/562997"}],"wp:attachment":[{"href":"https:\/\/www.diarioimagen.net\/index.php?rest_route=%2Fwp%2Fv2%2Fmedia&parent=562972"}],"wp:term":[{"taxonomy":"category","embeddable":true,"href":"https:\/\/www.diarioimagen.net\/index.php?rest_route=%2Fwp%2Fv2%2Fcategories&post=562972"},{"taxonomy":"post_tag","embeddable":true,"href":"https:\/\/www.diarioimagen.net\/index.php?rest_route=%2Fwp%2Fv2%2Ftags&post=562972"}],"curies":[{"name":"wp","href":"https:\/\/api.w.org\/{rel}","templated":true}]}}