{"id":562985,"date":"2022-10-18T00:02:14","date_gmt":"2022-10-18T05:02:14","guid":{"rendered":"https:\/\/www.diarioimagen.net\/?p=562985"},"modified":"2022-10-18T03:00:40","modified_gmt":"2022-10-18T08:00:40","slug":"exigen-habitantes-que-proteccion-civil-investigue-plantas-gaseras-en-tlalnepantla","status":"publish","type":"post","link":"https:\/\/www.diarioimagen.net\/?p=562985","title":{"rendered":"Exigen habitantes que Protecci\u00f3n Civil investigue plantas gaseras en Tlalnepantla\u00a0"},"content":{"rendered":"<p>&nbsp;<\/p>\n<ul>\n<li><em><strong>Explosiones en coladeras en San Juan Ixhuatepec<\/strong><\/em><\/li>\n<\/ul>\n<p><strong>\u00a0<\/strong><\/p>\n<h6>Arturo Baena<\/h6>\n<p>&nbsp;<\/p>\n<div id=\"attachment_563036\" style=\"width: 470px\" class=\"wp-caption aligncenter\"><img loading=\"lazy\" decoding=\"async\" aria-describedby=\"caption-attachment-563036\" class=\"size-full wp-image-563036\" src=\"https:\/\/www.diarioimagen.net\/wp-content\/uploads\/2022\/10\/exigen-habitantes.jpg\" alt=\"\" width=\"460\" height=\"270\" \/><p id=\"caption-attachment-563036\" class=\"wp-caption-text\">Vecinos de San Juan Ixhuatepec se sumaron a la exigencia de diputados que pidieron la intervenci\u00f3n de Protecci\u00f3n Civil para investigar explosiones por gas en coladeras.<\/p><\/div>\n<p>&nbsp;<\/p>\n<p><strong>Tlalnepantla, Estado de M\u00e9xico.\u2014<\/strong> Habitantes y vecinos de San Juan Ixhuatepec se sumaron a la exigencia de diputados que pidieron la intervenci\u00f3n urgente de Protecci\u00f3n Civil del Estado de M\u00e9xico, para que indague las explosiones en coladeras registradas en los \u00faltimos d\u00edas en la colonia San Juan Ixhuatepec.<\/p>\n<p>Vecinos de San Juan Ixhuatepec en voz de Judith Olivares, en esta municipalidad, reportaron la explosi\u00f3n de unas coladeras en la calle Emiliano Zapata, donde a principios de septiembre ocurri\u00f3 un incendio en una empresa de qu\u00edmicos sin raz\u00f3n social, la cual pudo haber vertido sustancias peligrosas en el drenaje.<\/p>\n<p>Pasado el incidente que, por fortuna no dej\u00f3 lesionados, personal del Organismo de Agua Potable de Tlalnepantla (OPDM) inici\u00f3 la limpieza en la red de drenaje para prevenir m\u00e1s explosiones que pongan en riesgo a la poblaci\u00f3n.<\/p>\n<p>Ante esta situaci\u00f3n, los diputados Faustino de la Cruz y Camilo Murillo lamentaron que Protecci\u00f3n civil y que el OPDM no hayan atendido los reportes de olor a solventes, hasta que estall\u00f3 una coladera.<\/p>\n<p>Por ello, los legisladores de Morena pidieron la urgente intervenci\u00f3n de la Coordinaci\u00f3n de Protecci\u00f3n Civil estatal para que determine los riesgos, tras las explosiones registradas, y prevenga incidentes mayores en esta zona donde prevalecen empresas gaseras y de qu\u00edmicos. En San Juan Ixhuatepec se encuentran seis gaseras, las cuales cuentan con tanques de almacenamiento con capacidad de hasta 250 mil litros de gas LP, lo que pone en condici\u00f3n de vulnerabilidad a 10 mil 200 habitantes.<\/p>\n","protected":false},"excerpt":{"rendered":"<p>Habitantes y vecinos de San Juan Ixhuatepec se sumaron a la exigencia de diputados que pidieron la intervenci\u00f3n urgente de Protecci\u00f3n Civil del Estado de M\u00e9xico, para que indague las explosiones en coladeras registradas en los \u00faltimos d\u00edas en la colonia San Juan Ixhuatepec.<\/p>\n","protected":false},"author":3,"featured_media":563036,"comment_status":"open","ping_status":"open","sticky":false,"template":"","format":"standard","meta":{"_monsterinsights_skip_tracking":false,"_monsterinsights_sitenote_active":false,"_monsterinsights_sitenote_note":"","_monsterinsights_sitenote_category":0,"footnotes":""},"categories":[5],"tags":[43675,85423,57,169],"class_list":["post-562985","post","type-post","status-publish","format-standard","has-post-thumbnail","hentry","category-estado-de-mexico","tag-estado-de-mexico","tag-gaseras","tag-proteccion-civil","tag-tlalnepantla"],"_links":{"self":[{"href":"https:\/\/www.diarioimagen.net\/index.php?rest_route=\/wp\/v2\/posts\/562985","targetHints":{"allow":["GET"]}}],"collection":[{"href":"https:\/\/www.diarioimagen.net\/index.php?rest_route=\/wp\/v2\/posts"}],"about":[{"href":"https:\/\/www.diarioimagen.net\/index.php?rest_route=\/wp\/v2\/types\/post"}],"author":[{"embeddable":true,"href":"https:\/\/www.diarioimagen.net\/index.php?rest_route=\/wp\/v2\/users\/3"}],"replies":[{"embeddable":true,"href":"https:\/\/www.diarioimagen.net\/index.php?rest_route=%2Fwp%2Fv2%2Fcomments&post=562985"}],"version-history":[{"count":0,"href":"https:\/\/www.diarioimagen.net\/index.php?rest_route=\/wp\/v2\/posts\/562985\/revisions"}],"wp:featuredmedia":[{"embeddable":true,"href":"https:\/\/www.diarioimagen.net\/index.php?rest_route=\/wp\/v2\/media\/563036"}],"wp:attachment":[{"href":"https:\/\/www.diarioimagen.net\/index.php?rest_route=%2Fwp%2Fv2%2Fmedia&parent=562985"}],"wp:term":[{"taxonomy":"category","embeddable":true,"href":"https:\/\/www.diarioimagen.net\/index.php?rest_route=%2Fwp%2Fv2%2Fcategories&post=562985"},{"taxonomy":"post_tag","embeddable":true,"href":"https:\/\/www.diarioimagen.net\/index.php?rest_route=%2Fwp%2Fv2%2Ftags&post=562985"}],"curies":[{"name":"wp","href":"https:\/\/api.w.org\/{rel}","templated":true}]}}