{"id":563091,"date":"2022-10-18T00:12:36","date_gmt":"2022-10-18T05:12:36","guid":{"rendered":"https:\/\/www.diarioimagen.net\/?p=563091"},"modified":"2022-10-18T03:39:38","modified_gmt":"2022-10-18T08:39:38","slug":"los-poderes-ejecutivo-y-militar-abusivos-ante-un-congreso-inocuo","status":"publish","type":"post","link":"https:\/\/www.diarioimagen.net\/?p=563091","title":{"rendered":"Los poderes Ejecutivo y militar, abusivos ante un Congreso inocuo"},"content":{"rendered":"<h2>Tras la puerta del poder<\/h2>\n<h5>Roberto Vizca\u00edno<\/h5>\n<p>&nbsp;<\/p>\n<p>En un contexto donde los propios datos del gobierno advierten que vivimos una administraci\u00f3n que acumula ya 140 mil ejecutados, cerca de 80 mil desaparecidos y 18 mil feminicidios las C\u00e1maras de Diputados y de Senadores no pueden pedirles cuentas a las autoridades de Seguridad P\u00fablica, ni modificar programas en ese ramo, por m\u00e1s que la Constituci\u00f3n dice que es su obligaci\u00f3n y responsabilidad hacerlo.<\/p>\n<p>Sin facultades para sancionar, diputados y senadores fueron ayer burlados por el secretario de Gobernaci\u00f3n, <strong>Ad\u00e1n Augusto L\u00f3pez,<\/strong> quien eludi\u00f3 responder sobre las masacres ocurridas d\u00edas antes.<\/p>\n<p>\u00bfQu\u00e9 piensa cuando le hablan de los ba\u00f1os de sangre?, le interrogaron.<\/p>\n<p>\u201cPues (en) Guanajuato, Jalisco, Michoac\u00e1n, que est\u00e1n muy convertidos en para\u00edso de la incidencia delictiva y nuestro compromiso es que esto no siga sucediendo y ayudar a los gobiernos de esos estados\u201d, respondi\u00f3.<\/p>\n<p>D\u00edas antes, el mismo secretario se hab\u00eda quejado de que gobernadores de la oposici\u00f3n piden la intervenci\u00f3n de las fuerzas armadas pero no apoyan, en particular del PAN y de MC, para extender su presencia en tareas de seguridad.<\/p>\n<p>Record\u00f3 que <strong>Enrique Alfaro<\/strong>, gobernador de Jalisco, se neg\u00f3 a intervenir ante sus senadores para aprobar la reforma constitucional que garantizaba que Ej\u00e9rcito y marinos puedan extender su actuaci\u00f3n hasta 2028.<\/p>\n<p>\u201cDesde luego que hay mucho de responsabilidad de los gobernadores, de los gobiernos estatales y municipales y es un exhorto para que act\u00faen conforme a la ley, que respetemos todos a la Constituci\u00f3n\u201d, dijo.<\/p>\n<p>El titular de Gobernaci\u00f3n afirm\u00f3 de igual manera que el general <strong>Luis Cresencio Sandoval<\/strong>, secretario de la Defensa, no tiene que rendir cuentas ante las Comisiones respectivas de Diputados y del Senado <strong><em>porque no son una instancia facultada para ello.<\/em><\/strong><\/p>\n<p>Eso lo dijo <strong>Ad\u00e1n Augusto L\u00f3pez<\/strong>, despu\u00e9s de que el secretario de la Defensa se neg\u00f3 a asistir ante diputados para hablar sobre el <em>hackeo<\/em> a esa instituci\u00f3n.<\/p>\n<p>\u201cNo es exactamente cierto que el Secretario de la Defensa no haya querido rendir cuentas. Primero, la Comisi\u00f3n de Defensa de la C\u00e1mara de Diputados no es el organismo ante el que tiene que rendir cuentas un funcionario, en este caso, el secretario de la Defensa\u201d, explic\u00f3.<\/p>\n<p>El presidente de la Comisi\u00f3n de Defensa, el panista <strong>Ricardo Villarreal,<\/strong> y el titular de la Defensa hab\u00edan acordado encontrarse en las instalaciones de Sedena.<\/p>\n<p>Pero luego el diputado de Movimiento Ciudadano, <strong>Sergio Barrera Sep\u00falveda<\/strong>, envi\u00f3 otra carta al general en la que afirma que \u00e9l de ninguna forma acudir\u00eda a la Sedena.<\/p>\n<p>\u201cHay una carta del secretario de la Comisi\u00f3n, que es un diputado de Movimiento Ciudadano donde, en t\u00e9rminos por dem\u00e1s irrespetuosos, se dirige al secretario de Defensa dici\u00e9ndole que bajo ning\u00fan motivo acepta ir a las instalaciones de la Secretar\u00eda de la Defensa.<\/p>\n<p>\u201cAnte este desaguisado, el secretario de la Defensa informa al presidente de la Comisi\u00f3n que no se va a llevar a cabo esa reuni\u00f3n de trabajo, pero no era un citatorio para que compareciera a rendir cuentas\u201d.<\/p>\n<p>O sea, todo un enredo\u2026<\/p>\n<p style=\"text-align: center;\"><strong>50\/50 de senadoras y senadores<\/strong><\/p>\n<p>El senador <strong>Ricardo Monreal<\/strong>, presidente de la Junta de Coordinaci\u00f3n Pol\u00edtica se comprometi\u00f3 ayer a impulsar mayores acciones para avanzar en la legislaci\u00f3n en materia de g\u00e9nero.<\/p>\n<p>Durante un encuentro con el \u201cColectivo 50+1\u201d, el zacatecano dijo que promover\u00e1 la creaci\u00f3n de un observatorio ciudadano que d\u00e9 seguimiento a los avances legislativos en materia de equidad y contra la violencia de g\u00e9nero.<\/p>\n<p>Record\u00f3 que las dos c\u00e1maras del Congreso han aprobado reformas en materia de paridad, como una estrategia conveniente para garantizar la presencia de las mujeres en \u00f3rganos de decisi\u00f3n en la vida pol\u00edtica, econ\u00f3mica y social del pa\u00eds.<\/p>\n<p>No obstante, dijo que el observatorio contribuir\u00eda para avanzar en distintas leyes que est\u00e1n pendientes de dictaminar en beneficio de la paridad y contra la violencia de g\u00e9nero.<\/p>\n<p><em><a href=\"mailto:rvizcainoa@gmail.com\" target=\"_blank\" rel=\"noopener noreferrer\">vizcainoa@gmail.com<\/a><a href=\"mailto:rvizcainoa@gmail.com\" target=\"_blank\" rel=\"noopener noreferrer\"><br \/>\n<\/a><a href=\"http:\/\/endirecto.mx\" target=\"_blank\" rel=\"noopener noreferrer\">www.endirecto.mx<\/a><a href=\"mailto:rvizcainoa@gmail.com\" target=\"_blank\" rel=\"noopener noreferrer\"><br \/>\n<\/a><a href=\"https:\/\/twitter.com\/_rvizcaino\" target=\"_blank\" rel=\"noopener noreferrer\">@_RVizcaino<\/a><a href=\"mailto:rvizcainoa@gmail.com\" target=\"_blank\" rel=\"noopener noreferrer\"><br \/>\n<\/a><a href=\"https:\/\/www.facebook.com\/rvizcainoa\" target=\"_blank\" rel=\"noopener noreferrer\">facebook.com\/rvizcainoa<\/a><\/em><\/p>\n","protected":false},"excerpt":{"rendered":"<p><span style=\"color: #005497;\"><strong>Roberto Vizca\u00edno<\/strong><\/span><\/p>\n","protected":false},"author":3,"featured_media":0,"comment_status":"open","ping_status":"open","sticky":false,"template":"","format":"standard","meta":{"_monsterinsights_skip_tracking":false,"_monsterinsights_sitenote_active":false,"_monsterinsights_sitenote_note":"","_monsterinsights_sitenote_category":0,"footnotes":""},"categories":[136],"tags":[43674,93,94],"class_list":["post-563091","post","type-post","status-publish","format-standard","hentry","category-roberto-vizcaino-opinion","tag-opinion","tag-roberto-vizcaino","tag-tras-la-puerta-del-poder"],"_links":{"self":[{"href":"https:\/\/www.diarioimagen.net\/index.php?rest_route=\/wp\/v2\/posts\/563091","targetHints":{"allow":["GET"]}}],"collection":[{"href":"https:\/\/www.diarioimagen.net\/index.php?rest_route=\/wp\/v2\/posts"}],"about":[{"href":"https:\/\/www.diarioimagen.net\/index.php?rest_route=\/wp\/v2\/types\/post"}],"author":[{"embeddable":true,"href":"https:\/\/www.diarioimagen.net\/index.php?rest_route=\/wp\/v2\/users\/3"}],"replies":[{"embeddable":true,"href":"https:\/\/www.diarioimagen.net\/index.php?rest_route=%2Fwp%2Fv2%2Fcomments&post=563091"}],"version-history":[{"count":0,"href":"https:\/\/www.diarioimagen.net\/index.php?rest_route=\/wp\/v2\/posts\/563091\/revisions"}],"wp:attachment":[{"href":"https:\/\/www.diarioimagen.net\/index.php?rest_route=%2Fwp%2Fv2%2Fmedia&parent=563091"}],"wp:term":[{"taxonomy":"category","embeddable":true,"href":"https:\/\/www.diarioimagen.net\/index.php?rest_route=%2Fwp%2Fv2%2Fcategories&post=563091"},{"taxonomy":"post_tag","embeddable":true,"href":"https:\/\/www.diarioimagen.net\/index.php?rest_route=%2Fwp%2Fv2%2Ftags&post=563091"}],"curies":[{"name":"wp","href":"https:\/\/api.w.org\/{rel}","templated":true}]}}