{"id":563128,"date":"2022-10-19T00:01:23","date_gmt":"2022-10-19T05:01:23","guid":{"rendered":"https:\/\/www.diarioimagen.net\/?p=563128"},"modified":"2022-10-19T02:14:41","modified_gmt":"2022-10-19T07:14:41","slug":"piden-maestros-del-estado-de-mexico-atender-de-manera-urgente-rezago-en-sector-educativo","status":"publish","type":"post","link":"https:\/\/www.diarioimagen.net\/?p=563128","title":{"rendered":"Piden maestros del Estado de M\u00e9xico atender de manera urgente rezago en sector educativo"},"content":{"rendered":"<p>&nbsp;<\/p>\n<ul>\n<li><em><strong>Siguen \u201caviadores\u201d y venta de plazas<\/strong><\/em><\/li>\n<\/ul>\n<p><strong>\u00a0<\/strong><\/p>\n<h6>Arturo Baena<\/h6>\n<p>&nbsp;<\/p>\n<div id=\"attachment_563175\" style=\"width: 470px\" class=\"wp-caption aligncenter\"><img loading=\"lazy\" decoding=\"async\" aria-describedby=\"caption-attachment-563175\" class=\"wp-image-563175 size-full\" src=\"https:\/\/www.diarioimagen.net\/wp-content\/uploads\/2022\/10\/piden-maestros.jpg\" alt=\"\" width=\"460\" height=\"270\" \/><p id=\"caption-attachment-563175\" class=\"wp-caption-text\">Diputados y maestros exigen al secretario de Educaci\u00f3n, Gerardo Monroy, atender el rezago de infraestructura y operatividad en planteles educativos.<\/p><\/div>\n<p>&nbsp;<\/p>\n<p><strong>Valle de M\u00e9xico.\u2014<\/strong> Luego de que diputados de Morena aseguraron que existe un rezago educativo en la entidad, profesores del Estado de M\u00e9xico afirmaron que \u201ces necesario y urgente atender las demandas de los docentes en el Estado de M\u00e9xico, pues se siguen vendiendo plazas y lo que es peor, hay muchos maestros que s\u00f3lo pasan a cobrar\u00a0 sin impartir clases\u201d.<\/p>\n<p>Los docentes, sobre todo del Valle de M\u00e9xico, aplaudieron lo manifestado por los\u00a0 diputados del grupo parlamentario de ese instituto pol\u00edtico, quienes\u00a0 exigieron al secretario de Educaci\u00f3n P\u00fablica, Gerardo Monroy Serrano, atender el rezago de infraestructura y operatividad en planteles educativos, retomar las escuelas de tiempo completo y acciones concretas para erradicar la venta de plazas a docentes, pero sobre todo quitarle carga administrativa a los docentes para que dediquen toda su capacidad al proceso de ense\u00f1anza con las y los alumnos.<\/p>\n<p>El legislador Abraham Saron\u00e9 Campos, presidente de la Comisi\u00f3n de Educaci\u00f3n, Cultura, Ciencia y Tecnolog\u00eda en el Congreso local, precis\u00f3 que hay una emergencia en el sector educativo, a ra\u00edz de la pandemia generada por Covid-19 por lo que se requiere un plan eficaz, concreto e inmediato.O<\/p>\n<p>Ante esta emergencia educativa, precis\u00f3 el diputado Saron\u00e9 Campos, que \u201ces fundamental aprovechar al m\u00e1ximo el tiempo escolar de los alumnos y de los docentes, y para alcanzar ese prop\u00f3sito es necesario presentar una estrategia contundente que impacte en la reducci\u00f3n de la carga administrativa\u201d. Por otra parte, dijo que es \u201cnecesitamos respetar el tiempo de los docentes y privilegiar la atenci\u00f3n psicopedag\u00f3gica de las y los alumnos\u201d, precis\u00f3 al secretario.<\/p>\n<p>En ese sentido, la diputada Rosario Elizalde V\u00e1zquez reconoci\u00f3 el programa federal La Escuela es Nuestra, que destina recurso directamente a los padres de familia, sin intermediarios, para el mejoramiento de planteles, mientras en la entidad hay un grave rezago por parte de la autoridad estatal.<\/p>\n","protected":false},"excerpt":{"rendered":"<p>Luego de que diputados de Morena aseguraron que existe un rezago educativo en la entidad, profesores del Estado de M\u00e9xico afirmaron que \u201ces necesario y urgente atender las demandas de los docentes en el Estado de M\u00e9xico, pues se siguen vendiendo plazas y lo que es peor, hay muchos maestros que s\u00f3lo pasan a cobrar\u00a0 sin impartir clases\u201d.<\/p>\n","protected":false},"author":3,"featured_media":563175,"comment_status":"open","ping_status":"open","sticky":false,"template":"","format":"standard","meta":{"_monsterinsights_skip_tracking":false,"_monsterinsights_sitenote_active":false,"_monsterinsights_sitenote_note":"","_monsterinsights_sitenote_category":0,"footnotes":""},"categories":[5],"tags":[20663,31318,34],"class_list":["post-563128","post","type-post","status-publish","format-standard","has-post-thumbnail","hentry","category-estado-de-mexico","tag-morena","tag-rezago","tag-valle-de-mexico"],"_links":{"self":[{"href":"https:\/\/www.diarioimagen.net\/index.php?rest_route=\/wp\/v2\/posts\/563128","targetHints":{"allow":["GET"]}}],"collection":[{"href":"https:\/\/www.diarioimagen.net\/index.php?rest_route=\/wp\/v2\/posts"}],"about":[{"href":"https:\/\/www.diarioimagen.net\/index.php?rest_route=\/wp\/v2\/types\/post"}],"author":[{"embeddable":true,"href":"https:\/\/www.diarioimagen.net\/index.php?rest_route=\/wp\/v2\/users\/3"}],"replies":[{"embeddable":true,"href":"https:\/\/www.diarioimagen.net\/index.php?rest_route=%2Fwp%2Fv2%2Fcomments&post=563128"}],"version-history":[{"count":0,"href":"https:\/\/www.diarioimagen.net\/index.php?rest_route=\/wp\/v2\/posts\/563128\/revisions"}],"wp:featuredmedia":[{"embeddable":true,"href":"https:\/\/www.diarioimagen.net\/index.php?rest_route=\/wp\/v2\/media\/563175"}],"wp:attachment":[{"href":"https:\/\/www.diarioimagen.net\/index.php?rest_route=%2Fwp%2Fv2%2Fmedia&parent=563128"}],"wp:term":[{"taxonomy":"category","embeddable":true,"href":"https:\/\/www.diarioimagen.net\/index.php?rest_route=%2Fwp%2Fv2%2Fcategories&post=563128"},{"taxonomy":"post_tag","embeddable":true,"href":"https:\/\/www.diarioimagen.net\/index.php?rest_route=%2Fwp%2Fv2%2Ftags&post=563128"}],"curies":[{"name":"wp","href":"https:\/\/api.w.org\/{rel}","templated":true}]}}