{"id":563373,"date":"2022-10-21T00:06:44","date_gmt":"2022-10-21T05:06:44","guid":{"rendered":"https:\/\/www.diarioimagen.net\/?p=563373"},"modified":"2022-10-23T22:17:46","modified_gmt":"2022-10-24T03:17:46","slug":"uaemex-fue-reconocida-con-el-premio-cronica-2022-en-el-rubro-de-comunicacion-publica","status":"publish","type":"post","link":"https:\/\/www.diarioimagen.net\/?p=563373","title":{"rendered":"UAEM\u00e9x fue reconocida con el Premio Cr\u00f3nica 2022 en el rubro de Comunicaci\u00f3n P\u00fablica"},"content":{"rendered":"<p>&nbsp;<\/p>\n<ul>\n<li><strong><em>El rector de la Aut\u00f3noma mexiquense, Carlos Eduardo Barrera D\u00edaz, recibi\u00f3 este reconocimiento de manos del ex rector de la UNAM, Jos\u00e9 Narro Robles<\/em><\/strong><\/li>\n<\/ul>\n<p><strong>\u00a0<\/strong><\/p>\n<div id=\"attachment_563450\" style=\"width: 470px\" class=\"wp-caption aligncenter\"><img loading=\"lazy\" decoding=\"async\" aria-describedby=\"caption-attachment-563450\" class=\"size-full wp-image-563450\" src=\"https:\/\/www.diarioimagen.net\/wp-content\/uploads\/2022\/10\/uaem-premio.jpg\" alt=\"\" width=\"460\" height=\"270\" \/><p id=\"caption-attachment-563450\" class=\"wp-caption-text\">Tambi\u00e9n se reconoci\u00f3 a la vir\u00f3loga Susana L\u00f3pez Charret\u00f3n, en el rubro de Ciencia y Tecnolog\u00eda; al ling\u00fcista Luis Fernando Lara Ramos, en Cultura, y al soci\u00f3logo Carlos Mart\u00ednez Assad, en Academia.<\/p><\/div>\n<p>&nbsp;<\/p>\n<p><strong>Ciudad de M\u00e9xico.\u2014<\/strong> La Universidad Aut\u00f3noma del Estado de M\u00e9xico (UAEM\u00e9x) fue galardonada con el Premio Cr\u00f3nica 2022 en el rubro de Comunicaci\u00f3n P\u00fablica, por sus contribuciones a la ciencia, la academia, la cultura y la comunicaci\u00f3n p\u00fablica.<\/p>\n<p>En el Auditorio \u201cJaime Torres Bodet\u201d del Museo Nacional de Antropolog\u00eda e Historia, en la Ciudad de M\u00e9xico, donde el rector de la Aut\u00f3noma mexiquense, Carlos Eduardo Barrera D\u00edaz, recibi\u00f3 este reconocimiento de manos del ex rector de la UNAM, Jos\u00e9 Narro Robles, tambi\u00e9n se reconoci\u00f3 a la vir\u00f3loga Susana L\u00f3pez Charret\u00f3n, en el rubro de Ciencia y Tecnolog\u00eda; al ling\u00fcista Luis Fernando Lara Ramos, en Cultura, y al soci\u00f3logo Carlos Mart\u00ednez Assad, en Academia.<\/p>\n<p>Ante el vicepresidente del diario <em>La Cr\u00f3nica de Hoy<\/em>, Fernando Mar\u00f3n Kahwagi, y el director general del diario, Rafael Garc\u00eda Garza, Carlos Eduardo Barrera D\u00edaz refrend\u00f3 el compromiso de la Administraci\u00f3n 2021-2025, que encabeza, para conducirse con honestidad y transparencia, as\u00ed como mantener la disciplina financiera que le permita continuar consolidando a esta casa de estudios como una de las mejores instituciones de educaci\u00f3n superior del pa\u00eds, tal como la reconocen instancias nacionales e internacionales.<\/p>\n<p>Asimismo, agradeci\u00f3 al equipo de la Direcci\u00f3n General de Comunicaci\u00f3n Universitaria, encargado de planear, ejecutar y trasmitir los materiales audiovisuales mediante los cuales la M\u00e1xima Casa de Estudios mexiquense se acerca a su comunidad y a la sociedad en general.<\/p>\n<p>Adem\u00e1s, expres\u00f3 la convicci\u00f3n institucional en la libertad, condici\u00f3n indispensable para expresar la creatividad de la sociedad civil y el estado, de tal modo que las personas y las instituciones desarrollen sus capacidades y potencialidades.<\/p>\n<p>En su oportunidad, Jos\u00e9 Narro Robles destac\u00f3 que \u201cel lema de la UAEM\u00e9x, \u201cPatria, Ciencia y Trabajo\u201d, sintetiza parte de los principios y valores de esta extraordinaria casa de estudios\u201d.<\/p>\n<p>De igual manera, subray\u00f3 la historia casi bicentenaria de la Aut\u00f3noma mexiquense, que tiene entre sus egresados a personajes ilustres como Ignacio Manuel Altamirano, Andr\u00e9s Molina Enr\u00edquez, Jos\u00e9 Vasconcelos, Gustavo Baz y Adolfo L\u00f3pez Mateos.<\/p>\n<p>Tambi\u00e9n recalc\u00f3 la presencia de la instituci\u00f3n a nivel estatal, a trav\u00e9s de una veintena de centros universitarios y unidades acad\u00e9micas profesionales en todo el territorio del Estado de M\u00e9xico, de Amecameca a Zumpango, al igual que 21 facultades ubicadas en el municipio de Toluca, con una comunidad superior a los 100 mil estudiantes, acad\u00e9micos y trabajadores.<\/p>\n<p>A trav\u00e9s de un video, el presidente del Consejo de Administraci\u00f3n del diario La Cr\u00f3nica de Hoy, Jorge Kahwagi Gastine, reconoci\u00f3 a la UAEM\u00e9x, \u201cimportante instituci\u00f3n de car\u00e1cter p\u00fablico, por sus tareas de difusi\u00f3n y extensi\u00f3n, que van mucho m\u00e1s lejos de los campus y se entrelazan con la sociedad a la que sirven\u201d.<\/p>\n<p>Cabe destacar que con el Premio Cr\u00f3nica en el rubro de Comunicaci\u00f3n P\u00fablica han sido distinguidas instituciones como la Universidad Nacional Aut\u00f3noma de M\u00e9xico, la Universidad de Guadalajara, la Benem\u00e9rita Universidad Aut\u00f3noma de Puebla y el Instituto Tecnol\u00f3gico y de Estudios Superiores de Monterrey, as\u00ed como el Fondo de Cultura Econ\u00f3mica.<\/p>\n","protected":false},"excerpt":{"rendered":"<p>La Universidad Aut\u00f3noma del Estado de M\u00e9xico (UAEM\u00e9x) fue galardonada con el Premio Cr\u00f3nica 2022 en el rubro de Comunicaci\u00f3n P\u00fablica, por sus contribuciones a la ciencia, la academia, la cultura y la comunicaci\u00f3n p\u00fablica.<\/p>\n","protected":false},"author":3,"featured_media":563450,"comment_status":"open","ping_status":"open","sticky":false,"template":"","format":"standard","meta":{"_monsterinsights_skip_tracking":false,"_monsterinsights_sitenote_active":false,"_monsterinsights_sitenote_note":"","_monsterinsights_sitenote_category":0,"footnotes":""},"categories":[5],"tags":[96634,96633,67878,1490],"class_list":["post-563373","post","type-post","status-publish","format-standard","has-post-thumbnail","hentry","category-estado-de-mexico","tag-comunicacion-publica","tag-premio-cronica","tag-uaemex","tag-universidad-autonoma-del-estado-de-mexico"],"_links":{"self":[{"href":"https:\/\/www.diarioimagen.net\/index.php?rest_route=\/wp\/v2\/posts\/563373","targetHints":{"allow":["GET"]}}],"collection":[{"href":"https:\/\/www.diarioimagen.net\/index.php?rest_route=\/wp\/v2\/posts"}],"about":[{"href":"https:\/\/www.diarioimagen.net\/index.php?rest_route=\/wp\/v2\/types\/post"}],"author":[{"embeddable":true,"href":"https:\/\/www.diarioimagen.net\/index.php?rest_route=\/wp\/v2\/users\/3"}],"replies":[{"embeddable":true,"href":"https:\/\/www.diarioimagen.net\/index.php?rest_route=%2Fwp%2Fv2%2Fcomments&post=563373"}],"version-history":[{"count":0,"href":"https:\/\/www.diarioimagen.net\/index.php?rest_route=\/wp\/v2\/posts\/563373\/revisions"}],"wp:featuredmedia":[{"embeddable":true,"href":"https:\/\/www.diarioimagen.net\/index.php?rest_route=\/wp\/v2\/media\/563450"}],"wp:attachment":[{"href":"https:\/\/www.diarioimagen.net\/index.php?rest_route=%2Fwp%2Fv2%2Fmedia&parent=563373"}],"wp:term":[{"taxonomy":"category","embeddable":true,"href":"https:\/\/www.diarioimagen.net\/index.php?rest_route=%2Fwp%2Fv2%2Fcategories&post=563373"},{"taxonomy":"post_tag","embeddable":true,"href":"https:\/\/www.diarioimagen.net\/index.php?rest_route=%2Fwp%2Fv2%2Ftags&post=563373"}],"curies":[{"name":"wp","href":"https:\/\/api.w.org\/{rel}","templated":true}]}}