{"id":563375,"date":"2022-10-21T00:05:36","date_gmt":"2022-10-21T05:05:36","guid":{"rendered":"https:\/\/www.diarioimagen.net\/?p=563375"},"modified":"2022-10-23T22:18:01","modified_gmt":"2022-10-24T03:18:01","slug":"uaemex-fomenta-prevencion-del-cancer-de-mama","status":"publish","type":"post","link":"https:\/\/www.diarioimagen.net\/?p=563375","title":{"rendered":"UAEM\u00e9x fomenta prevenci\u00f3n del c\u00e1ncer de mama"},"content":{"rendered":"<div id=\"attachment_563446\" style=\"width: 470px\" class=\"wp-caption aligncenter\"><img loading=\"lazy\" decoding=\"async\" aria-describedby=\"caption-attachment-563446\" class=\"size-full wp-image-563446\" src=\"https:\/\/www.diarioimagen.net\/wp-content\/uploads\/2022\/10\/uaem-fomenta.jpg\" alt=\"\" width=\"460\" height=\"270\" \/><p id=\"caption-attachment-563446\" class=\"wp-caption-text\">La encargada del despacho de la Direcci\u00f3n de Salud Universitaria, Diana Karen Castro Estrada, se\u00f1al\u00f3 que este padecimiento es la neoplasia m\u00e1s frecuente en la poblaci\u00f3n mundial y es una de las principales causas que genera una mayor tasa de mortalidad en las mujeres; sin embargo, de cada 100 casos de esta patolog\u00eda, un caso es detectado en hombres.<\/p><\/div>\n<p>&nbsp;<\/p>\n<p>&nbsp;<\/p>\n<p><strong>Toluca, Estado de M\u00e9xico.\u2014 <\/strong>Como parte de los esfuerzos para difundir informaci\u00f3n que permita la prevenci\u00f3n y detecci\u00f3n temprana del c\u00e1ncer de mam\u00e1, la Universidad Aut\u00f3noma del Estado de M\u00e9xico (UAEM\u00e9x), a trav\u00e9s de la Direcci\u00f3n de Salud Universitaria, llev\u00f3 a cabo el Conversatorio \u201cPerspectivas Diversas en los Protagonistas en la Lucha Contra el C\u00e1ncer de Mama\u201d.<\/p>\n<p>En representaci\u00f3n del secretario de Rector\u00eda, Marco Aurelio Cienfuegos Terr\u00f3n, la encargada del despacho de la Direcci\u00f3n de Salud Universitaria, Diana Karen Castro Estrada, se\u00f1al\u00f3 que estos espacios de di\u00e1logo permiten fomentar la informaci\u00f3n para aprender, desmitificar y prevenir este padecimiento, ya que hoy en d\u00eda ya no es sin\u00f3nimo de muerte.<\/p>\n<p>En la Sala \u201cDr.Gustavo Baz Prada\u201d del Edificio de Rector\u00eda, la servidora universitaria refiri\u00f3 que el c\u00e1ncer de mama es la neoplasia m\u00e1s frecuente en la poblaci\u00f3n mundial y es una de las principales causas que genera una mayor tasa de mortalidad en las mujeres; sin embargo, de cada 100 casos de esta patolog\u00eda uno es detectado en hombres.<\/p>\n<p>Castro Estrada enfatiz\u00f3 que la lucha no solo debe enfocarse el 19 de octubre de cada a\u00f1o y debe ser cotidiana para todas y todos, ya que nadie est\u00e1 exento de padecer esta enfermedad.<\/p>\n<p>Durante el conversatorio, la doctora de la Cl\u00ednica Oncol\u00f3gica del Centro M\u00e9dico de Toluca, Arely Berenice Gonz\u00e1lez Vald\u00e9z, destac\u00f3 que al igual que los otros tipos de c\u00e1ncer, esta enfermedad se debe a una acumulaci\u00f3n de factores de riesgo y una alteraci\u00f3n en las c\u00e9lulas, que van cambiando su forma y componentes.<\/p>\n<p>Abund\u00f3 que los casos de personas que tienen factores hereditarios de c\u00e1ncer de mama s\u00f3lo representan 15 por ciento del total de la poblaci\u00f3n que lo padece. Es por ello que cuando se tienen estos antecedentes se debe realizar un estudio que determine si se cuenta con una mutaci\u00f3n de forma gen\u00e9tica, pues se estima que de poseer un factor hereditario se estima\u00a0que existe entre un 75 a\u00a085 por ciento de padecerlo.<\/p>\n<p>En este mismo sentido, la especialista en psicoterapia cognitiva conductual, Soraida Fierro Moreno, enfatiz\u00f3 que el acompa\u00f1amiento psicol\u00f3gico es necesario en los pacientes para hacer una reestructuraci\u00f3n emocional, que tienen que ver con la autoimagen, el amor propio y la resiliencia para seguir disfrutando del bienestar, aunque se cuente con una secuela a nivel f\u00edsico.<\/p>\n<p>Finalmente, Viridiana Ovando Becerril y Mart\u00edn Efra\u00edn Olvera Carbajal, sobrevivientes de esta enfermedad, coincidieron que un diagn\u00f3stico de c\u00e1ncer no significa una muerte segura, pero s\u00ed es necesario luchar y abrazar la enfermedad para seguir los tratamientos que te permitir\u00e1n conservar tu vida.<\/p>\n<p>Viridana Ovando destac\u00f3 que como pacientes oncol\u00f3gicos lo que quieren escuchar es \u201clucha\u201d, \u201csigue adelante\u201d, \u201cno te dejes vencer\u201d, porque se tiene que ganar la batalla, ya que\u00a0existen muchas razones para seguir adelante, adem\u00e1s de que no solo los pacientes viven la enfermedad, sino tambi\u00e9n los familiares y personas cercanas que forman parte una red de apoyo que sostiene a las personas que padecen c\u00e1ncer.<\/p>\n<p>Por su parte, Mart\u00edn Olvera invit\u00f3 a los hombres a romper con el estigma de que esta enfermedad es de mujeres, ya que nadie se encuentra exento de padecer c\u00e1ncer de mama; por ello, es necesario estar al pendiente de los s\u00edntomas que se presentan para recibir un tratamiento adecuado y evitar llegar a una etapa terminal.<\/p>\n","protected":false},"excerpt":{"rendered":"<p>Como parte de los esfuerzos para difundir informaci\u00f3n que permita la prevenci\u00f3n y detecci\u00f3n temprana del c\u00e1ncer de mam\u00e1, la Universidad Aut\u00f3noma del Estado de M\u00e9xico (UAEM\u00e9x), a trav\u00e9s de la Direcci\u00f3n de Salud Universitaria, llev\u00f3 a cabo el Conversatorio \u201cPerspectivas Diversas en los Protagonistas en la Lucha Contra el C\u00e1ncer de Mama\u201d.<\/p>\n","protected":false},"author":3,"featured_media":563446,"comment_status":"open","ping_status":"open","sticky":false,"template":"","format":"standard","meta":{"_monsterinsights_skip_tracking":false,"_monsterinsights_sitenote_active":false,"_monsterinsights_sitenote_note":"","_monsterinsights_sitenote_category":0,"footnotes":""},"categories":[5],"tags":[96635,2515,43675,83802,21732,452],"class_list":["post-563375","post","type-post","status-publish","format-standard","has-post-thumbnail","hentry","category-estado-de-mexico","tag-aemex","tag-cancer-de-mama","tag-estado-de-mexico","tag-fomenta","tag-prevencion","tag-toluca"],"_links":{"self":[{"href":"https:\/\/www.diarioimagen.net\/index.php?rest_route=\/wp\/v2\/posts\/563375","targetHints":{"allow":["GET"]}}],"collection":[{"href":"https:\/\/www.diarioimagen.net\/index.php?rest_route=\/wp\/v2\/posts"}],"about":[{"href":"https:\/\/www.diarioimagen.net\/index.php?rest_route=\/wp\/v2\/types\/post"}],"author":[{"embeddable":true,"href":"https:\/\/www.diarioimagen.net\/index.php?rest_route=\/wp\/v2\/users\/3"}],"replies":[{"embeddable":true,"href":"https:\/\/www.diarioimagen.net\/index.php?rest_route=%2Fwp%2Fv2%2Fcomments&post=563375"}],"version-history":[{"count":0,"href":"https:\/\/www.diarioimagen.net\/index.php?rest_route=\/wp\/v2\/posts\/563375\/revisions"}],"wp:featuredmedia":[{"embeddable":true,"href":"https:\/\/www.diarioimagen.net\/index.php?rest_route=\/wp\/v2\/media\/563446"}],"wp:attachment":[{"href":"https:\/\/www.diarioimagen.net\/index.php?rest_route=%2Fwp%2Fv2%2Fmedia&parent=563375"}],"wp:term":[{"taxonomy":"category","embeddable":true,"href":"https:\/\/www.diarioimagen.net\/index.php?rest_route=%2Fwp%2Fv2%2Fcategories&post=563375"},{"taxonomy":"post_tag","embeddable":true,"href":"https:\/\/www.diarioimagen.net\/index.php?rest_route=%2Fwp%2Fv2%2Ftags&post=563375"}],"curies":[{"name":"wp","href":"https:\/\/api.w.org\/{rel}","templated":true}]}}