{"id":563383,"date":"2022-10-21T00:01:52","date_gmt":"2022-10-21T05:01:52","guid":{"rendered":"https:\/\/www.diarioimagen.net\/?p=563383"},"modified":"2022-10-23T22:20:48","modified_gmt":"2022-10-24T03:20:48","slug":"la-gente-confia-en-la-marina-sedena-y-guardia-nacional-presume-lopez-obrador","status":"publish","type":"post","link":"https:\/\/www.diarioimagen.net\/?p=563383","title":{"rendered":"La gente conf\u00eda en la Marina, Sedena y Guardia Nacional, presume L\u00f3pez Obrador"},"content":{"rendered":"<p><strong>\u00a0<\/strong><\/p>\n<ul>\n<li><em><strong>Basado en datos del Inegi<\/strong><\/em><\/li>\n<\/ul>\n<p>&nbsp;<\/p>\n<p><img loading=\"lazy\" decoding=\"async\" class=\"aligncenter size-full wp-image-563460\" src=\"https:\/\/www.diarioimagen.net\/wp-content\/uploads\/2022\/10\/amlo-7.jpg\" alt=\"\" width=\"460\" height=\"270\" \/><\/p>\n<p>&nbsp;<\/p>\n<p>El presidente Andr\u00e9s Manuel L\u00f3pez Obrador aprovech\u00f3 su conferencia ma\u00f1anera de este jueves para demostrar que, de acuerdo con la reciente encuesta del Inegi, el 84.9% de la poblaci\u00f3n conf\u00eda en la Marina; el 82.3% en la Secretar\u00eda de la Defensa Nacional y el 71.9% en la Guardia Nacional, adscrita al Ej\u00e9rcito mexicano. \u201cSigan votando en contra\u201d de las fuerzas armadas, llam\u00f3 con sorna el presidente a los legisladores de oposici\u00f3n.<\/p>\n<p>\u201cQuiero presumir algo, quiero tirar aceite\u201d, reconoci\u00f3 L\u00f3pez Obrador antes de presumir tambi\u00e9n que seg\u00fan la misma encuesta del Inegi el 64.4% de la poblaci\u00f3n dijo sentirse insegura que, aunque la cifra sigue siendo elevada, es la m\u00e1s baja registrada desde 2013.<\/p>\n<p>\u201cEs percepci\u00f3n, pero ayuda mucho a entender que la gente s\u00ed est\u00e1 sintiendo que estamos haciendo un esfuerzo para garantizarles la paz y la tranquilidad\u201d, dijo.<\/p>\n<p>\u201cEstamos trabajando para eso todos los d\u00edas, con profesionalismo, de manera coordinada. A veces por eso no considero justo que de manera grosera traten a servidores p\u00fablicos del gabinete de seguridad, no lo considero justo y menos cuando est\u00e1 de por medio solo la politiquer\u00eda\u201d, acus\u00f3 el mandatario en su tradicional comparecencia diaria.<\/p>\n<p>Como fue el tono de casi toda su conferencia, el presidente lanz\u00f3 cr\u00edticas en contra de los bloques de oposici\u00f3n, a quienes llama \u201cnuestros adversarios los conservadores\u201d. Ahora, dijo en tono ir\u00f3nico, critican a las fuerzas armadas cuando \u201cellos fueron los que militarizaron el pa\u00eds. Ellos eran los que permit\u00edan la tortura, las masacres, los que daban la orden del \u2018m\u00e1talos en caliente\u2019\u201d.<\/p>\n<p>\u201cAhora, como buenos hip\u00f3critas conservadores, se convierten en los paladines, en los defensores de los derechos humanos. No somos iguales, tienen muy malos sentimientos, malas entra\u00f1as, son malos de \u2018malolandia\u2019\u201d, lanz\u00f3 el mandatario en su intervenci\u00f3n de este jueves, en la que tambi\u00e9n habl\u00f3 de reducci\u00f3n en delitos como el huachicoleo.<\/p>\n<p>Datos presentados durante su conferencia indican que en diciembre de 2018 se robaban 72,000 barriles diarios de combustible, cifra que baj\u00f3 a 5,200 barriles diarios en septiembre de este a\u00f1o. Esto ha representado un ahorro de 231,000 millones de pesos.<\/p>\n<p>\u201cNos ayud\u00f3 el pueblo, hubo bloqueos, nos destruyeron ductos, tuvimos que recurrir a la compra de m\u00e1s de 600 pipas para transportar gasolina porque no lo pod\u00edamos hacer por los ductos. La gente nos ayud\u00f3 porque aguant\u00f3, porque la mafia que dominaba esto pensaba que no \u00edbamos a resistir por el desabasto de gasolina y resistimos\u201d, enfatiz\u00f3.<\/p>\n<p>El Presidente refiri\u00f3 que este proceso de combate a la corrupci\u00f3n ha enfadado a sus opositores. \u201cEst\u00e1n con mucho coraje y se obnubilan y han desatado campa\u00f1as de desprestigio, guerras sucias, cuando no es el plan del se\u00f1or X, es el plan chachalaca, o el plan Guacamaya, o el plan zopilote, o el <em>Pejeleak<\/em> y no les ha funcionado nada\u201d.<\/p>\n<p>No obstante, reconoci\u00f3 que todav\u00eda hay pendientes, pero se dijo contento porque visualiza que en 2024 la Presidencia se mantendr\u00e1 en Morena.<\/p>\n<p style=\"text-align: center;\"><strong>Afirma el Presidente que no van a regresar los corruptos a la Presidencia<\/strong><\/p>\n<p>El presidente L\u00f3pez Obrador asegur\u00f3 que en 2024, cuando entregue la estafeta al nuevo gobierno, no van a regresar los corruptos porque hay relevo a la vista y eso es una garant\u00eda que seguir\u00e1 adelante la transformaci\u00f3n del pa\u00eds<\/p>\n<p>\u201cEstoy seguro que al entregar la estafeta a quienes van a continuar, estoy seguro, eso me tiene muy contento, porque no va a haber marcha atr\u00e1s, lo que diga mi dedito, no, no van a regresar los corruptos, no les va a funcionar sus campa\u00f1as publicitarias y su guerra sucia\u201d.<\/p>\n<p>El titular del Ejecutivo asegur\u00f3 que est\u00e1 \u201cmuy contento\u201d por qu\u00e9 hay relevo a la vista y eso es una garant\u00eda que seguir\u00e1 adelante la transformaci\u00f3n del pa\u00eds.<\/p>\n<p>\u201cTodav\u00eda nos faltan 23 meses, pero vamos a hacer muchas cosas y estoy muy contento por qu\u00e9 hay relevo a la vista y eso es una garant\u00eda que vamos a seguir adelante, transformando al pa\u00eds\u201d.<\/p>\n<p>El presidente L\u00f3pez Obrador reiter\u00f3 en su conferencia ma\u00f1anera que al t\u00e9rmino de su sexenio entrega la Banda presidencial, se jubila y desaparece de la vida pol\u00edtica a finales de septiembre de 2024.<\/p>\n<p>\u201cNo vuelvo a opinar porque no quiero ser cacique, caudillo, l\u00edder moral, ya no voy a dar consejos y no hablar de pol\u00edtica ni siquiera con mis hijos, mi familia, nada, termino mi ciclo y van a venir otros\u201d.<\/p>\n<p style=\"text-align: center;\"><strong>AMLO acusa a Calder\u00f3n de engrosar burocracia<\/strong><\/p>\n<p>En otro tema, el primer mandatario acus\u00f3 a Felipe Calder\u00f3n Hinojosa de crear burocracia porque durante su sexenio se instituyeron entre 300 y 400 direcciones generales adjuntas en diversas dependencias.<\/p>\n<p>L\u00f3pez Obrador afirm\u00f3 que durante el periodo neoliberal se engros\u00f3 demasiado el aparato burocr\u00e1tico, al grado de que se \u201chizo otro gobierno\u201d con dependencias dobles, por lo que los apoyos no llegaban a la poblaci\u00f3n m\u00e1s desprotegida.<\/p>\n<p>\u201cCalder\u00f3n cre\u00f3 como 300, 400 direcciones generales adjuntas, entonces lo indispensable es atender la entrega de presupuesto directo a la gente\u201d.<\/p>\n<p>En el sal\u00f3n Tesorer\u00eda de Palacio Nacional, el mandatario se\u00f1al\u00f3 que antes hab\u00eda dos gobiernos, el burocr\u00e1tico y el de las llamadas instituciones aut\u00f3nomas.<\/p>\n<p>\u201cUno de los problemas durante mucho tiempo, sobre todo en el periodo neoliberal, fue que creci\u00f3 demasiado el aparato burocr\u00e1tico, incluso se hizo otro gobierno, hab\u00eda dos con las llamadas instituciones aut\u00f3nomas\u201d.<\/p>\n<p>Consider\u00f3 que hab\u00eda dependencias duplicadas como comisiones de derechos humanos en casi todas las secretar\u00edas, la Comisi\u00f3n Federal de Telecomunicaciones, pese a que est\u00e1 la Secretar\u00eda de Comunicaciones y Transportes.<\/p>\n<p>\u201cExisten como 10 instituciones independientes entre comillas, en todo el sector energ\u00e9tico y existe Pemex y la CFE y existe la Secretar\u00eda de Energ\u00eda. \u00bfEntonces qu\u00e9 suced\u00eda? Duplicidades, pero adem\u00e1s el presupuesto se queda en el mismo gobierno, el gobierno estaba ensimismado y no le llegaba el presupuesto a la gente, todo era para mantener el aparato burocr\u00e1tico\u201d, coment\u00f3.<\/p>\n","protected":false},"excerpt":{"rendered":"<p>El presidente Andr\u00e9s Manuel L\u00f3pez Obrador aprovech\u00f3 su conferencia ma\u00f1anera de este jueves para demostrar que, de acuerdo con la reciente encuesta del Inegi, el 84.9% de la poblaci\u00f3n conf\u00eda en la Marina; el 82.3% en la Secretar\u00eda de la Defensa Nacional y el 71.9% en la Guardia Nacional, adscrita al Ej\u00e9rcito mexicano. \u201cSigan votando en contra\u201d de las fuerzas armadas, llam\u00f3 con sorna el presidente a los legisladores de oposici\u00f3n.<\/p>\n","protected":false},"author":3,"featured_media":563460,"comment_status":"open","ping_status":"open","sticky":false,"template":"","format":"standard","meta":{"_monsterinsights_skip_tracking":false,"_monsterinsights_sitenote_active":false,"_monsterinsights_sitenote_note":"","_monsterinsights_sitenote_category":0,"footnotes":""},"categories":[3],"tags":[63230,64546,4160,4360,43673,3353],"class_list":["post-563383","post","type-post","status-publish","format-standard","has-post-thumbnail","hentry","category-nacional","tag-confia","tag-gente","tag-guardia-nacional","tag-marina","tag-nacional","tag-sedena"],"_links":{"self":[{"href":"https:\/\/www.diarioimagen.net\/index.php?rest_route=\/wp\/v2\/posts\/563383","targetHints":{"allow":["GET"]}}],"collection":[{"href":"https:\/\/www.diarioimagen.net\/index.php?rest_route=\/wp\/v2\/posts"}],"about":[{"href":"https:\/\/www.diarioimagen.net\/index.php?rest_route=\/wp\/v2\/types\/post"}],"author":[{"embeddable":true,"href":"https:\/\/www.diarioimagen.net\/index.php?rest_route=\/wp\/v2\/users\/3"}],"replies":[{"embeddable":true,"href":"https:\/\/www.diarioimagen.net\/index.php?rest_route=%2Fwp%2Fv2%2Fcomments&post=563383"}],"version-history":[{"count":0,"href":"https:\/\/www.diarioimagen.net\/index.php?rest_route=\/wp\/v2\/posts\/563383\/revisions"}],"wp:featuredmedia":[{"embeddable":true,"href":"https:\/\/www.diarioimagen.net\/index.php?rest_route=\/wp\/v2\/media\/563460"}],"wp:attachment":[{"href":"https:\/\/www.diarioimagen.net\/index.php?rest_route=%2Fwp%2Fv2%2Fmedia&parent=563383"}],"wp:term":[{"taxonomy":"category","embeddable":true,"href":"https:\/\/www.diarioimagen.net\/index.php?rest_route=%2Fwp%2Fv2%2Fcategories&post=563383"},{"taxonomy":"post_tag","embeddable":true,"href":"https:\/\/www.diarioimagen.net\/index.php?rest_route=%2Fwp%2Fv2%2Ftags&post=563383"}],"curies":[{"name":"wp","href":"https:\/\/api.w.org\/{rel}","templated":true}]}}