{"id":563387,"date":"2022-10-21T00:01:37","date_gmt":"2022-10-21T05:01:37","guid":{"rendered":"https:\/\/www.diarioimagen.net\/?p=563387"},"modified":"2022-10-21T03:58:22","modified_gmt":"2022-10-21T08:58:22","slug":"hay-dialogo-y-respeto-para-concretar-alianza-rumbo-a-la-eleccion-de-2023-dice-anuar-azar","status":"publish","type":"post","link":"https:\/\/www.diarioimagen.net\/?p=563387","title":{"rendered":"Hay di\u00e1logo y respeto para concretar alianza rumbo a la elecci\u00f3n de 2023, dice Anuar Azar"},"content":{"rendered":"<p>&nbsp;<\/p>\n<ul>\n<li><em><strong>\u201cMorena le apuesta a la divisi\u00f3n de la coalici\u00f3n\u201d<\/strong><\/em><\/li>\n<\/ul>\n<p><strong>\u00a0<\/strong><\/p>\n<h6>Arturo Baena<\/h6>\n<p>&nbsp;<\/p>\n<div id=\"attachment_563478\" style=\"width: 470px\" class=\"wp-caption aligncenter\"><img loading=\"lazy\" decoding=\"async\" aria-describedby=\"caption-attachment-563478\" class=\"size-full wp-image-563478\" src=\"https:\/\/www.diarioimagen.net\/wp-content\/uploads\/2022\/10\/hay-dialogo.jpg\" alt=\"\" width=\"460\" height=\"270\" \/><p id=\"caption-attachment-563478\" class=\"wp-caption-text\">El presidente del PAN en Edomex, Anuar Azar, afirma que Morena se equivoca si le est\u00e1 apostando a la divisi\u00f3n y ruptura de la alianza para la elecci\u00f3n de 2023.<\/p><\/div>\n<p>&nbsp;<\/p>\n<p><strong>Naucalpan, Estado de M\u00e9xico.\u2014<\/strong> Anuar Azar Figueroa, presidente del PAN en el Estado de M\u00e9xico, es directo: \u201cLa oposici\u00f3n (Morena) le est\u00e1 apostando a la divisi\u00f3n y ruptura de la alianza entre el PAN, PRI y PRD, sin embargo, se equivocan, pues \u00e9sta, s\u00ed se concretar\u00e1 en la entidad. Hay un ambiente de di\u00e1logo, respeto y con la aprobaci\u00f3n de los gobiernos de coalici\u00f3n, nos permite tener una puerta abierta para construir la coalici\u00f3n y en eso estamos, pero sin duda se dar\u00e1\u201d.<\/p>\n<p>\u00bfQui\u00e9n podr\u00eda encabezar la coalici\u00f3n?, se le cuestiona.<\/p>\n<p>\u201cEn varias ocasiones lo hemos reiterado, quien est\u00e9 mejor posicionado y nos garantice el triunfo electoral\u201d, afirm\u00f3.<\/p>\n<p>\u00bfSe llegar\u00e1 a buen puerto a la hora de la definici\u00f3n del o la abanderada?<\/p>\n<p>\u201cSin duda alguna, el \u00e1nimo en el Estado de M\u00e9xico, es que haya coalici\u00f3n, porque es un escenario en d\u00f3nde (la coalici\u00f3n) ser\u00e1 m\u00e1s competitiva y poder as\u00ed, cerrarles el paso a los gobiernos de ocurrencias\u201d, puntualiz\u00f3. La dirigencia nacional y estatal de su partido determin\u00f3 que el diputado Enrique Vargas, es su propuesta, \u00bfsigue en pie que vaya a la cabeza el coordinador de la bancada en el Congreso mexiquense?<\/p>\n<p>\u201cLa propuesta de Acci\u00f3n Nacional est\u00e1 en la mesa y es Enrique Vargas. Existe un respaldo total hacia qui\u00e9n encabez\u00f3, en dos periodos, el municipio de Huixquilucan, que, dicho sea de paso, gobern\u00f3 muy bien\u201d, dijo.<\/p>\n<p>Anuar Azar se\u00f1al\u00f3 que las tres fuerzas pol\u00edticas han estado platicando, pero a\u00fan no hay definiciones y \u00e9stas se dar\u00e1n en tiempo y forma para el bien de las y los mexiquenses\u201d, abund\u00f3.<\/p>\n<p>Finalmente, el dirigente estatal del PAN, puntualiz\u00f3 que ese partido buscar\u00e1 los mejores acuerdos politico-electorales, que, sin duda, les permitir\u00e1 seguir encabezando buenos gobiernos en la entidad mexiquense.<\/p>\n","protected":false},"excerpt":{"rendered":"<p>Anuar Azar Figueroa, presidente del PAN en el Estado de M\u00e9xico, es directo: \u201cLa oposici\u00f3n (Morena) le est\u00e1 apostando a la divisi\u00f3n y ruptura de la alianza entre el PAN, PRI y PRD, sin embargo, se equivocan, pues \u00e9sta, s\u00ed se concretar\u00e1 en la entidad. Hay un ambiente de di\u00e1logo, respeto y con la aprobaci\u00f3n de los gobiernos de coalici\u00f3n, nos permite tener una puerta abierta para construir la coalici\u00f3n y en eso estamos, pero sin duda se dar\u00e1\u201d.<\/p>\n","protected":false},"author":3,"featured_media":563478,"comment_status":"open","ping_status":"open","sticky":false,"template":"","format":"standard","meta":{"_monsterinsights_skip_tracking":false,"_monsterinsights_sitenote_active":false,"_monsterinsights_sitenote_note":"","_monsterinsights_sitenote_category":0,"footnotes":""},"categories":[5],"tags":[93709,83838,43675,970,91],"class_list":["post-563387","post","type-post","status-publish","format-standard","has-post-thumbnail","hentry","category-estado-de-mexico","tag-anuar-azar-figueroa","tag-concretar","tag-estado-de-mexico","tag-naucalpan","tag-pan"],"_links":{"self":[{"href":"https:\/\/www.diarioimagen.net\/index.php?rest_route=\/wp\/v2\/posts\/563387","targetHints":{"allow":["GET"]}}],"collection":[{"href":"https:\/\/www.diarioimagen.net\/index.php?rest_route=\/wp\/v2\/posts"}],"about":[{"href":"https:\/\/www.diarioimagen.net\/index.php?rest_route=\/wp\/v2\/types\/post"}],"author":[{"embeddable":true,"href":"https:\/\/www.diarioimagen.net\/index.php?rest_route=\/wp\/v2\/users\/3"}],"replies":[{"embeddable":true,"href":"https:\/\/www.diarioimagen.net\/index.php?rest_route=%2Fwp%2Fv2%2Fcomments&post=563387"}],"version-history":[{"count":0,"href":"https:\/\/www.diarioimagen.net\/index.php?rest_route=\/wp\/v2\/posts\/563387\/revisions"}],"wp:featuredmedia":[{"embeddable":true,"href":"https:\/\/www.diarioimagen.net\/index.php?rest_route=\/wp\/v2\/media\/563478"}],"wp:attachment":[{"href":"https:\/\/www.diarioimagen.net\/index.php?rest_route=%2Fwp%2Fv2%2Fmedia&parent=563387"}],"wp:term":[{"taxonomy":"category","embeddable":true,"href":"https:\/\/www.diarioimagen.net\/index.php?rest_route=%2Fwp%2Fv2%2Fcategories&post=563387"},{"taxonomy":"post_tag","embeddable":true,"href":"https:\/\/www.diarioimagen.net\/index.php?rest_route=%2Fwp%2Fv2%2Ftags&post=563387"}],"curies":[{"name":"wp","href":"https:\/\/api.w.org\/{rel}","templated":true}]}}