{"id":563389,"date":"2022-10-21T00:04:11","date_gmt":"2022-10-21T05:04:11","guid":{"rendered":"https:\/\/www.diarioimagen.net\/?p=563389"},"modified":"2022-10-21T03:56:25","modified_gmt":"2022-10-21T08:56:25","slug":"profeco-realizo-en-tepotzotlan-el-consejo-consultivo-del-consumo","status":"publish","type":"post","link":"https:\/\/www.diarioimagen.net\/?p=563389","title":{"rendered":"Profeco realiz\u00f3 en Tepotzotl\u00e1n el Consejo Consultivo del Consumo"},"content":{"rendered":"<p>&nbsp;<\/p>\n<ul>\n<li><em><strong>Estrategia para la reactivaci\u00f3n econ\u00f3mica<\/strong><\/em><\/li>\n<\/ul>\n<p>&nbsp;<\/p>\n<div id=\"attachment_563472\" style=\"width: 470px\" class=\"wp-caption aligncenter\"><img loading=\"lazy\" decoding=\"async\" aria-describedby=\"caption-attachment-563472\" class=\"size-full wp-image-563472\" src=\"https:\/\/www.diarioimagen.net\/wp-content\/uploads\/2022\/10\/profeco-realizo.jpg\" alt=\"\" width=\"460\" height=\"270\" \/><p id=\"caption-attachment-563472\" class=\"wp-caption-text\">Francisco Estrada, director de la Oficina de Defensa del Consumidor zona metropolitana de Tlalnepantla, explic\u00f3 que el consejo consultivo, tiene la finalidad de analizar estrategias para la reactivaci\u00f3n econ\u00f3mica.<\/p><\/div>\n<p>&nbsp;<\/p>\n<p><strong>Naucalpan, Estado de M\u00e9xico.\u2014<\/strong> La Profeco realiz\u00f3 en Tepotzotl\u00e1n la tercera secci\u00f3n del Consejo Consultivo del Consumo con la participaci\u00f3n ciudadana, empresarial, c\u00e1maras y organizaciones patronales, as\u00ed como autoridades municipales, estatales y federales.<\/p>\n<p>En dicho evento, el director de la Oficina de Defensa del Consumidor zona metropolitana de Tlalnepantla, Francisco Estrada, explic\u00f3 que el consejo consultivo, tiene la finalidad de analizar estrategias para la reactivaci\u00f3n econ\u00f3mica y capacitar a los proveedores en materia de protecci\u00f3n de los derechos de los consumidores.<\/p>\n<p>Dio a conocer que sesi\u00f3n contar\u00e1, entre otros, con la presencia de representantes de la sociedad civil, del sector tur\u00edstico, restaurantero, automotriz, comercio, hotelero, adem\u00e1s de autoridades municipales, estatales y federales. El Consejo Consultivo del Consumidor se lleva a cabo cuatro veces al a\u00f1o.<\/p>\n<p>Francisco Estrada inform\u00f3 que la primera de 2022 fue en Amecameca, luego de dos a\u00f1os sin sesiones presenciales debido a la pandemia, la segunda reuni\u00f3n se llev\u00f3 a cabo en el museo del estadio del Club de F\u00fatbol Toluca. Este consejo del jueves en Tepotzotl\u00e1n es la tercera y la cuarta se realizar\u00e1 a fin de a\u00f1o en Valle de Bravo.<\/p>\n","protected":false},"excerpt":{"rendered":"<p>La Profeco realiz\u00f3 en Tepotzotl\u00e1n la tercera secci\u00f3n del Consejo Consultivo del Consumo con la participaci\u00f3n ciudadana, empresarial, c\u00e1maras y organizaciones patronales, as\u00ed como autoridades municipales, estatales y federales.<\/p>\n","protected":false},"author":3,"featured_media":563472,"comment_status":"open","ping_status":"open","sticky":false,"template":"","format":"standard","meta":{"_monsterinsights_skip_tracking":false,"_monsterinsights_sitenote_active":false,"_monsterinsights_sitenote_note":"","_monsterinsights_sitenote_category":0,"footnotes":""},"categories":[5],"tags":[96638,43675,96637,970,356],"class_list":["post-563389","post","type-post","status-publish","format-standard","has-post-thumbnail","hentry","category-estado-de-mexico","tag-consejo-consultivo-del-consumo","tag-estado-de-mexico","tag-francisco-estrada","tag-naucalpan","tag-profeco"],"_links":{"self":[{"href":"https:\/\/www.diarioimagen.net\/index.php?rest_route=\/wp\/v2\/posts\/563389","targetHints":{"allow":["GET"]}}],"collection":[{"href":"https:\/\/www.diarioimagen.net\/index.php?rest_route=\/wp\/v2\/posts"}],"about":[{"href":"https:\/\/www.diarioimagen.net\/index.php?rest_route=\/wp\/v2\/types\/post"}],"author":[{"embeddable":true,"href":"https:\/\/www.diarioimagen.net\/index.php?rest_route=\/wp\/v2\/users\/3"}],"replies":[{"embeddable":true,"href":"https:\/\/www.diarioimagen.net\/index.php?rest_route=%2Fwp%2Fv2%2Fcomments&post=563389"}],"version-history":[{"count":0,"href":"https:\/\/www.diarioimagen.net\/index.php?rest_route=\/wp\/v2\/posts\/563389\/revisions"}],"wp:featuredmedia":[{"embeddable":true,"href":"https:\/\/www.diarioimagen.net\/index.php?rest_route=\/wp\/v2\/media\/563472"}],"wp:attachment":[{"href":"https:\/\/www.diarioimagen.net\/index.php?rest_route=%2Fwp%2Fv2%2Fmedia&parent=563389"}],"wp:term":[{"taxonomy":"category","embeddable":true,"href":"https:\/\/www.diarioimagen.net\/index.php?rest_route=%2Fwp%2Fv2%2Fcategories&post=563389"},{"taxonomy":"post_tag","embeddable":true,"href":"https:\/\/www.diarioimagen.net\/index.php?rest_route=%2Fwp%2Fv2%2Ftags&post=563389"}],"curies":[{"name":"wp","href":"https:\/\/api.w.org\/{rel}","templated":true}]}}