{"id":563391,"date":"2022-10-21T00:03:50","date_gmt":"2022-10-21T05:03:50","guid":{"rendered":"https:\/\/www.diarioimagen.net\/?p=563391"},"modified":"2022-10-21T03:57:40","modified_gmt":"2022-10-21T08:57:40","slug":"entrega-apoyos-economicos-sindicato-de-maestros-al-servicio-del-estado-de-mexico","status":"publish","type":"post","link":"https:\/\/www.diarioimagen.net\/?p=563391","title":{"rendered":"Entrega apoyos econ\u00f3micos Sindicato de Maestros al Servicio del Estado de M\u00e9xico\u00a0"},"content":{"rendered":"<p>&nbsp;<\/p>\n<ul>\n<li><em><strong>En beneficio de docentes de las 13 regiones<\/strong><\/em><\/li>\n<\/ul>\n<p><strong>\u00a0<\/strong><\/p>\n<h6>Arturo Baena<\/h6>\n<p>&nbsp;<\/p>\n<div id=\"attachment_563476\" style=\"width: 470px\" class=\"wp-caption aligncenter\"><img loading=\"lazy\" decoding=\"async\" aria-describedby=\"caption-attachment-563476\" class=\"size-full wp-image-563476\" src=\"https:\/\/www.diarioimagen.net\/wp-content\/uploads\/2022\/10\/entrega-apoyos.jpg\" alt=\"\" width=\"460\" height=\"270\" \/><p id=\"caption-attachment-563476\" class=\"wp-caption-text\">El secretario general del SMSEM, Marco Aurelio Carbajal Leyva, encabez\u00f3 la entrega de apoyos de tres programas, en beneficio de maestros de las 13 regiones de la entidad<\/p><\/div>\n<p>&nbsp;<\/p>\n<p><strong>Valle de M\u00e9xico.\u2014<\/strong> Con el compromiso de apoyar, favorecer y proteger la econom\u00eda de las profesoras y los profesores mexiquenses, el secretario general del Sindicato de Maestros al servicio del Estado de M\u00e9xico (SMSEM), Marco Aurelio Carbajal Leyva, encabez\u00f3 el pasado fin de semana la entrega de apoyos de tres programas, en beneficio de maestros de las 13 regiones de la entidad.<\/p>\n<p>En fechas recientes, los beneficiarios tramitaron solicitudes de \u201cApoyo por el fallecimiento de un familiar directo\u201d, \u201cAyuda para la adquisici\u00f3n de pr\u00f3tesis, \u00f3rtesis e implementos de rehabilitaci\u00f3n\u201d, programas que son parte del Convenio de Sueldo y Prestaciones 2022, signado entre el SMSEM y el gobierno de Alfredo Del Mazo Maza; as\u00ed como \u201cPr\u00e9stamos del Fondo de Ahorro para la Jubilaci\u00f3n y Apoyo M\u00faltiple (FAJAM)\u201d, apoyos que fueron entregados el pasado fin de semana.<\/p>\n<p>Con esta entrega, el SMSEM procura que sus afiliados puedan contar con la protecci\u00f3n econ\u00f3mica requerida y as\u00ed continuar respaldando a quienes buscan en la organizaci\u00f3n un medio de desahogo monetario.<\/p>\n<p>Con estos apoyos, el SMSEM demuestra que su prioridad es y ser\u00e1 siempre cuidar de las maestras y los maestros que, confiando en su organizaci\u00f3n Sindical, ven en ella un brazo de apoyo y un amigo que lucha de la mano por sus necesidades.<\/p>\n<p>En este sentido, el l\u00edder del magisterio estatal refrenda su compromiso de invertir sus mejores esfuerzos para que los maestros Estatales cuenten con las mejores condiciones laborales, preocup\u00e1ndose; lo menos posible, por los conflictos econ\u00f3micos.<\/p>\n","protected":false},"excerpt":{"rendered":"<p>Con el compromiso de apoyar, favorecer y proteger la econom\u00eda de las profesoras y los profesores mexiquenses, el secretario general del Sindicato de Maestros al servicio del Estado de M\u00e9xico (SMSEM), Marco Aurelio Carbajal Leyva, encabez\u00f3 el pasado fin de semana la entrega de apoyos de tres programas, en beneficio de maestros de las 13 regiones de la entidad.<\/p>\n","protected":false},"author":3,"featured_media":563476,"comment_status":"open","ping_status":"open","sticky":false,"template":"","format":"standard","meta":{"_monsterinsights_skip_tracking":false,"_monsterinsights_sitenote_active":false,"_monsterinsights_sitenote_note":"","_monsterinsights_sitenote_category":0,"footnotes":""},"categories":[5],"tags":[16983,657,34],"class_list":["post-563391","post","type-post","status-publish","format-standard","has-post-thumbnail","hentry","category-estado-de-mexico","tag-sindicato-de-maestros-al-servicio-del-estado-de-mexico","tag-smsem","tag-valle-de-mexico"],"_links":{"self":[{"href":"https:\/\/www.diarioimagen.net\/index.php?rest_route=\/wp\/v2\/posts\/563391","targetHints":{"allow":["GET"]}}],"collection":[{"href":"https:\/\/www.diarioimagen.net\/index.php?rest_route=\/wp\/v2\/posts"}],"about":[{"href":"https:\/\/www.diarioimagen.net\/index.php?rest_route=\/wp\/v2\/types\/post"}],"author":[{"embeddable":true,"href":"https:\/\/www.diarioimagen.net\/index.php?rest_route=\/wp\/v2\/users\/3"}],"replies":[{"embeddable":true,"href":"https:\/\/www.diarioimagen.net\/index.php?rest_route=%2Fwp%2Fv2%2Fcomments&post=563391"}],"version-history":[{"count":0,"href":"https:\/\/www.diarioimagen.net\/index.php?rest_route=\/wp\/v2\/posts\/563391\/revisions"}],"wp:featuredmedia":[{"embeddable":true,"href":"https:\/\/www.diarioimagen.net\/index.php?rest_route=\/wp\/v2\/media\/563476"}],"wp:attachment":[{"href":"https:\/\/www.diarioimagen.net\/index.php?rest_route=%2Fwp%2Fv2%2Fmedia&parent=563391"}],"wp:term":[{"taxonomy":"category","embeddable":true,"href":"https:\/\/www.diarioimagen.net\/index.php?rest_route=%2Fwp%2Fv2%2Fcategories&post=563391"},{"taxonomy":"post_tag","embeddable":true,"href":"https:\/\/www.diarioimagen.net\/index.php?rest_route=%2Fwp%2Fv2%2Ftags&post=563391"}],"curies":[{"name":"wp","href":"https:\/\/api.w.org\/{rel}","templated":true}]}}