{"id":563393,"date":"2022-10-21T00:02:09","date_gmt":"2022-10-21T05:02:09","guid":{"rendered":"https:\/\/www.diarioimagen.net\/?p=563393"},"modified":"2022-10-21T03:56:49","modified_gmt":"2022-10-21T08:56:49","slug":"llama-enrique-vargas-del-villar-a-empresarios-a-cerrarle-el-paso-a-morena-en-edomex","status":"publish","type":"post","link":"https:\/\/www.diarioimagen.net\/?p=563393","title":{"rendered":"Llama Enrique Vargas del Villar a empresarios a cerrarle el\u00a0 paso a Morena en Edomex"},"content":{"rendered":"<p>&nbsp;<\/p>\n<p><img loading=\"lazy\" decoding=\"async\" class=\"aligncenter size-full wp-image-563474\" src=\"https:\/\/www.diarioimagen.net\/wp-content\/uploads\/2022\/10\/llama-enrique.jpg\" alt=\"\" width=\"460\" height=\"270\" \/><\/p>\n<p>&nbsp;<\/p>\n<p><strong>Huixquilucan, Estado de M\u00e9xico.\u2014<\/strong> En un encuentro con la Asociaci\u00f3n de Empresarios y Ciudadanos del Estado de M\u00e9xico (ASECEM), el coordinador parlamentario del PAN en el Congreso mexiquense, Enrique Vargas del Villar,\u00a0 hizo un llamado al sector empresarial para sumarse a la Alianza y no permitir que llegue Morena a gobernar al Estado de M\u00e9xico.<\/p>\n<p>\u201cM\u00e9xico es un gran pa\u00eds, por eso convoco a las empresarias y a los empresarios de M\u00e9xico a unirnos en el 2023, pero sobre todo tenemos que unirnos en el 2024, tenemos que salir a votar para que ya no tengamos m\u00e1s Morena en M\u00e9xico.<\/p>\n<p>Cre\u00e1nme que 6 a\u00f1os m\u00e1s de Morena en un gobierno Federal nos va a tronar el pa\u00eds. Ustedes, y lo quiero decir con mucho respeto, todos los que estamos aqu\u00ed tenemos una gran responsabilidad con M\u00e9xico\u201c, dijo.<\/p>\n","protected":false},"excerpt":{"rendered":"<p>En un encuentro con la Asociaci\u00f3n de Empresarios y Ciudadanos del Estado de M\u00e9xico (ASECEM), el coordinador parlamentario del PAN en el Congreso mexiquense, Enrique Vargas del Villar,\u00a0 hizo un llamado al sector empresarial para sumarse a la Alianza y no permitir que llegue Morena a gobernar al Estado de M\u00e9xico.<\/p>\n","protected":false},"author":3,"featured_media":563474,"comment_status":"open","ping_status":"open","sticky":false,"template":"","format":"standard","meta":{"_monsterinsights_skip_tracking":false,"_monsterinsights_sitenote_active":false,"_monsterinsights_sitenote_note":"","_monsterinsights_sitenote_category":0,"footnotes":""},"categories":[5],"tags":[90846,10071,20663],"class_list":["post-563393","post","type-post","status-publish","format-standard","has-post-thumbnail","hentry","category-estado-de-mexico","tag-asecem","tag-empresarios","tag-morena"],"_links":{"self":[{"href":"https:\/\/www.diarioimagen.net\/index.php?rest_route=\/wp\/v2\/posts\/563393","targetHints":{"allow":["GET"]}}],"collection":[{"href":"https:\/\/www.diarioimagen.net\/index.php?rest_route=\/wp\/v2\/posts"}],"about":[{"href":"https:\/\/www.diarioimagen.net\/index.php?rest_route=\/wp\/v2\/types\/post"}],"author":[{"embeddable":true,"href":"https:\/\/www.diarioimagen.net\/index.php?rest_route=\/wp\/v2\/users\/3"}],"replies":[{"embeddable":true,"href":"https:\/\/www.diarioimagen.net\/index.php?rest_route=%2Fwp%2Fv2%2Fcomments&post=563393"}],"version-history":[{"count":0,"href":"https:\/\/www.diarioimagen.net\/index.php?rest_route=\/wp\/v2\/posts\/563393\/revisions"}],"wp:featuredmedia":[{"embeddable":true,"href":"https:\/\/www.diarioimagen.net\/index.php?rest_route=\/wp\/v2\/media\/563474"}],"wp:attachment":[{"href":"https:\/\/www.diarioimagen.net\/index.php?rest_route=%2Fwp%2Fv2%2Fmedia&parent=563393"}],"wp:term":[{"taxonomy":"category","embeddable":true,"href":"https:\/\/www.diarioimagen.net\/index.php?rest_route=%2Fwp%2Fv2%2Fcategories&post=563393"},{"taxonomy":"post_tag","embeddable":true,"href":"https:\/\/www.diarioimagen.net\/index.php?rest_route=%2Fwp%2Fv2%2Ftags&post=563393"}],"curies":[{"name":"wp","href":"https:\/\/api.w.org\/{rel}","templated":true}]}}