{"id":563519,"date":"2022-10-24T00:06:54","date_gmt":"2022-10-24T05:06:54","guid":{"rendered":"https:\/\/www.diarioimagen.net\/?p=563519"},"modified":"2022-10-24T23:20:53","modified_gmt":"2022-10-25T04:20:53","slug":"entrega-uaemex-18-mil-785-becas-estimulos-y-apoyos-a-estudiantado","status":"publish","type":"post","link":"https:\/\/www.diarioimagen.net\/?p=563519","title":{"rendered":"Entrega UAEM\u00e9x 18 mil 785 becas, est\u00edmulos y apoyos a estudiantado"},"content":{"rendered":"<p><em>\u00a0<\/em><\/p>\n<ul>\n<li><strong><em>Esta cifra representa un incremento de 31.4 por ciento con respecto al periodo anterior<\/em><\/strong><\/li>\n<\/ul>\n<p><strong>\u00a0<\/strong><\/p>\n<div id=\"attachment_563596\" style=\"width: 470px\" class=\"wp-caption aligncenter\"><img loading=\"lazy\" decoding=\"async\" aria-describedby=\"caption-attachment-563596\" class=\"size-full wp-image-563596\" src=\"https:\/\/www.diarioimagen.net\/wp-content\/uploads\/2022\/10\/uaem-entrega.jpg\" alt=\"\" width=\"460\" height=\"230\" \/><p id=\"caption-attachment-563596\" class=\"wp-caption-text\">La cobertura alcanzada con respecto al n\u00famero de solicitudes lleg\u00f3 a 88.6 por ciento.<\/p><\/div>\n<p>&nbsp;<\/p>\n<p><strong>Toluca, Estado de M\u00e9xico.\u2014<\/strong> Por su destacado desempe\u00f1o, perseverancia y constancia en su formaci\u00f3n como futuros profesionistas y con el prop\u00f3sito de combatir la deserci\u00f3n escolar, el rector de la Universidad Aut\u00f3noma del Estado de M\u00e9xico (UAEM\u00e9x), Carlos Eduardo Barrera D\u00edaz, presidi\u00f3 la Ceremonia de Entrega Simb\u00f3lica de Becas, Est\u00edmulos y Apoyos Institucionales, en beneficio de 18 mil 785 alumnas y alumnos durante el periodo 2022B.<\/p>\n<p>Esta cifra representa un incremento de 31.4 por ciento con respecto al periodo 2022A; asimismo, el \u00edndice de beneficiados sobre el total de solicitudes realizadas en el periodo 2022B fue de 88.6 por ciento.<\/p>\n<p>Durante la ceremonia, que se realiz\u00f3 en la Sala del H. Consejo Universitario \u201cLic. Benito Ju\u00e1rez Garc\u00eda\u201d del Edificio de Rector\u00eda, se entregaron simb\u00f3licamente 20 de las 18 mil 785 becas, est\u00edmulos o apoyos otorgados en diversas modalidades como excelencia acad\u00e9mica, desarrollo en la investigaci\u00f3n, formaci\u00f3n universitaria, pr\u00e1cticas profesionales o estancias profesionales, servicio social, fomento a la salud, reembolso parcial de inscripci\u00f3n, mentor\u00eda acad\u00e9mica, talento cient\u00edfico, art\u00edstico, cultural, deportivo y j\u00f3venes ecologistas, entre otros.<\/p>\n<p>Al respecto, el secretario de Extensi\u00f3n y Vinculaci\u00f3n de la UAEM\u00e9x, Francisco Zepeda Mondrag\u00f3n, refiri\u00f3 que la cobertura de becas, est\u00edmulos y apoyos otorgados es una muestra del compromiso de la presente administraci\u00f3n, encabezada por Barrera D\u00edaz, y que se plasm\u00f3 en el Plan Rector de Desarrollo Institucional 2021-2025, que busca beneficiar a m\u00e1s estudiantes, reconociendo su talento acad\u00e9mico, cultural, deportivo, ambiental, cient\u00edfico y art\u00edstico.<\/p>\n<p>\u201cLas becas, est\u00edmulos y apoyos institucionales son una herramienta para incentivar\u00a0 el esfuerzo que a diario impregnan en las aulas y en las actividades que realizan para mejorar su desarrollo profesional\u201d, expres\u00f3 el secretario al alumnado.<\/p>\n<p>En tanto, la directora de Servicios al Universitario de la UAEM\u00e9x, Cristina Estrada Vel\u00e1zquez, indic\u00f3 que las becas, est\u00edmulos y apoyos otorgados ayudan a vencer a uno de los enemigos de la educaci\u00f3n que es la deserci\u00f3n escolar.<\/p>\n<p>\u201cEl apoyo que hoy reciben j\u00f3venes estudiantes, m\u00e1s all\u00e1 de su val\u00eda econ\u00f3mica, marca la diferencia en sus vidas a partir del uso que hagan de ello, ser\u00e1 un reconocimiento y satisfacci\u00f3n a su esfuerzo y esta idea los motivar\u00e1 a seguir adelante\u201d, dijo.<\/p>\n","protected":false},"excerpt":{"rendered":"<p>Por su destacado desempe\u00f1o, perseverancia y constancia en su formaci\u00f3n como futuros profesionistas y con el prop\u00f3sito de combatir la deserci\u00f3n escolar, el rector de la Universidad Aut\u00f3noma del Estado de M\u00e9xico (UAEM\u00e9x), Carlos Eduardo Barrera D\u00edaz, presidi\u00f3 la Ceremonia de Entrega Simb\u00f3lica de Becas, Est\u00edmulos y Apoyos Institucionales, en beneficio de 18 mil 785 alumnas y alumnos durante el periodo 2022B.<\/p>\n","protected":false},"author":3,"featured_media":563597,"comment_status":"open","ping_status":"open","sticky":false,"template":"","format":"standard","meta":{"_monsterinsights_skip_tracking":false,"_monsterinsights_sitenote_active":false,"_monsterinsights_sitenote_note":"","_monsterinsights_sitenote_category":0,"footnotes":""},"categories":[5],"tags":[2701,11642,92667,67878],"class_list":["post-563519","post","type-post","status-publish","format-standard","has-post-thumbnail","hentry","category-estado-de-mexico","tag-apoyo","tag-becas","tag-carlos-eduardo-barrera-diaz","tag-uaemex"],"_links":{"self":[{"href":"https:\/\/www.diarioimagen.net\/index.php?rest_route=\/wp\/v2\/posts\/563519","targetHints":{"allow":["GET"]}}],"collection":[{"href":"https:\/\/www.diarioimagen.net\/index.php?rest_route=\/wp\/v2\/posts"}],"about":[{"href":"https:\/\/www.diarioimagen.net\/index.php?rest_route=\/wp\/v2\/types\/post"}],"author":[{"embeddable":true,"href":"https:\/\/www.diarioimagen.net\/index.php?rest_route=\/wp\/v2\/users\/3"}],"replies":[{"embeddable":true,"href":"https:\/\/www.diarioimagen.net\/index.php?rest_route=%2Fwp%2Fv2%2Fcomments&post=563519"}],"version-history":[{"count":0,"href":"https:\/\/www.diarioimagen.net\/index.php?rest_route=\/wp\/v2\/posts\/563519\/revisions"}],"wp:featuredmedia":[{"embeddable":true,"href":"https:\/\/www.diarioimagen.net\/index.php?rest_route=\/wp\/v2\/media\/563597"}],"wp:attachment":[{"href":"https:\/\/www.diarioimagen.net\/index.php?rest_route=%2Fwp%2Fv2%2Fmedia&parent=563519"}],"wp:term":[{"taxonomy":"category","embeddable":true,"href":"https:\/\/www.diarioimagen.net\/index.php?rest_route=%2Fwp%2Fv2%2Fcategories&post=563519"},{"taxonomy":"post_tag","embeddable":true,"href":"https:\/\/www.diarioimagen.net\/index.php?rest_route=%2Fwp%2Fv2%2Ftags&post=563519"}],"curies":[{"name":"wp","href":"https:\/\/api.w.org\/{rel}","templated":true}]}}