{"id":563552,"date":"2022-10-24T00:15:12","date_gmt":"2022-10-24T05:15:12","guid":{"rendered":"https:\/\/www.diarioimagen.net\/?p=563552"},"modified":"2022-10-24T02:40:15","modified_gmt":"2022-10-24T07:40:15","slug":"la-diatriba-como-debate-politico","status":"publish","type":"post","link":"https:\/\/www.diarioimagen.net\/?p=563552","title":{"rendered":"La diatriba como debate pol\u00edtico"},"content":{"rendered":"<h2>Por la Derecha..!<\/h2>\n<h5>Luis \u00c1ngel Garc\u00eda<\/h5>\n<p>&nbsp;<\/p>\n<p>Si una consecuencia ha dejado la polarizaci\u00f3n, el divisionismo y la descalificaci\u00f3n que provoca la narrativa de la 4T es la degradaci\u00f3n del parlamentarismo mexicano, donde el debate pol\u00edtico se reduce a la diatriba, el insulto, el golpeteo verbal, la bravuconer\u00eda entre legisladores. Ante la impotencia de argumentar con ideas la defensa o rechazo a una iniciativa o pronunciamiento, se recurre a la groser\u00eda, al se\u00f1alamiento de los defectos, a las agresiones verbales y no en pocos casos al reto a golpes.<\/p>\n<p>Y no puede ser de otra forma, si todos los d\u00edas, desde el p\u00falpito del Sal\u00f3n Tesorer\u00eda se descalifica a la oposici\u00f3n, se lincha a los comunicadores, se condena a los empresarios depredadores, a ministros, magistrados y jueces se les amenaza si sus determinaciones judiciales no son del agrado presidencial. Los mismos congresistas son acusados de traidores a la patria si no aprueban, sin cambiarle una coma, las iniciativas enviadas desde Palacio Nacional.<\/p>\n<p>Ese estilo personal de gobernar se ha trasladado al recinto legislativo, donde la tribuna se convirti\u00f3 en un ring o escenario de carpa de barriada. Ya no hay tribunos que, al estilo de Belisario Dom\u00ednguez, defiendan posiciones ideol\u00f3gicas o sean contrapeso real de los otros Poderes de la Uni\u00f3n. Si comparecen funcionarios, no se cuestiona su informe de actividades, se les inmola, ante la impotencia de no poder o querer hacerlo con la investidura presidencial. Se ha convertido el debate pol\u00edtico en una oportunidad para desfogar frustraciones y odios. Nada que ver con los asuntos que se debieran tratar en la representaci\u00f3n popular. Pocos son los diputados y senadores que tienen conocimiento de su funci\u00f3n parlamentaria o cuentan con experiencia en el quehacer p\u00fablico, la mayor\u00eda son porros que revientan sesiones, toman la tribuna, portan carteles con insultos, vociferan, mientan madres y se muestran serviles al Presidente.<\/p>\n<p>Si bien es cierto que el elector no conoce a la mayor\u00eda de sus representantes, dif\u00edcilmente se hubiera esperado esa conducta gansteril de quienes ocupan esca\u00f1os y curules. Tristemente en ese vodevil se ha convertido la m\u00e1xima asamblea nacional. Otro logro del Presidente, ante la ausencia de resultados y la falta de argumentos, se recurre a la diatriba, al insulto y la bravuconer\u00eda. Adi\u00f3s al parlamentarismo.<\/p>\n<p><strong>S\u00f3lo por no dejar: <\/strong>Una de las alcald\u00edas en la CDMX con m\u00e1s contradicciones urbanas es \u00c1lvaro Obreg\u00f3n, donde conviven sectores sociales dis\u00edmbolos, gente de altos ingresos econ\u00f3micos, la aborrecida, por la 4T, clase media y poblaci\u00f3n de gran marginaci\u00f3n social. Sin embargo, dos conflictos que afectan la sana convivencia en comunidad son la movilidad y el comercio informal. A la llegada de L\u00eda Lim\u00f3n a la demarcaci\u00f3n, dej\u00f3 de ser representante de quienes votaron por ella, para gobernar para todos. Poco a poco ha superado el desgobierno de Layda Sansores \u2014pobres campechanos\u2014, y ha recuperado la gobernanza. En la alcald\u00eda se nota la mano de quien, con experiencia pol\u00edtica, escucha a los obregonenses y da soluci\u00f3n a sus demandas. Por ello ha emprendido operativos para recuperar los espacios p\u00fablicos y las v\u00edas primarias de comunicaci\u00f3n, como lo son las vialidades de Vasco de Quiroga y Centenario, avenidas que comunican las zonas altas de la alcald\u00eda con Observatorio y Mixcoac. Con agentes de tr\u00e1nsito y polic\u00edas retir\u00f3 veh\u00edculos abandonados y mal estacionados para limpiar los carriles y hacer m\u00e1s \u00e1gil la afluencia automotriz.<\/p>\n<p>Lo mismo hizo con el comercio informal, que se hab\u00eda apoderado de las banquetas y la acera vehicular para exhibir y vender sus productos. Regulariz\u00f3 tambi\u00e9n a esos comerciantes no s\u00f3lo con la reubicaci\u00f3n, sino con el retiro de productos ilegales. L\u00eda demuestra que se puede gobernar sin tintes partidistas y es un ejemplo que debieran seguir otros alcaldes.<\/p>\n","protected":false},"excerpt":{"rendered":"<p><span style=\"color: #005497;\"><strong>Luis \u00c1ngel Garc\u00eda<\/strong><\/span><\/p>\n","protected":false},"author":3,"featured_media":0,"comment_status":"open","ping_status":"open","sticky":false,"template":"","format":"standard","meta":{"_monsterinsights_skip_tracking":false,"_monsterinsights_sitenote_active":false,"_monsterinsights_sitenote_note":"","_monsterinsights_sitenote_category":0,"footnotes":""},"categories":[92115],"tags":[92117,43674,92116],"class_list":["post-563552","post","type-post","status-publish","format-standard","hentry","category-luis-angel-garcia","tag-luis-angel-garcia","tag-opinion","tag-por-la-derecha"],"_links":{"self":[{"href":"https:\/\/www.diarioimagen.net\/index.php?rest_route=\/wp\/v2\/posts\/563552","targetHints":{"allow":["GET"]}}],"collection":[{"href":"https:\/\/www.diarioimagen.net\/index.php?rest_route=\/wp\/v2\/posts"}],"about":[{"href":"https:\/\/www.diarioimagen.net\/index.php?rest_route=\/wp\/v2\/types\/post"}],"author":[{"embeddable":true,"href":"https:\/\/www.diarioimagen.net\/index.php?rest_route=\/wp\/v2\/users\/3"}],"replies":[{"embeddable":true,"href":"https:\/\/www.diarioimagen.net\/index.php?rest_route=%2Fwp%2Fv2%2Fcomments&post=563552"}],"version-history":[{"count":0,"href":"https:\/\/www.diarioimagen.net\/index.php?rest_route=\/wp\/v2\/posts\/563552\/revisions"}],"wp:attachment":[{"href":"https:\/\/www.diarioimagen.net\/index.php?rest_route=%2Fwp%2Fv2%2Fmedia&parent=563552"}],"wp:term":[{"taxonomy":"category","embeddable":true,"href":"https:\/\/www.diarioimagen.net\/index.php?rest_route=%2Fwp%2Fv2%2Fcategories&post=563552"},{"taxonomy":"post_tag","embeddable":true,"href":"https:\/\/www.diarioimagen.net\/index.php?rest_route=%2Fwp%2Fv2%2Ftags&post=563552"}],"curies":[{"name":"wp","href":"https:\/\/api.w.org\/{rel}","templated":true}]}}