{"id":563730,"date":"2022-10-25T00:12:38","date_gmt":"2022-10-25T05:12:38","guid":{"rendered":"https:\/\/www.diarioimagen.net\/?p=563730"},"modified":"2022-10-25T02:05:28","modified_gmt":"2022-10-25T07:05:28","slug":"amlo-pide-a-layda-y-a-monreal-no-pelear-y-estos-se-bajan-del-ring-electoral","status":"publish","type":"post","link":"https:\/\/www.diarioimagen.net\/?p=563730","title":{"rendered":"AMLO pide a Layda y a Monreal no\u00a0pelear y estos se bajan del ring electoral\u00a0"},"content":{"rendered":"<h2>Tras la puerta del poder<\/h2>\n<h5>Roberto Vizca\u00edno<\/h5>\n<p>&nbsp;<\/p>\n<p>Si de alguna alta oficina sali\u00f3 la orden para echar a pelear a\u00a0<strong>Layda Sansores<\/strong>\u00a0con\u00a0<strong>Ricardo Monreal<\/strong>\u00a0 para enlodar al zacatecano y da\u00f1ar su abierta campa\u00f1a por la candidatura de Morena a la Presidencia de la Rep\u00fablica en 2024, sufri\u00f3 ayer un chapuz\u00f3n de agua fr\u00eda porque el propio\u00a0<strong>Andr\u00e9s Manuel L\u00f3pez Obrador<\/strong>\u00a0no s\u00f3lo par\u00f3 la\u00a0<strong><em>guerra intestina<\/em><\/strong>\u00a0en Morena, sino que dict\u00f3 empate entre ambos.<\/p>\n<p>Vale la pena ver c\u00f3mo el mandatario puso fin al intento de\u00a0<strong>Layda\u00a0<\/strong>por denostar a\u00a0<strong>Monreal<\/strong>, y de paso le permiti\u00f3 al zacatecano recibir uno de los m\u00e1s amplios reconocimientos hechos\u00a0<strong>por AMLO<\/strong>\u00a0a un pol\u00edtico.<\/p>\n<p>Luego de esto, no habr\u00e1 nadie dentro de Morena que vuelva a lanzarse contra \u00e9l.<\/p>\n<p>Narra Andr\u00e9s\u00a0<strong>Manuel L\u00f3pez Obrado<\/strong>r:<\/p>\n<p>\u201cYo estimo much\u00edsimo, much\u00edsimo, much\u00edsimo, la quiero mucho, mucho, la admiro por ser luchona, a\u00a0<strong>Layda Sansores<\/strong>, que ha enfrentado todo, me consta: represi\u00f3n, fraudes. Es una mujer de lucha, con convicciones.<\/p>\n<p>\u201cY tambi\u00e9n respeto a\u00a0<strong>Ricardo Monreal,<\/strong>\u00a0lo conozco desde hace mucho tiempo, desde que tom\u00f3 la decisi\u00f3n de abandonar el PRI porque precisamente el se\u00f1or\u00a0<strong>Zedillo<\/strong>\u00a0no quer\u00eda que fuera candidato del PRI en Zacatecas\u201d.<\/p>\n<p>Record\u00f3 que entonces hab\u00edan publicado un libro injurioso sobre la esposa de\u00a0<strong>Ernesto Zedillo<\/strong>\u00a0y corri\u00f3 que el autor era\u00a0<strong>Ricardo Monreal<\/strong>.<\/p>\n<p>El Presidente instruy\u00f3 a los suyos a excluir al zacatecano de la contienda por la gubernatura de su estado y ante la posibilidad de que fuera lanzado por el PRD, del cual\u00a0<strong>AMLO\u00a0<\/strong>era l\u00edder nacional, de Presidencia le enviaron al tabasque\u00f1o un grueso expediente\u00a0en contra de Ricardo.<\/p>\n<p><strong>L\u00f3pez Obrador<\/strong>\u00a0pas\u00f3 una noche ley\u00e9ndolo y no encontr\u00f3 nada que pudiera detener el lanzamiento de Ricardo Monreal como candidato a gobernador en Zacatecas.<\/p>\n<p>As\u00ed lleg\u00f3 el d\u00eda de la elecci\u00f3n,\u00a0<strong>AMLO<\/strong>\u00a0estaba con Ricardo en Zacatecas:<\/p>\n<p>\u201cY pues \u00edbamos ganando, yo estaba all\u00e1 porque era yo presidente de ese partido, y era una elecci\u00f3n importante. Y adem\u00e1s le met\u00edan y le met\u00edan y le met\u00edan dinero, dinero y dinero y dinero. Y llega la elecci\u00f3n y con\u00a0<strong>Ricardo\u00a0<\/strong>doy un recorrido por la ciudad, estaban las casillas llenas, la gente votando y todo. Y no, pues ya ganamos, \u00bfno?, vamos a ganar\u201d.<\/p>\n<p>En ese momento alguien les avisa que se ha dado la orden desde Gobernaci\u00f3n de arrollar a\u00a0<strong>Monreal<\/strong>, de cometer el fraude.<\/p>\n<p>\u201cAh\u00ed le habl\u00e9 por tel\u00e9fono al secretario particular del se\u00f1or\u00a0<strong>Zedillo<\/strong>, a\u00a0<strong>Li\u00e9bano S\u00e1enz.<\/strong>\u00a0Ah\u00ed est\u00e1 Li\u00e9bano,\u00a0<strong>que lo cuente<\/strong>, que diga si es cierto o no. Le dije: Le pido que le digas al Presidente de que hay informaci\u00f3n, tengo informaci\u00f3n, tengo unas grabaciones en donde est\u00e1n preparando el fraude en Zacatecas.<\/p>\n<p>\u201cA las 6:00 de la tarde unas televisoras, que no voy a mencionar, ya estaban diciendo: \u2018Empate t\u00e9cnico en Zacatecas, muy re\u00f1ida la elecci\u00f3n de Zacatecas, empate t\u00e9cnico\u2019.<\/p>\n<p>\u201cLe habl\u00e9 y le dije: Dile que si no van a respetar el voto yo no me voy a ir de aqu\u00ed, me quedo en Zacatecas, pero adem\u00e1s voy a bajar ahora -estaba yo en un hotel- y voy a convocar a rueda de prensa y voy a dar a conocer las grabaciones. Y muy amablemente me dijo:<\/p>\n<p>-\u00bfMe permites que yo le trate esto al Presidente?<\/p>\n<p>-S\u00ed. \u00bfY te puedo hablar o t\u00fa me hablas?<\/p>\n<p>-S\u00ed.<\/p>\n<p>-\u00bfEn cu\u00e1nto?<\/p>\n<p>-Pues 20 minutos.<\/p>\n<p>Y ya le habl\u00e9 en 20 minutos.<\/p>\n<p>-Me dice el Presidente de que tengas confianza.<\/p>\n<p>-S\u00ed, s\u00ed, s\u00ed le tengo confianza, pero lo que quiero saber es si van a respetar el triunfo.<\/p>\n<p>-Que le tengas confianza.<\/p>\n<p>-S\u00ed, s\u00ed, s\u00ed le tengo confianza, lo que quiero saber es si van a respetar el triunfo.<\/p>\n<p>\u201cEntonces, ya no se aguant\u00f3 y me dijo: \u2018Qu\u00e9 veas la televisi\u00f3n, el pr\u00f3ximo reporte, para que vean\u2019. Esto es para los j\u00f3venes, para los j\u00f3venes. Casi-casi: \u2018Que veas la televisi\u00f3n, \u00a1carajo!\u2019<\/p>\n<p>\u201cBueno, ah\u00ed nos vemos, ya. Pongo la televisi\u00f3n, ponemos la televisi\u00f3n de ah\u00ed del cuarto del hotel y salen los alcances de la televisi\u00f3n, en m\u00e1s de una: \u2018En Zacatecas aventaja\u00a0<strong>Ricardo Monreal,<\/strong>\u00a0siete, 10 puntos. Es irreversible su triunfo\u2019. Y ah\u00ed se fueron a celebrar, yo ya me qued\u00e9 ya en el cuarto a dormir.<\/p>\n<p style=\"text-align: center;\">\u201c<strong>Entonces, conozco a Ricardo desde hace tiempo<\/strong>.<\/p>\n<p>\u201cEntonces,\u00a0<strong>ya dije de Layda<\/strong>, \u00bfno?, es para abrazarla siempre, la quiero mucho. Entonces,\u00a0<strong>no hay que pelearnos<\/strong>.<\/p>\n<p>\u201cY esto que les cuento es para que nos ubiquemos de la importancia que tiene la transformaci\u00f3n, lo que nos ha costado, porque se puede platicar y se dice f\u00e1cil, pero imag\u00ednense lo que implicaba entonces, esto fue en 1997, creo, hace m\u00e1s de 20 a\u00f1os, 25 a\u00f1os, esto que les estoy contando\u201d.\u00a0 O sea, contraorden y todo acab\u00f3. Pero Monreal sale fortalecido y con reconocimiento presidencial inesperado.<\/p>\n<p><em><a href=\"mailto:rvizcainoa@gmail.com\" target=\"_blank\" rel=\"noopener noreferrer\">vizcainoa@gmail.com<\/a><a href=\"mailto:rvizcainoa@gmail.com\" target=\"_blank\" rel=\"noopener noreferrer\"><br \/>\n<\/a><a href=\"http:\/\/endirecto.mx\" target=\"_blank\" rel=\"noopener noreferrer\">www.endirecto.mx<\/a><a href=\"mailto:rvizcainoa@gmail.com\" target=\"_blank\" rel=\"noopener noreferrer\"><br \/>\n<\/a><a href=\"https:\/\/twitter.com\/_rvizcaino\" target=\"_blank\" rel=\"noopener noreferrer\">@_RVizcaino<\/a><a href=\"mailto:rvizcainoa@gmail.com\" target=\"_blank\" rel=\"noopener noreferrer\"><br \/>\n<\/a><a href=\"https:\/\/www.facebook.com\/rvizcainoa\" target=\"_blank\" rel=\"noopener noreferrer\">facebook.com\/rvizcainoa<\/a><\/em><\/p>\n","protected":false},"excerpt":{"rendered":"<p><span style=\"color: #005497;\"><strong>Roberto Vizca\u00edno<\/strong><\/span><\/p>\n","protected":false},"author":3,"featured_media":0,"comment_status":"open","ping_status":"open","sticky":false,"template":"","format":"standard","meta":{"_monsterinsights_skip_tracking":false,"_monsterinsights_sitenote_active":false,"_monsterinsights_sitenote_note":"","_monsterinsights_sitenote_category":0,"footnotes":""},"categories":[136],"tags":[43674,93,94],"class_list":["post-563730","post","type-post","status-publish","format-standard","hentry","category-roberto-vizcaino-opinion","tag-opinion","tag-roberto-vizcaino","tag-tras-la-puerta-del-poder"],"_links":{"self":[{"href":"https:\/\/www.diarioimagen.net\/index.php?rest_route=\/wp\/v2\/posts\/563730","targetHints":{"allow":["GET"]}}],"collection":[{"href":"https:\/\/www.diarioimagen.net\/index.php?rest_route=\/wp\/v2\/posts"}],"about":[{"href":"https:\/\/www.diarioimagen.net\/index.php?rest_route=\/wp\/v2\/types\/post"}],"author":[{"embeddable":true,"href":"https:\/\/www.diarioimagen.net\/index.php?rest_route=\/wp\/v2\/users\/3"}],"replies":[{"embeddable":true,"href":"https:\/\/www.diarioimagen.net\/index.php?rest_route=%2Fwp%2Fv2%2Fcomments&post=563730"}],"version-history":[{"count":0,"href":"https:\/\/www.diarioimagen.net\/index.php?rest_route=\/wp\/v2\/posts\/563730\/revisions"}],"wp:attachment":[{"href":"https:\/\/www.diarioimagen.net\/index.php?rest_route=%2Fwp%2Fv2%2Fmedia&parent=563730"}],"wp:term":[{"taxonomy":"category","embeddable":true,"href":"https:\/\/www.diarioimagen.net\/index.php?rest_route=%2Fwp%2Fv2%2Fcategories&post=563730"},{"taxonomy":"post_tag","embeddable":true,"href":"https:\/\/www.diarioimagen.net\/index.php?rest_route=%2Fwp%2Fv2%2Ftags&post=563730"}],"curies":[{"name":"wp","href":"https:\/\/api.w.org\/{rel}","templated":true}]}}