{"id":563809,"date":"2022-10-26T00:01:27","date_gmt":"2022-10-26T05:01:27","guid":{"rendered":"https:\/\/www.diarioimagen.net\/?p=563809"},"modified":"2022-10-26T00:31:52","modified_gmt":"2022-10-26T05:31:52","slug":"pide-amlo-evitar-psicosis-por-caso-de-estudiantes-intoxicados","status":"publish","type":"post","link":"https:\/\/www.diarioimagen.net\/?p=563809","title":{"rendered":"Pide AMLO evitar psicosis por caso de estudiantes intoxicados"},"content":{"rendered":"<p>&nbsp;<\/p>\n<h3 style=\"text-align: center;\">En secundarias de Chiapas, Veracruz e Hidalgo<\/h3>\n<p>&nbsp;<\/p>\n<ul>\n<li><strong><em>Asegura que no habr\u00e1 un militar como Presidente; que est\u00e1n dedicados a su labor<\/em><\/strong><\/li>\n<\/ul>\n<p>&nbsp;<\/p>\n<div id=\"attachment_563810\" style=\"width: 470px\" class=\"wp-caption aligncenter\"><img loading=\"lazy\" decoding=\"async\" aria-describedby=\"caption-attachment-563810\" class=\"size-full wp-image-563810\" src=\"https:\/\/www.diarioimagen.net\/wp-content\/uploads\/2022\/10\/amlo-9.jpg\" alt=\"\" width=\"460\" height=\"270\" \/><p id=\"caption-attachment-563810\" class=\"wp-caption-text\">El presidente Andr\u00e9s Manuel L\u00f3pez Obrador llam\u00f3 a no generar psicosis por casos de intoxicaciones de alumnos en varias secundarias.<\/p><\/div>\n<p>&nbsp;<\/p>\n<p>Ante los recientes casos de intoxicaciones de estudiantes en secundarias de Chiapas, Veracruz e Hidalgo por ingerir agua en instalaciones en los planteles, el presidente Andr\u00e9s Manuel L\u00f3pez Obrador llam\u00f3, desde su ma\u00f1anera en Palacio Nacional, a no generar psicosis.<\/p>\n<p>Achac\u00f3 al fen\u00f3meno de la comunicaci\u00f3n por las redes sociales el riesgo de generar miedo entre la poblaci\u00f3n por esta problem\u00e1tica, la cual no desestim\u00f3, pero calific\u00f3 de \u201cno grave\u201d, pues apunt\u00f3 que el las primeras investigaciones que se han realizado, no hay elementos para asegurar que se trate de intoxicaci\u00f3n por coca\u00edna o alguna otra sustancia, como en principio trascendi\u00f3 y se masific\u00f3 esa versi\u00f3n por las redes.<\/p>\n<p>\u201cAntes, posiblemente hab\u00eda intoxicaciones por ingerir alimentos y no se sab\u00eda. Ahora, por las redes, se sabe todo, hay m\u00e1s comunicaci\u00f3n (\u2026) No se ha encontrado droga en el agua, se ha encontrado otro tipo de sustancias, elementos, pero no droga\u201d.<\/p>\n<p>A pregunta expresa sobre el tema, indic\u00f3 que los an\u00e1lisis y las indagatorias contin\u00faan su marcha y pidi\u00f3 no adelantar criterios hasta que \u00e9stas concluyan y se presenten los resultados. Estim\u00f3 que en diez d\u00edas se tendr\u00e1n los resultados de dichas indagatorias.<\/p>\n<p>\u201cSe est\u00e1 encontrando que no hubo droga y saben que como son un fen\u00f3meno de comunicaci\u00f3n que se dan en estos tiempos, es importante que no haya psicosis, porque los puede llevar a cometer actos precipitados contra personas, repartidores, maestros. Entonces que actuemos con prudencia, que esperemos los resultados, pero no hay nada que tenga que ver con droga\u201d.<\/p>\n<p>Una hip\u00f3tesis es por el efecto de las redes, y no me importa que los adversarios se\u00f1alen que estoy negando que existan estos problemas y que la culpa se la estoy echando a las redes. No, son fen\u00f3menos de comunicaci\u00f3n, contest\u00f3 a una pregunta.<\/p>\n<p>Remarc\u00f3 que las autoridades trabajan para buscar el origen de esta situaci\u00f3n. \u201cNos llam\u00f3 mucho la atenci\u00f3n que es un caso, y otro, y otro, y no tiene que ver con ninguna campa\u00f1a contraria al gobierno y de desprestigio, es un fen\u00f3meno que se da por comunicaci\u00f3n de masas\u201d.<\/p>\n<p style=\"text-align: center;\"><strong>No habr\u00e1 ning\u00fan militar como Presidente, afirma AMLO<\/strong><\/p>\n<p>Sobre las actividades de militares, L\u00f3pez Obrador descart\u00f3 que en el futuro los militares puedan participar en los comicios, incluso aspirar a la Presidencia de la Rep\u00fablica, al se\u00f1alar que est\u00e1n abocados a sus tareas de defensa y sobre todo porque son leales a los gobiernos civiles.<\/p>\n<p>\u201cNo, los militares est\u00e1n dedicados a sus tareas, sus funciones, nosotros tenemos un Ej\u00e9rcito muy leal a las instituciones.<\/p>\n","protected":false},"excerpt":{"rendered":"<p>Ante los recientes casos de intoxicaciones de estudiantes en secundarias de Chiapas, Veracruz e Hidalgo por ingerir agua en instalaciones en los planteles, el presidente Andr\u00e9s Manuel L\u00f3pez Obrador llam\u00f3, desde su ma\u00f1anera en Palacio Nacional, a no generar psicosis.<\/p>\n","protected":false},"author":3,"featured_media":563810,"comment_status":"open","ping_status":"open","sticky":false,"template":"","format":"standard","meta":{"_monsterinsights_skip_tracking":false,"_monsterinsights_sitenote_active":false,"_monsterinsights_sitenote_note":"","_monsterinsights_sitenote_category":0,"footnotes":""},"categories":[3],"tags":[2545,2014,96677,43673,90161],"class_list":["post-563809","post","type-post","status-publish","format-standard","has-post-thumbnail","hentry","category-nacional","tag-amlo","tag-estudiantes","tag-intoxicados","tag-nacional","tag-psicosis"],"_links":{"self":[{"href":"https:\/\/www.diarioimagen.net\/index.php?rest_route=\/wp\/v2\/posts\/563809","targetHints":{"allow":["GET"]}}],"collection":[{"href":"https:\/\/www.diarioimagen.net\/index.php?rest_route=\/wp\/v2\/posts"}],"about":[{"href":"https:\/\/www.diarioimagen.net\/index.php?rest_route=\/wp\/v2\/types\/post"}],"author":[{"embeddable":true,"href":"https:\/\/www.diarioimagen.net\/index.php?rest_route=\/wp\/v2\/users\/3"}],"replies":[{"embeddable":true,"href":"https:\/\/www.diarioimagen.net\/index.php?rest_route=%2Fwp%2Fv2%2Fcomments&post=563809"}],"version-history":[{"count":0,"href":"https:\/\/www.diarioimagen.net\/index.php?rest_route=\/wp\/v2\/posts\/563809\/revisions"}],"wp:featuredmedia":[{"embeddable":true,"href":"https:\/\/www.diarioimagen.net\/index.php?rest_route=\/wp\/v2\/media\/563810"}],"wp:attachment":[{"href":"https:\/\/www.diarioimagen.net\/index.php?rest_route=%2Fwp%2Fv2%2Fmedia&parent=563809"}],"wp:term":[{"taxonomy":"category","embeddable":true,"href":"https:\/\/www.diarioimagen.net\/index.php?rest_route=%2Fwp%2Fv2%2Fcategories&post=563809"},{"taxonomy":"post_tag","embeddable":true,"href":"https:\/\/www.diarioimagen.net\/index.php?rest_route=%2Fwp%2Fv2%2Ftags&post=563809"}],"curies":[{"name":"wp","href":"https:\/\/api.w.org\/{rel}","templated":true}]}}