{"id":563821,"date":"2022-10-26T00:04:27","date_gmt":"2022-10-26T05:04:27","guid":{"rendered":"https:\/\/www.diarioimagen.net\/?p=563821"},"modified":"2022-10-26T00:00:36","modified_gmt":"2022-10-26T05:00:36","slug":"llamado-de-alejandra-del-moral-a-construir-la-coalicion-para-edomex","status":"publish","type":"post","link":"https:\/\/www.diarioimagen.net\/?p=563821","title":{"rendered":"Llamado de Alejandra Del Moral a construir la coalici\u00f3n para Edomex"},"content":{"rendered":"<p>&nbsp;<\/p>\n<ul>\n<li><em><strong>Encuentro con alcaldes priistas<\/strong><\/em><\/li>\n<\/ul>\n<p><strong>\u00a0<\/strong><\/p>\n<h6>Arturo Baena<\/h6>\n<p>&nbsp;<\/p>\n<div id=\"attachment_563822\" style=\"width: 470px\" class=\"wp-caption aligncenter\"><img loading=\"lazy\" decoding=\"async\" aria-describedby=\"caption-attachment-563822\" class=\"size-full wp-image-563822\" src=\"https:\/\/www.diarioimagen.net\/wp-content\/uploads\/2022\/10\/llamado-de-Alejandra.jpg\" alt=\"\" width=\"460\" height=\"270\" \/><p id=\"caption-attachment-563822\" class=\"wp-caption-text\">Alejandra Del Moral destac\u00f3 que el PRI se caracteriza por crear e implementar buenas pol\u00edticas p\u00fablicas, por lo que \u201cse va a defender el estado de los que quieren llegar a romper instituciones\u201d.<\/p><\/div>\n<p>&nbsp;<\/p>\n<p><strong>Valle de M\u00e9xico.\u2014<\/strong> Al reunirse con alcaldes del PRI, Alejandra Del Moral Vela reiter\u00f3 que el segundo paso es construir la coalici\u00f3n con el Partido Acci\u00f3n Nacional (PAN) y el Partido de la Revoluci\u00f3n Democr\u00e1tica (PRD), y enfocarse en la meta de ganar una elecci\u00f3n con propuestas, y record\u00f3 que con la coalici\u00f3n se consiguieron 72 presidencias municipales.<\/p>\n<p>\u201cEl pr\u00f3ximo momento ser\u00e1 la construcci\u00f3n de la coalici\u00f3n con PAN, PRD, buscar que nos une y encontrar c\u00f3mo vamos a salir a presentar la mejor propuesta para que los ciudadanos mexiquenses pues conf\u00eden en nosotros\u201d, enfatiz\u00f3.<\/p>\n<p>Del Moral destac\u00f3 que el partido tricolor se caracteriza por crear e implementar buenas pol\u00edticas p\u00fablicas, por lo que \u201cse va a defender el estado de los que quieren llegar a romper instituciones\u201d.<\/p>\n<p>Asimismo, sostuvo que el PRI es una instituci\u00f3n pol\u00edtica que le ha ense\u00f1ado que la \u201clealtad, la institucionalidad y la unidad\u201d son los valores fundamentales de cada militante tricolor.<\/p>\n<p>En ese sentido, Eric Sevilla, dirigente del PRI mexiquense, destac\u00f3 que \u201cestamos preparados para cerrarle el paso a malos gobiernos\u201d.<\/p>\n","protected":false},"excerpt":{"rendered":"<p>Al reunirse con alcaldes del PRI, Alejandra Del Moral Vela reiter\u00f3 que el segundo paso es construir la coalici\u00f3n con el Partido Acci\u00f3n Nacional (PAN) y el Partido de la Revoluci\u00f3n Democr\u00e1tica (PRD), y enfocarse en la meta de ganar una elecci\u00f3n con propuestas, y record\u00f3 que con la coalici\u00f3n se consiguieron 72 presidencias municipales.<\/p>\n","protected":false},"author":3,"featured_media":563822,"comment_status":"open","ping_status":"open","sticky":false,"template":"","format":"standard","meta":{"_monsterinsights_skip_tracking":false,"_monsterinsights_sitenote_active":false,"_monsterinsights_sitenote_note":"","_monsterinsights_sitenote_category":0,"footnotes":""},"categories":[5],"tags":[15455,65154,982,34],"class_list":["post-563821","post","type-post","status-publish","format-standard","has-post-thumbnail","hentry","category-estado-de-mexico","tag-coalicion","tag-construir","tag-partido-accion-nacional","tag-valle-de-mexico"],"_links":{"self":[{"href":"https:\/\/www.diarioimagen.net\/index.php?rest_route=\/wp\/v2\/posts\/563821","targetHints":{"allow":["GET"]}}],"collection":[{"href":"https:\/\/www.diarioimagen.net\/index.php?rest_route=\/wp\/v2\/posts"}],"about":[{"href":"https:\/\/www.diarioimagen.net\/index.php?rest_route=\/wp\/v2\/types\/post"}],"author":[{"embeddable":true,"href":"https:\/\/www.diarioimagen.net\/index.php?rest_route=\/wp\/v2\/users\/3"}],"replies":[{"embeddable":true,"href":"https:\/\/www.diarioimagen.net\/index.php?rest_route=%2Fwp%2Fv2%2Fcomments&post=563821"}],"version-history":[{"count":0,"href":"https:\/\/www.diarioimagen.net\/index.php?rest_route=\/wp\/v2\/posts\/563821\/revisions"}],"wp:featuredmedia":[{"embeddable":true,"href":"https:\/\/www.diarioimagen.net\/index.php?rest_route=\/wp\/v2\/media\/563822"}],"wp:attachment":[{"href":"https:\/\/www.diarioimagen.net\/index.php?rest_route=%2Fwp%2Fv2%2Fmedia&parent=563821"}],"wp:term":[{"taxonomy":"category","embeddable":true,"href":"https:\/\/www.diarioimagen.net\/index.php?rest_route=%2Fwp%2Fv2%2Fcategories&post=563821"},{"taxonomy":"post_tag","embeddable":true,"href":"https:\/\/www.diarioimagen.net\/index.php?rest_route=%2Fwp%2Fv2%2Ftags&post=563821"}],"curies":[{"name":"wp","href":"https:\/\/api.w.org\/{rel}","templated":true}]}}