{"id":563875,"date":"2022-10-26T00:15:11","date_gmt":"2022-10-26T05:15:11","guid":{"rendered":"https:\/\/www.diarioimagen.net\/?p=563875"},"modified":"2022-10-28T02:49:23","modified_gmt":"2022-10-28T07:49:23","slug":"de-que-la-perra-es-brava","status":"publish","type":"post","link":"https:\/\/www.diarioimagen.net\/?p=563875","title":{"rendered":"De que la perra es brava\u2026"},"content":{"rendered":"<h2>Por la Derecha..!<\/h2>\n<h5>Luis \u00c1ngel Garc\u00eda<\/h5>\n<p>&nbsp;<\/p>\n<p>Heredera de las peores pr\u00e1cticas del viejo l\u00edder priista Carlos Sansores P\u00e9rez -su padre-, la gobernadora de Campeche, trepadora de la pol\u00edtica, no tiene empacho en recurrir a actos ilegales para denostar o atacar a sus enemigos, aun los de su propio establo.<\/p>\n<p>Siempre envuelta en esc\u00e1ndalos pol\u00edticos y de corrupci\u00f3n -al viejo estilo del tricolor-, reconoce con gran cinismo que Carlos Salinas de Gortari le regal\u00f3 una diputaci\u00f3n federal para congratularse con \u201cel negro\u201d Sansores, y desbanc\u00f3 al suplente de un legislador que ocup\u00f3 un cargo en la administraci\u00f3n p\u00fablica. Entonces, no le ve\u00eda al partido de su padre ning\u00fan defecto, ni rechaz\u00f3 esa arbitraria representaci\u00f3n popular. Disfrut\u00f3 de las mieles de estar arriba, en el carro de la Revoluci\u00f3n, mientras el sistema de partido \u00fanico la favoreci\u00f3, salvo el no hacerla gobernadora de su tierra natal. Por eso, como buen chapul\u00edn, brinc\u00f3 del partido de sus amores, al PT, quien la acogi\u00f3 como senadora, donde no destac\u00f3 por sus aportaciones al debate parlamentario \u2014nadie recuerda sus intervenciones en tribuna\u2014, pero s\u00ed llam\u00f3 la atenci\u00f3n por sus nada franciscanos gastos en productos personales y de belleza. El b\u00f3tox, las cremas, los perfumes y accesorios de la representante popular corrieron a cargo del erario, del dinero de los contribuyentes.<\/p>\n<p>Seguro hered\u00f3 mucho de lo que acumul\u00f3 el ex dirigente del PRI, pero no est\u00e1 por dem\u00e1s incrementar la fortuna personal para mantener el nivel de vida que se requiere para vivir en el Pedregal, lo que la catapult\u00f3 para ser alcaldesa en \u00c1lvaro Obreg\u00f3n. Donde no acab\u00f3 con la demarcaci\u00f3n porque Dios fue grande. Poco le import\u00f3 resolver los problemas de una de las alcald\u00edas m\u00e1s grandes de la CDMX, de fuertes contrastes socioecon\u00f3micos, con problemas de movilidad, de p\u00e9rdida de espacios p\u00fablicos, inseguridad, deserci\u00f3n escolar, adicciones, ambulantaje y un relicario de graves carencias que impiden la sana convivencia y la gobernabilidad. Pero nada de ello le import\u00f3, utiliz\u00f3 recursos y tiempo para \u201cescaparse\u201d a su entidad, de la que por cierto era poco avecindada. Pero la maquinaria de la 4T, como en los memorables momentos del imperio priista, todo lo puede y la sent\u00f3 en la silla del Palacio de Gobierno.<\/p>\n<p>Para desgracia de los campechanos, lleg\u00f3 a la ciudad amurallada para olvidarse de gobernar, igual que lo hizo con los obregonenses. Lo suyo es el stand up, la comedia. Como lo hiciera Ch\u00e1vez, Maduro y el propio tabasque\u00f1o, se apropia de un espacio televisivo para atacar, denigrar, exhibir a los contrincantes suyos o de la 4T. Funcion\u00f3 con su paisano \u201cAlito\u201d, a quien sus corruptelas y unas grabaciones ilegales, lo mantienen al servicio de los caprichos presidenciales. Gran trabajo hizo la gobernadora ausente para descarrilar a uno de los protagonistas de la quim\u00e9rica alianza opositora. Pero nunca se aclar\u00f3 el origen de las grabaciones y es un delito que todav\u00eda est\u00e1 impune. Pero, ya encarrerado el rat\u00f3n, se fue contra el hijo desobediente de la 4T: El l\u00edder de la bancada de Morena en el Senado, el zacatecano Ricardo Monreal, quien insiste en su leg\u00edtimo derecho a competir como abanderado guinda en las elecciones del 2024, a pesar de no ser el consentido del inquilino de Palacio Nacional, el que no le perdona su falta de control sobre opositores en la C\u00e1mara alta.<\/p>\n<p>Quiere quedar bien Layda con el tlatoani y amenaza con balconear a su correligionario, el cual ha calificado la sola insinuaci\u00f3n de Layda como una campa\u00f1a negra de su propio partido e incluso visualiza la derrota de la 4T en los comicios de 2024. La desgobernadora juega con fuego, y lejos de querer quemar a Monreal, puede afectar el proyecto pol\u00edtico de su jefe moral. Pero de que la perra es brava\u2026<\/p>\n","protected":false},"excerpt":{"rendered":"<p><span style=\"color: #005497;\"><strong>Luis \u00c1ngel Garc\u00eda<\/strong><\/span><\/p>\n","protected":false},"author":3,"featured_media":0,"comment_status":"open","ping_status":"open","sticky":false,"template":"","format":"standard","meta":{"_monsterinsights_skip_tracking":false,"_monsterinsights_sitenote_active":false,"_monsterinsights_sitenote_note":"","_monsterinsights_sitenote_category":0,"footnotes":""},"categories":[92115],"tags":[92117,43674,92116],"class_list":["post-563875","post","type-post","status-publish","format-standard","hentry","category-luis-angel-garcia","tag-luis-angel-garcia","tag-opinion","tag-por-la-derecha"],"_links":{"self":[{"href":"https:\/\/www.diarioimagen.net\/index.php?rest_route=\/wp\/v2\/posts\/563875","targetHints":{"allow":["GET"]}}],"collection":[{"href":"https:\/\/www.diarioimagen.net\/index.php?rest_route=\/wp\/v2\/posts"}],"about":[{"href":"https:\/\/www.diarioimagen.net\/index.php?rest_route=\/wp\/v2\/types\/post"}],"author":[{"embeddable":true,"href":"https:\/\/www.diarioimagen.net\/index.php?rest_route=\/wp\/v2\/users\/3"}],"replies":[{"embeddable":true,"href":"https:\/\/www.diarioimagen.net\/index.php?rest_route=%2Fwp%2Fv2%2Fcomments&post=563875"}],"version-history":[{"count":0,"href":"https:\/\/www.diarioimagen.net\/index.php?rest_route=\/wp\/v2\/posts\/563875\/revisions"}],"wp:attachment":[{"href":"https:\/\/www.diarioimagen.net\/index.php?rest_route=%2Fwp%2Fv2%2Fmedia&parent=563875"}],"wp:term":[{"taxonomy":"category","embeddable":true,"href":"https:\/\/www.diarioimagen.net\/index.php?rest_route=%2Fwp%2Fv2%2Fcategories&post=563875"},{"taxonomy":"post_tag","embeddable":true,"href":"https:\/\/www.diarioimagen.net\/index.php?rest_route=%2Fwp%2Fv2%2Ftags&post=563875"}],"curies":[{"name":"wp","href":"https:\/\/api.w.org\/{rel}","templated":true}]}}