{"id":563950,"date":"2022-10-27T00:33:29","date_gmt":"2022-10-27T05:33:29","guid":{"rendered":"https:\/\/www.diarioimagen.net\/?p=563950"},"modified":"2022-10-27T02:19:50","modified_gmt":"2022-10-27T07:19:50","slug":"blindaran-al-tren-maya-de-probables-amenazas-criminales","status":"publish","type":"post","link":"https:\/\/www.diarioimagen.net\/?p=563950","title":{"rendered":"\u201cBlindar\u00e1n\u201d al Tren Maya de probables amenazas criminales"},"content":{"rendered":"<p>&nbsp;<\/p>\n<h3 style=\"text-align: center;\">Con el apoyo del BID<\/h3>\n<p>&nbsp;<\/p>\n<ul>\n<li><strong><em>Est\u00e1n preparando un proyecto con los gobiernos federal y locales del sureste del pa\u00eds<\/em><\/strong><\/li>\n<\/ul>\n<p><strong>\u00a0<\/strong><\/p>\n<div id=\"attachment_564013\" style=\"width: 470px\" class=\"wp-caption aligncenter\"><img loading=\"lazy\" decoding=\"async\" aria-describedby=\"caption-attachment-564013\" class=\"size-full wp-image-564013\" src=\"https:\/\/www.diarioimagen.net\/wp-content\/uploads\/2022\/10\/TREN01-1.jpg\" alt=\"\" width=\"460\" height=\"270\" \/><p id=\"caption-attachment-564013\" class=\"wp-caption-text\">El BID dio a conocer que preparan un proyecto para blindar el Tren Maya de posibles incursiones del crimen.<\/p><\/div>\n<p>&nbsp;<\/p>\n<p><strong>Canc\u00fan.\u2014<\/strong> El Banco Interamericano de Desarrollo (BID) dio a conocer que est\u00e1n preparando un proyecto con los gobiernos federal y locales del sureste del pa\u00eds a fin de blindar el Tren Maya de posibles incursiones del crimen.<\/p>\n<p>Explicaron que ser\u00eda una Cooperaci\u00f3n T\u00e9cnica con valor de 150 mil d\u00f3lares para fortalecer las capacidades de an\u00e1lisis criminal que permitan al gobierno entender en profundidad y detalle el problema, sus causas y generar estrategias de combate. \u201cEste componente va a financiar actividades de asistencia t\u00e9cnica, capacitaci\u00f3n y aprendizaje para aplicar el modelo -Fortalecimiento de capacidades orientado por la b\u00fasqueda de soluciones- a problemas de seguridad relacionados con los impactos socioecon\u00f3micos del Tren Maya y\/o del Corredor Interoce\u00e1nico\u201d, detallaron en un comunicado.<\/p>\n<p>A trav\u00e9s del Centro Nacional de Informaci\u00f3n, dependiente del Secretariado Ejecutivo del Sistema Nacional de Seguridad P\u00fablica (SESNSP), realizar\u00edan actividades como la implementaci\u00f3n de una metodolog\u00eda orientada por soluciones y apoyo para la conformaci\u00f3n de un grupo de trabajo intergubernamental para identificar demandas de capacitaci\u00f3n en an\u00e1lisis criminal.<\/p>\n<p>La federaci\u00f3n, seg\u00fan el informe, ha identificado dos grandes proyectos para apoyar el cierre de las brechas en la regi\u00f3n sur-sureste: El Tren Maya (65 mil millones de pesos) y el Corredor Interoce\u00e1nico (46 mil millones de pesos), a lo que se suman gastos de infraestructura y adecuaciones complementarias por 108 mil millones de pesos, en suma, casi 1 por ciento del Producto Interno Bruto.<\/p>\n<p>\u201cCualquier iniciativa estrat\u00e9gica de desarrollo productivo inclusivo debe incluir la dimensi\u00f3n de seguridad y justicia para asegurar que los beneficios sean sostenibles y le lleguen a los beneficiarios\u201d, a\u00f1aden en la informaci\u00f3n.<\/p>\n<p>El BID se\u00f1ala que la incidencia del crimen y la violencia imponen alt\u00edsimas barreras al clima de negocios en M\u00e9xico, en particular a los m\u00e1s d\u00e9biles, las peque\u00f1as y medianas empresas. Siendo este el principal problema de las empresas para hacer negocios en M\u00e9xico ya que de 137 pa\u00edses, ocupa el 131 en t\u00e9rminos de los costos que el crimen y la violencia generan.<\/p>\n<p>\u200b\u201dEl alto n\u00famero de extorsiones a los negocios impactan en particular la competitividad de las peque\u00f1as y medianas empresas que no pueden contratar seguridad privada. Asimismo, el aumento de la incidencia criminal est\u00e1 fuertemente asociado al aumento de la pobreza y la desigualdad. En particular, el crimen y la violencia limitan la capacidad de los j\u00f3venes de adquirir y acumular capital humano, excluy\u00e9ndolos de actividades productivas\u201d. Dicho proyecto se encuentra en la plataforma del BID desde el 20 de septiembre con el estatus \u201cen preparaci\u00f3n\u201d, concluye el comunicado.<\/p>\n<p style=\"text-align: center;\"><strong>Tren Maya, detonante de la econom\u00eda: Sedetur<\/strong><\/p>\n<p>Miguel Torruco Marqu\u00e9s, secretario de Turismo (Sectur), explic\u00f3 que el Tren Maya ser\u00e1 un detonante de la econom\u00eda, el empleo y el bienestar de las comunidades.<\/p>\n<p>Al presidir la Primera Sesi\u00f3n Ordinaria del Consejo Consultivo de Turismo (CCT) 2022, dio a conocer los avances del Tren Maya, que pretende promover una mayor productividad, aumento en la derrama econ\u00f3mica, generaci\u00f3n de empleos.<\/p>\n<p>Torruco Marqu\u00e9s dijo que, a lo largo de los mil 554 kil\u00f3metros de extensi\u00f3n, esta obra conectar\u00e1 los estados de Campeche, Chiapas, Tabasco, Quintana Roo y Yucat\u00e1n, con 20 estaciones, que a lo largo de su recorrido contar\u00e1 con m\u00e1s 190 atractivos tur\u00edsticos de alto impacto.<\/p>\n<p>Mientras tanto, Violeta Giorgina Abreu Gonz\u00e1lez, directora de Gesti\u00f3n Estrat\u00e9gica y Enlace Institucional del Fondo Nacional de Fomento al Turismo (Fonatur), detall\u00f3 que el Tren Maya lleva un avance del 47.38% en los Tramos 1 al 4, y confirm\u00f3 que ser\u00e1 inaugurado en diciembre de 2023.<\/p>\n","protected":false},"excerpt":{"rendered":"<p>El Banco Interamericano de Desarrollo (BID) dio a conocer que est\u00e1n preparando un proyecto con los gobiernos federal y locales del sureste del pa\u00eds a fin de blindar el Tren Maya de posibles incursiones del crimen.<\/p>\n","protected":false},"author":3,"featured_media":564013,"comment_status":"open","ping_status":"open","sticky":false,"template":"","format":"standard","meta":{"_monsterinsights_skip_tracking":false,"_monsterinsights_sitenote_active":false,"_monsterinsights_sitenote_note":"","_monsterinsights_sitenote_category":0,"footnotes":""},"categories":[7],"tags":[96214,83270,43677,76415],"class_list":["post-563950","post","type-post","status-publish","format-standard","has-post-thumbnail","hentry","category-seguridad","tag-brindan","tag-criminales","tag-seguridad","tag-tren-maya"],"_links":{"self":[{"href":"https:\/\/www.diarioimagen.net\/index.php?rest_route=\/wp\/v2\/posts\/563950","targetHints":{"allow":["GET"]}}],"collection":[{"href":"https:\/\/www.diarioimagen.net\/index.php?rest_route=\/wp\/v2\/posts"}],"about":[{"href":"https:\/\/www.diarioimagen.net\/index.php?rest_route=\/wp\/v2\/types\/post"}],"author":[{"embeddable":true,"href":"https:\/\/www.diarioimagen.net\/index.php?rest_route=\/wp\/v2\/users\/3"}],"replies":[{"embeddable":true,"href":"https:\/\/www.diarioimagen.net\/index.php?rest_route=%2Fwp%2Fv2%2Fcomments&post=563950"}],"version-history":[{"count":0,"href":"https:\/\/www.diarioimagen.net\/index.php?rest_route=\/wp\/v2\/posts\/563950\/revisions"}],"wp:featuredmedia":[{"embeddable":true,"href":"https:\/\/www.diarioimagen.net\/index.php?rest_route=\/wp\/v2\/media\/564013"}],"wp:attachment":[{"href":"https:\/\/www.diarioimagen.net\/index.php?rest_route=%2Fwp%2Fv2%2Fmedia&parent=563950"}],"wp:term":[{"taxonomy":"category","embeddable":true,"href":"https:\/\/www.diarioimagen.net\/index.php?rest_route=%2Fwp%2Fv2%2Fcategories&post=563950"},{"taxonomy":"post_tag","embeddable":true,"href":"https:\/\/www.diarioimagen.net\/index.php?rest_route=%2Fwp%2Fv2%2Ftags&post=563950"}],"curies":[{"name":"wp","href":"https:\/\/api.w.org\/{rel}","templated":true}]}}