{"id":564024,"date":"2022-10-27T00:04:04","date_gmt":"2022-10-27T05:04:04","guid":{"rendered":"https:\/\/www.diarioimagen.net\/?p=564024"},"modified":"2022-10-27T02:29:53","modified_gmt":"2022-10-27T07:29:53","slug":"lealtad-del-ejercito","status":"publish","type":"post","link":"https:\/\/www.diarioimagen.net\/?p=564024","title":{"rendered":"Lealtad del Ej\u00e9rcito"},"content":{"rendered":"<h2>Desde el portal<\/h2>\n<h5>\u00c1ngel Soriano<\/h5>\n<p>&nbsp;<\/p>\n<p>Una de las misiones, poco conocidas, del Ej\u00e9rcito es contribuir al desarrollo del pa\u00eds, y lo est\u00e1 haciendo ahora, estableci\u00f3 el presidente Andr\u00e9s Manuel L\u00f3pez Obrador al referirse a las megaobras encomendadas a la instituci\u00f3n m\u00e1s prestigiadas del pa\u00eds y aclar\u00f3 que la autoridad civil es la responsable de la actuaci\u00f3n de sus integrantes.<\/p>\n<p>Es decir, el Ej\u00e9rcito no se manda s\u00f3lo. Tiene un Comandante Supremo que por mandato constitucional es el Presidente de la Rep\u00fablica y hace lo que \u00e9ste le ordena, en consecuencia, de los hechos contempor\u00e1neos hist\u00f3ricos en los que se ha visto involucrado -1968, 10 de junio-, entre otros, ha sido porque ha cumplido instrucciones.<\/p>\n<p>Incluso los mismos ex presidentes D\u00edaz Ordaz y Luis Echeverr\u00eda asumieron, en su momento, su responsabilidad en las funciones del Ej\u00e9rcito, pues sus elementos han actuado en cumplimiento de un deber que en ese momento le asign\u00f3 el Jefe de Estado y s\u00f3lo obedecieron \u00f3rdenes como lo han hecho a lo largo de la historia.<\/p>\n<p>Lo anterior lo expres\u00f3 el presidente L\u00f3pez Obrador para destacar la lealtad y deslindar la responsabilidad del instituto armado e indicar que no tiene aspiraciones de poder, ni est\u00e1 ligado a grupos olig\u00e1rquicos, por lo que decir que ha asumido funciones que no le corresponden o pretende el poder total, es una alucinaci\u00f3n.<\/p>\n<p style=\"text-align: center;\"><strong>TURBULENCIAS<br \/>\nDeslindan de responsabilidades a P\u00edo<\/strong><\/p>\n<p>P\u00edo L\u00f3pez Obrador fue exonerado de la acusaci\u00f3n de haber recibido dinero il\u00edcito para financiar un movimiento. No es el movimiento de nosotros, dijo L\u00f3pez Obrador al se\u00f1alar que los acusadores tendr\u00e1n que interponer nueva demanda si es que insisten en lo mismo; lo mismo ocurri\u00f3 con el mensajero, David Le\u00f3n, que afirma que tampoco cometi\u00f3 delito alguno al entregar ese recurso que, indudablemente, sali\u00f3 de las arcas p\u00fablicas del gobierno de Chiapas\u2026 Y en ese mismo tenor avanzar\u00e1n otras culpabilidades que ser\u00e1n exoneradas para dejar limpios a los protagonistas del momento y puedan integrarse a las filas de la IV-Transformaci\u00f3n al haber sacrificado su situaci\u00f3n personal por la causa ahora patri\u00f3tica\u2026 Y Layda Sansores insiste en involucrar en hechos il\u00edcitos al ex gobernador de Zacatecas, Ricardo Monreal, pero lo que en realidad hace es el rid\u00edculo, pues carecen de sustento y m\u00e1s bien son infantiles las acusaciones. La ahora gobernadora de Campeche deber\u00eda responder por los malos manejos en su administraci\u00f3n como delegada en \u00c1lvaro Obreg\u00f3n, d\u00f3nde realiz\u00f3 gastos suntuosos sin ninguna utilidad en una demarcaci\u00f3n abrumada por los problemas urbanos que padece, y ahora el presidente de la Jucopo amenaza con emprender acciones legales contra la campechana. Ser\u00e1 interesante, puesto que Monreal adem\u00e1s de ser destacado pol\u00edtico tiene doctorado en Derecho\u2026 El ex presidente Felipe Calder\u00f3n se muestra muy activo en su actividad pol\u00edtica, por lo que el presidente L\u00f3pez Obrador lo conmin\u00f3 a participar con sus opiniones en la reforma electoral en marcha. De eso se trata, dijo el tabasque\u00f1o, de que participen todos y al dicho de Calder\u00f3n de que este mes se acabar\u00eda la democracia con la reforma electoral en marcha, indic\u00f3 el Presidente que la democracia no se acab\u00f3 cuando se rob\u00f3 la presidencia\u2026 Lo cierto es que la reforma electoral busca reducir los colosales gastos que realizan los consejeros electorales por realizar una funci\u00f3n que m\u00e1s bien deber\u00eda ser honor\u00edfica. Es decir, en las comunidades ind\u00edgenas el servicio p\u00fablico es un apostolado y no deben cobrar pues es una contribuci\u00f3n social; en el caso del INE esa funci\u00f3n es una v\u00eda para el enriquecimiento mediante el uso a su libre albedr\u00edo de los cuantiosos recursos p\u00fablicos de los que disponen.<\/p>\n<p><u><a href=\"mailto:asorianocarrasco@yahoo.com\" target=\"_blank\" rel=\"noopener noreferrer\"><em>asorianocarrasco@yahoo.com<\/em><\/a><br \/>\n<em><a href=\"https:\/\/revistabrecha.com\" target=\"_blank\" rel=\"noopener noreferrer\">www.revistabrecha.com<\/a><br \/>\n<\/em><\/u><em>facebook oficial <a href=\"https:\/\/es-la.facebook.com\/RevistaBrecha.Oficial\" target=\"_blank\" rel=\"noopener\">@BrechaRevista<\/a><\/em><\/p>\n","protected":false},"excerpt":{"rendered":"<p><span style=\"color: #005497;\"><strong>\u00c1ngel Soriano<\/strong><\/span><\/p>\n","protected":false},"author":3,"featured_media":0,"comment_status":"open","ping_status":"open","sticky":false,"template":"","format":"standard","meta":{"_monsterinsights_skip_tracking":false,"_monsterinsights_sitenote_active":false,"_monsterinsights_sitenote_note":"","_monsterinsights_sitenote_category":0,"footnotes":""},"categories":[135],"tags":[85,86,43674],"class_list":["post-564024","post","type-post","status-publish","format-standard","hentry","category-angel-soriano-opinion","tag-angel-soriano","tag-desde-el-portal","tag-opinion"],"_links":{"self":[{"href":"https:\/\/www.diarioimagen.net\/index.php?rest_route=\/wp\/v2\/posts\/564024","targetHints":{"allow":["GET"]}}],"collection":[{"href":"https:\/\/www.diarioimagen.net\/index.php?rest_route=\/wp\/v2\/posts"}],"about":[{"href":"https:\/\/www.diarioimagen.net\/index.php?rest_route=\/wp\/v2\/types\/post"}],"author":[{"embeddable":true,"href":"https:\/\/www.diarioimagen.net\/index.php?rest_route=\/wp\/v2\/users\/3"}],"replies":[{"embeddable":true,"href":"https:\/\/www.diarioimagen.net\/index.php?rest_route=%2Fwp%2Fv2%2Fcomments&post=564024"}],"version-history":[{"count":0,"href":"https:\/\/www.diarioimagen.net\/index.php?rest_route=\/wp\/v2\/posts\/564024\/revisions"}],"wp:attachment":[{"href":"https:\/\/www.diarioimagen.net\/index.php?rest_route=%2Fwp%2Fv2%2Fmedia&parent=564024"}],"wp:term":[{"taxonomy":"category","embeddable":true,"href":"https:\/\/www.diarioimagen.net\/index.php?rest_route=%2Fwp%2Fv2%2Fcategories&post=564024"},{"taxonomy":"post_tag","embeddable":true,"href":"https:\/\/www.diarioimagen.net\/index.php?rest_route=%2Fwp%2Fv2%2Ftags&post=564024"}],"curies":[{"name":"wp","href":"https:\/\/api.w.org\/{rel}","templated":true}]}}