{"id":564026,"date":"2022-10-27T00:08:57","date_gmt":"2022-10-27T05:08:57","guid":{"rendered":"https:\/\/www.diarioimagen.net\/?p=564026"},"modified":"2022-10-27T02:32:51","modified_gmt":"2022-10-27T07:32:51","slug":"el-espionaje-politico","status":"publish","type":"post","link":"https:\/\/www.diarioimagen.net\/?p=564026","title":{"rendered":"El espionaje pol\u00edtico"},"content":{"rendered":"<h2>Punto por punto<\/h2>\n<h5>Augusto Corro<\/h5>\n<p>&nbsp;<\/p>\n<p>Se abri\u00f3 la temporada de espionaje que ya alcanz\u00f3 a los altos personajes del primer nivel de la pol\u00edtica mexicana.<\/p>\n<p>Sin duda, se trata de una pr\u00e1ctica en la que no se respeta la privacidad de las personas y que en nuestro pa\u00eds no se castiga.<\/p>\n<p>As\u00ed lo hemos visto en el espionaje al dirigente del Partido Revolucionario Institucional (PRI), el ex gobernador, Alejandro \u201cAlito\u201d Moreno.\u00a0 La gobernadora de Campeche, Layda Sansores, se encarg\u00f3 de mostrar en su programa \u201cMartes del jaguar\u201d, una colecci\u00f3n de audios de las conversaciones privadas del priista.<\/p>\n<p>Una vez cumplido con el objetivo de presionar al tricolor, este martes dio a conocer m\u00e1s conversaciones entre el campechano \u201cAlito\u201d y el l\u00edder del Senado, Ricardo Monreal.<\/p>\n<p>Fueron presentados presuntos mensajes en los que Monreal se ofreci\u00f3 defender a \u201cAlito\u201d en un problema judicial que gan\u00f3. En las pl\u00e1ticas tambi\u00e9n pactaron acuerdos pol\u00edticos electorales.<\/p>\n<p>Con base en los chats, la gobernadora Sansores acus\u00f3 a Monreal de \u201ctraidor\u201d, \u201cdesleal\u201d y de \u201ctraficar\u201d con la justicia.<\/p>\n<p style=\"text-align: center;\"><strong>\u00bfQui\u00e9n sigue?<\/strong><\/p>\n<p>Todo hace suponer que a la morenista Sansores le dieron las armas para ablandar a quienes rechazan alinearse con el lopezobradorismo.<\/p>\n<p>De ah\u00ed la pregunta: \u00bfQui\u00e9n sigue? Con el ex gobernador de Campeche y l\u00edder priista funcion\u00f3 muy bien el garrote como instrumento de presi\u00f3n.\u00a0 \u201cAlito\u201d se negaba a apoyar a Morena en las reformas sobre la militarizaci\u00f3n, pero al final, las aprob\u00f3 y apoy\u00f3.<\/p>\n<p>En el caso del l\u00edder del Senado, se trata de otro tema, quiz\u00e1s m\u00e1s importante que el anterior; pues Monreal es un hueso duro de roer.<\/p>\n<p>Tras el destape de las \u201ccorcholatas\u201d realizado por el propio presidente L\u00f3pez Obrador, el senador empez\u00f3 a remar contra la corriente.\u00a0 Para empezar, el mandatario mostr\u00f3 que entre sus precandidatos preferidos no estaba Monreal, pues s\u00f3lo se acord\u00f3 de Claudia Sheinbaum, Marcelo Ebrard y Ad\u00e1n Augusto L\u00f3pez.<\/p>\n<p>Monreal se autodestap\u00f3 y se defendi\u00f3 y por fin lo incluyeron en la lista de las \u201ccorcholatas\u201d.<\/p>\n<p>Los morenistas ya comprobaron que el espionaje y las amenazas les dieron resultados positivos y continuar\u00e1n con esa pr\u00e1ctica de presi\u00f3n contra los adversarios pol\u00edticos. Ahora, la lucha pol\u00edtica se centrar\u00e1 en Morena, debido a que en esa organizaci\u00f3n existen grupos pol\u00edticos que pugnar\u00e1n por que se designe a su representante preferido como precandidato presidencial.\u00a0 Esa guerra interna morenista seguramente llegar\u00e1.<\/p>\n<p style=\"text-align: center;\"><strong>Las andanadas contra Monreal<\/strong><\/p>\n<p>Los ataques contra Monreal ya se esperaban, pero no por parte de su compa\u00f1era de partido Layda Sansores.\u00a0 Si ya funcion\u00f3 bien el dar a conocer los audios de \u201cAlito\u201d, era de esperarse que la pr\u00e1ctica del espionaje telef\u00f3nico se ampliar\u00e1 hacia los inconformes.\u00a0 La lucha entre las corcholatas tiene meses que empez\u00f3 y seguramente algo no funciona bien con Monreal que decidieron mostrar sus conversaciones telef\u00f3nicas privadas.<\/p>\n<p>Esa conducta de los esp\u00edas es posible que sirvan como advertencia a los adversarios pol\u00edticos de Morena o los mismos morenistas que no quieran \u201calinearse\u201d. Por cierto, es la segunda vez que se enfrentan pol\u00edticamente la jefa de Gobierno de la Ciudad de M\u00e9xico, Claudia Sheinbaum, y el l\u00edder del Senado, Ricardo Monreal.<\/p>\n<p>Ambos pelearon por el gobierno de la CDMX y ella gan\u00f3. En esa ocasi\u00f3n se comentaba la posible renuncia del senador a Morena e irse a otro partido. No estuvo conforme con la designaci\u00f3n de Claudia Sheinbaum. Algo parecido se registra en estos d\u00edas en que todos los partidos pol\u00edticos se disponen a participar en la contienda electoral presidencial.<\/p>\n<p>En la oposici\u00f3n pol\u00edtica van rezagados con la designaci\u00f3n de precandidatos. En Morena madrugaron con los destapes.<\/p>\n<p>Estamos en tiempos de lucha pol\u00edtica en los que quienes compiten echar\u00e1n mano de todos sus recursos, incluido el espionaje, en cualquiera de sus modalidades, para lograr la precandidatura anhelada.<\/p>\n<p>\u00bfUsted qu\u00e9 opina amable lector?<\/p>\n<p><em><a href=\"mailto:aco2742@hotmail.com\" target=\"_blank\" rel=\"noopener noreferrer\">aco2742@hotmail.com<\/a><\/em><\/p>\n","protected":false},"excerpt":{"rendered":"<p><span style=\"color: #005497;\"><strong>Augusto Corro<\/strong><\/span><\/p>\n","protected":false},"author":3,"featured_media":0,"comment_status":"open","ping_status":"open","sticky":false,"template":"","format":"standard","meta":{"_monsterinsights_skip_tracking":false,"_monsterinsights_sitenote_active":false,"_monsterinsights_sitenote_note":"","_monsterinsights_sitenote_category":0,"footnotes":""},"categories":[157],"tags":[43686,43674,11515],"class_list":["post-564026","post","type-post","status-publish","format-standard","hentry","category-augusto-corro","tag-augusto-corro","tag-opinion","tag-punto-por-punto"],"_links":{"self":[{"href":"https:\/\/www.diarioimagen.net\/index.php?rest_route=\/wp\/v2\/posts\/564026","targetHints":{"allow":["GET"]}}],"collection":[{"href":"https:\/\/www.diarioimagen.net\/index.php?rest_route=\/wp\/v2\/posts"}],"about":[{"href":"https:\/\/www.diarioimagen.net\/index.php?rest_route=\/wp\/v2\/types\/post"}],"author":[{"embeddable":true,"href":"https:\/\/www.diarioimagen.net\/index.php?rest_route=\/wp\/v2\/users\/3"}],"replies":[{"embeddable":true,"href":"https:\/\/www.diarioimagen.net\/index.php?rest_route=%2Fwp%2Fv2%2Fcomments&post=564026"}],"version-history":[{"count":0,"href":"https:\/\/www.diarioimagen.net\/index.php?rest_route=\/wp\/v2\/posts\/564026\/revisions"}],"wp:attachment":[{"href":"https:\/\/www.diarioimagen.net\/index.php?rest_route=%2Fwp%2Fv2%2Fmedia&parent=564026"}],"wp:term":[{"taxonomy":"category","embeddable":true,"href":"https:\/\/www.diarioimagen.net\/index.php?rest_route=%2Fwp%2Fv2%2Fcategories&post=564026"},{"taxonomy":"post_tag","embeddable":true,"href":"https:\/\/www.diarioimagen.net\/index.php?rest_route=%2Fwp%2Fv2%2Ftags&post=564026"}],"curies":[{"name":"wp","href":"https:\/\/api.w.org\/{rel}","templated":true}]}}