{"id":564135,"date":"2022-10-28T00:15:58","date_gmt":"2022-10-28T05:15:58","guid":{"rendered":"https:\/\/www.diarioimagen.net\/?p=564135"},"modified":"2022-10-28T03:05:23","modified_gmt":"2022-10-28T08:05:23","slug":"el-edomex-la-joya-de-la-corona-2","status":"publish","type":"post","link":"https:\/\/www.diarioimagen.net\/?p=564135","title":{"rendered":"El Edomex, \u201cla joya de la corona\u201d"},"content":{"rendered":"<h2>Por la Derecha..!<\/h2>\n<h5>Luis \u00c1ngel Garc\u00eda<\/h5>\n<p>&nbsp;<\/p>\n<p>El Edomex y Coahuila son el \u00faltimo basti\u00f3n del priismo; la otrora marea roja ha sido derrotada, en los \u00faltimos cuatro a\u00f1os, en todas las gubernaturas y dej\u00f3 de ser el partido hegem\u00f3nico del sistema pol\u00edtico mexicano. Junto con los gobiernos estatales perdi\u00f3 Congresos y presidencias municipales. Pas\u00f3 a ser la tercera fuerza electoral en muchas localidades e incluso, en otras, ocupa la cuarta posici\u00f3n. Las elecciones intermedias dieron un respiro al desahuciado tricolor, condenado a ser un ap\u00e9ndice de la 4T o extinguirse como partido.<\/p>\n<p>Ante los yerros de su dirigente nacional, el instituto pol\u00edtico fundado por Plutarco El\u00edas Calles hace casi un siglo, atraviesa por su peor crisis, luego de gobernar a este pa\u00eds por m\u00e1s de 90 a\u00f1os. El espionaje telef\u00f3nico de que fue objeto \u201cAlito\u201d -independientemente de ser un acto il\u00edcito y del uso faccioso y delictivo que hace la gobernadora de esas conversaciones-, permiti\u00f3 el chantaje del pol\u00edtico campechano y para evitar la c\u00e1rcel, puso su partido o, mejor dicho, los votos de sus legisladores, a disposici\u00f3n del inquilino de Palacio Nacional.<\/p>\n<p>La 4T va en busca de gobernar el Edomex -parece que el PRI retiene Coahuila-, \u201cla joya de la corona\u201d: un estado con el mayor padr\u00f3n electoral del pa\u00eds, con gran econom\u00eda, poderosas industrias y zonas de maquila. Sin ser Nuevo Le\u00f3n, es de las entidades con mayor desarrollo y manejo de presupuestos. Por eso ya se lamen los bigotes los cuatrote\u00edstas, es una mina para desviar recursos a los programas clientelares del gobierno. Sin embargo, los escenarios no est\u00e1n muy definidos. La candidata de Morena, la moralmente descalificada profesora Delfina no levanta y pesa mucho su descr\u00e9dito, a pesar de que es apoyada por el grupo Texcoco. El PRI guard\u00f3 su as hasta el \u00faltimo momento y sali\u00f3 la favorita del gobernador, que no la del grupo Atlacomulco, cuyos afectos estaban con Ana Lidia Herrera. Por eso llam\u00f3 la atenci\u00f3n que se impusiera la m\u00e1s cercana a Del Mazo. Menos carism\u00e1tica que la legisladora Ana Lilia Herrera Anzaldo y sin tantas tablas en la pol\u00edtica como la metepequense. La designaci\u00f3n fue interpretada como una abdicaci\u00f3n, entregar la plaza a la 4T antes de tiempo. Los \u201cagoreros del desastre\u201d hacen ya a don Alfredo como embajador de M\u00e9xico en el Vaticano o en cualquier secretar\u00eda de Estado, compartiendo el mismo destino que los ex gobernadores de Sonora, Sinaloa y Quintana Roo, premiados por perder sus entidades.<\/p>\n<p>La lectura parece f\u00e1cil y tal vez sea m\u00e1s complicada. Ya no como grupo pol\u00edtico monol\u00edtico, pero los ex gobernadores no entregar\u00e1n tal f\u00e1cilmente la entidad, y si bien aceptaron la decisi\u00f3n del mandatario, sumar\u00e1n esfuerzos para retener la gubernatura, adem\u00e1s de contar con el apoyo de los empresarios m\u00e1s importantes del Edomex, como son los espa\u00f1oles y los libaneses. Los industriales tampoco arriesgar\u00e1n sus inversiones ante una candidata que es buena para la extorsi\u00f3n.<\/p>\n<p>Aunque provoque la ira del presidente, Del Mazo est\u00e1 obligado a retener el estado, aunque sea con una candidata menor. El ex edil de Huixquilucan y diputado local, Enrique Vargas, dio muestra de disciplina y acept\u00f3 postergar su postulaci\u00f3n para apoyar a la priista, y aunque sea a rega\u00f1adientes Herrera Anzaldo se sumar\u00e1 a la campa\u00f1a de su correligionaria, Alejandra Del Moral.<\/p>\n<p>Mientras tanto, hay preocupaci\u00f3n en la 4T porque no levanta la \u201cdelfina\u201d del mandam\u00e1s. Si no sube en las encuestas, seguramente la enfermar\u00e1n y ungir\u00e1n a uno de sus soportes, Higinio o Duarte.<\/p>\n<p>No est\u00e1 f\u00e1cil decir qui\u00e9n ganar\u00e1. Por el bien de los mexiquenses m\u00e1s vale que el gobernador Del Mazo no haya \u2014como los hicieron sus colegas\u2014, entregado la plaza. Es mejor la dignidad que la abyecci\u00f3n.<\/p>\n","protected":false},"excerpt":{"rendered":"<p><span style=\"color: #005497;\"><strong>Luis \u00c1ngel Garc\u00eda<\/strong><\/span><\/p>\n","protected":false},"author":3,"featured_media":0,"comment_status":"open","ping_status":"open","sticky":false,"template":"","format":"standard","meta":{"_monsterinsights_skip_tracking":false,"_monsterinsights_sitenote_active":false,"_monsterinsights_sitenote_note":"","_monsterinsights_sitenote_category":0,"footnotes":""},"categories":[92115],"tags":[92117,43674,92116],"class_list":["post-564135","post","type-post","status-publish","format-standard","hentry","category-luis-angel-garcia","tag-luis-angel-garcia","tag-opinion","tag-por-la-derecha"],"_links":{"self":[{"href":"https:\/\/www.diarioimagen.net\/index.php?rest_route=\/wp\/v2\/posts\/564135","targetHints":{"allow":["GET"]}}],"collection":[{"href":"https:\/\/www.diarioimagen.net\/index.php?rest_route=\/wp\/v2\/posts"}],"about":[{"href":"https:\/\/www.diarioimagen.net\/index.php?rest_route=\/wp\/v2\/types\/post"}],"author":[{"embeddable":true,"href":"https:\/\/www.diarioimagen.net\/index.php?rest_route=\/wp\/v2\/users\/3"}],"replies":[{"embeddable":true,"href":"https:\/\/www.diarioimagen.net\/index.php?rest_route=%2Fwp%2Fv2%2Fcomments&post=564135"}],"version-history":[{"count":0,"href":"https:\/\/www.diarioimagen.net\/index.php?rest_route=\/wp\/v2\/posts\/564135\/revisions"}],"wp:attachment":[{"href":"https:\/\/www.diarioimagen.net\/index.php?rest_route=%2Fwp%2Fv2%2Fmedia&parent=564135"}],"wp:term":[{"taxonomy":"category","embeddable":true,"href":"https:\/\/www.diarioimagen.net\/index.php?rest_route=%2Fwp%2Fv2%2Fcategories&post=564135"},{"taxonomy":"post_tag","embeddable":true,"href":"https:\/\/www.diarioimagen.net\/index.php?rest_route=%2Fwp%2Fv2%2Ftags&post=564135"}],"curies":[{"name":"wp","href":"https:\/\/api.w.org\/{rel}","templated":true}]}}