{"id":564288,"date":"2022-10-31T00:00:57","date_gmt":"2022-10-31T06:00:57","guid":{"rendered":"https:\/\/www.diarioimagen.net\/?p=564288"},"modified":"2022-10-31T03:17:46","modified_gmt":"2022-10-31T09:17:46","slug":"condolencias-de-amlo-por-desgracia-en-seul","status":"publish","type":"post","link":"https:\/\/www.diarioimagen.net\/?p=564288","title":{"rendered":"Condolencias de AMLO por desgracia en Se\u00fal"},"content":{"rendered":"<h2>Hora 14<\/h2>\n<h5>Mauricio Conde Olivares<\/h5>\n<p>&nbsp;<\/p>\n<p>La gobernadora Mara Lezama ha reiterado que es necesario que Chetumal, retome su dinamismo. \u201cHay que hacer lucir esta ciudad capital en cada rinc\u00f3n, en cada colonia; todos ustedes son importantes y de esto se trata este Nuevo Acuerdo por el Bienestar y Desarrollo, empezando por Chetumal que esa ser\u00e1 siempre nuestra gran capital\u201d, insisti\u00f3.<\/p>\n<p>Mara Lezama reiter\u00f3 que en este nuevo gobierno habr\u00e1 un cambio profundo, con una nueva forma de hacer las cosas y los funcionarios dejar\u00e1n el escritorio para estar en territorio.<\/p>\n<p>Por otra parte, le informo que el secretario de Turismo del Gobierno de M\u00e9xico, Miguel Torruco Marqu\u00e9s, dio a conocer ayer los resultados de los Indicadores Trimestrales de la Actividad Tur\u00edstica (ITAT), integrado por el Producto Interno Bruto (PIB) Tur\u00edstico y el Consumo Tur\u00edstico Interior correspondientes al segundo trimestre de 2022 con cifras desestacionalizadas, publicados por el Instituto Nacional de Estad\u00edstica y Geograf\u00eda (INEGI).<\/p>\n<p>El titular de la Secretar\u00eda de Turismo (Sectur) se\u00f1al\u00f3 que, al realizar un an\u00e1lisis de la tendencia observada en estos dos indicadores, destaca en el PIB Tur\u00edstico una trayectoria de recuperaci\u00f3n ya que, en su comparaci\u00f3n anual registr\u00f3 un aumento de 19.3% en t\u00e9rminos reales y muestra una recuperaci\u00f3n de 20.7 puntos porcentuales comparado con la variaci\u00f3n anual del segundo trimestre de 2019 (-1.4%).<\/p>\n<p>Torruco Marqu\u00e9s indic\u00f3 que, respecto al trimestre previo, el PIB Tur\u00edstico en el segundo trimestre de 2022 creci\u00f3 5.0% en t\u00e9rminos reales, coloc\u00e1ndose 4.1 puntos porcentuales por arriba del PIB Nacional, el cual creci\u00f3 0.9% en este periodo.<\/p>\n<p>Inform\u00f3 que, por componentes del PIB Tur\u00edstico, en su tasa anual, los bienes crecieron 11.6% y los servicios 20.6% en t\u00e9rminos reales. En tanto que, respecto al trimestre previo, los bienes registraron un crecimiento de 0.7% y los servicios 5.6%.<\/p>\n<p>En paralelo, el Indicador Trimestral del Consumo Tur\u00edstico Interior en su comparaci\u00f3n anual, present\u00f3 un aumento de 21.2%, mostrando una recuperaci\u00f3n de 21.6 puntos porcentuales comparado con la variaci\u00f3n anual del segundo trimestre de 2019 (-0.3%).<\/p>\n<p>Respecto al primer trimestre de 2022, el Consumo Tur\u00edstico Interior (el cual equivale a la suma del Consumo Tur\u00edstico Interno y el Consumo Tur\u00edstico Receptivo), registr\u00f3 un incremento de 5.2% en t\u00e9rminos reales, se\u00f1al\u00f3 el secretario de Turismo.<\/p>\n<p>Entre los componentes del Consumo Tur\u00edstico Interior, los resultados reflejan un aumento en su tasa anual; es decir, el Consumo Tur\u00edstico Interno creci\u00f3 18.2% y el Consumo Tur\u00edstico Receptivo 32.9% en t\u00e9rminos reales. En su comparaci\u00f3n con el primer trimestre 2022, el Consumo Tur\u00edstico Interno creci\u00f3 5.8% y el Consumo Tur\u00edstico Receptivo aument\u00f3 1.0%.<\/p>\n<p>En otra esfera de gobierno, en el encuentro que sostuvo el presidente Andr\u00e9s Manuel L\u00f3pez Obrador con el enviado especial presidencial para el clima, John Kerry, y sus respectivos equipos, para dialogar sobre el Plan Sonora, las energ\u00edas limpias y el cambio clim\u00e1tico, la titular de la Secretar\u00eda de Medio Ambiente y Recursos Naturales, Mar\u00eda Luisa Albores Gonz\u00e1lez, reiter\u00f3 que en la Contribuci\u00f3n Determinada a Nivel Nacional (NDC) existe el compromiso de nuestro pa\u00eds de reducir el 30% de gases de efecto invernadero al 2030 y hasta el 40% de manera condicionada.<\/p>\n<p>Explic\u00f3 que para alcanzar la meta del 30%, se tienen identificadas 35 medidas en todos los sectores econ\u00f3micos que se clasifican en tres rubros: Soluciones naturales, transporte bajo de carbono, y regulaci\u00f3n y fomento industrial, con las que se puede lograr una mitigaci\u00f3n anual total estimada de 88.9 millones de toneladas de bi\u00f3xido de carbono equivalente (MtCO2e) para 2030.<\/p>\n<p>Como parte de las soluciones naturales mencion\u00f3 el Programa Sembrando Vida, con una mitigaci\u00f3n anual de 4 millones de toneladas de bi\u00f3xido de carbono (MtCO2); la creaci\u00f3n de nuevas \u00c1reas Naturales Protegidas, que permitir\u00edan reducir 8 MtCO2 anuales, y la Estrategia Nacional de Carbono Azul, con una contribuci\u00f3n anual de 15 MtCO2e.<\/p>\n<p>En cuanto al transporte de bajo carbono, la titular de la Semarnat coment\u00f3 que se trabaja en el desarrollo de estrategias de electromovilidad, trabajo remoto y transporte ferroviario. En este \u00faltimo destaca el Tren Maya, donde se tiene una oportunidad de reducci\u00f3n de 0.4 MtCO2e anuales para 2030.<\/p>\n<p>Finalmente, en regulaci\u00f3n y fomento industrial las acciones est\u00e1n enfocadas a la eficiencia energ\u00e9tica y la Estrategia Nacional de Econom\u00eda Circular, con reducciones del orden de 27 MtCO2e y 3.5 MtCO2e, respectivamente.<\/p>\n<p>La secretaria Mar\u00eda Luisa Albores se\u00f1al\u00f3 que en su NDC, M\u00e9xico mantiene su meta de mitigaci\u00f3n de emisiones de carbono negro en 51% de manera no condicionada.<\/p>\n<p>Adicionalmente, ayer el presidente Andr\u00e9s Manuel L\u00f3pez Obrador envi\u00f3 sus condolencias a familiares y amigos de las v\u00edctimas de la estampida humana registrada la noche del s\u00e1bado en las calles de Corea del Sur.<\/p>\n<p>\u201cAbrazamos a los familiares y amigos de quienes perdieron la vida o est\u00e1n heridos por la lamentable tragedia en Corea del Sur. Asimismo enviamos nuestra m\u00e1s sincera solidaridad al pueblo y al gobierno de ese pa\u00eds\u201d, public\u00f3 en un mensaje en sus redes sociales.<\/p>\n<p>Hasta el momento informaci\u00f3n extraoficial apunta que al menos hay 149 personas fallecidas y 150 heridas en Se\u00fal, capital del pa\u00eds asi\u00e1tico.<\/p>\n<p>En otra actividad pero esta vez en Canc\u00fan, la presidenta municipal, Ana Patricia Peralta ha resaltado la prioridad de impulsar el deporte y la sana convivencia, por ello la directora general del sistema DIF Benito Ju\u00e1rez, Marisol Sendo Rodr\u00edguez, en representaci\u00f3n de la presidenta honoraria, Paola Moncada de Herrera, encabez\u00f3 inauguraci\u00f3n del torneo de f\u00fatbol de la calle a la vida 2022 en el estadio Canc\u00fan 86.<\/p>\n<p>Durante la inauguraci\u00f3n, la directora general se\u00f1al\u00f3 que conforme lineamientos de la Primera Autoridad Municipal, a trav\u00e9s del deporte se pueden transformar vidas de manera positiva, por eso el DIF municipal impulsa estas acciones que promueven el desarrollo integral de ni\u00f1os y j\u00f3venes.<\/p>\n<p>En esta edici\u00f3n participar\u00e1n 400 jugadores en cuatro categor\u00edas diferentes: infantil menor (de 6 y 7 a\u00f1os), ni\u00f1os h\u00e9roes (de 8 y 9 a\u00f1os), infantil mayor (de 10 y 11 a\u00f1os) y juvenil menor (de 12 y 13 a\u00f1os).<\/p>\n<p>Los partidos se llevar\u00e1n a cabo los s\u00e1bados a partir de las 12 de la tarde en las instalaciones de la unidad deportiva de la regi\u00f3n 94, frente s las oficinas del DIF municipal, con el objetivo de promover las actividades deportivas-formativas que promueven la integraci\u00f3n familiar.<\/p>\n<p>Ahora, d\u00e9jeme contarle que con todo el prestigio e influencia que ha ganado con sus ediciones anteriores, regresa M\u00e9xico Fashion Show a Hacienda Tres R\u00edos de Grupo Sunset World en la Riviera Maya para presentar su versi\u00f3n 2022 con las colecciones de prendas m\u00e1s recientes de reconocidos dise\u00f1adores latinoamericanos y, como ya es tradici\u00f3n, esta celebraci\u00f3n de moda y estilo se inaugurar\u00e1 el pr\u00f3ximo 3 de noviembre con un coctel en el que los famosos dise\u00f1adores convivir\u00e1n con los invitados especiales, socios y hu\u00e9spedes de Sunset World.<\/p>\n<p>El evento continuar\u00e1 el 4 de noviembre por la tarde con pasarelas por los exuberantes paseos del manglar del Parque Natural Tres R\u00edos. Despu\u00e9s, todos los invitados se reunir\u00e1n en el coctel de bienvenida que dar\u00e1 inicio a la pasarela estelar en la que los asistentes podr\u00e1n admirar las propuestas creativas de estos dise\u00f1adores que este a\u00f1o se enfocan principalmente en la sustentabilidad, la responsabilidad social y el regionalismo.<\/p>\n<p>En la pasarela estelar, la concurrencia seguramente se sorprender\u00e1 con los dise\u00f1os urbanos en seda de la colombiana Daniella Batlle, las creaciones no binarias de Guillermo Jester, los bordados artesanales de la yucateca Vero D\u00edaz, las audaces propuestas con t\u00e9cnicas de alta costura de P\u00e1nuco y el minimalismo en lino de bamb\u00fa del guanajuatense Germ\u00e1n Ru\u00edz. Una vez finalizada la pasarela estelar, los invitados podr\u00e1n adquirir la ropa de estos creativos en mientras disfrutan de una divertida fiesta.<\/p>\n<p>\u201cM\u00e9xico Fashion Show y Hacienda Tres R\u00edos han logrado hacer una mancuerna especial en la que ambas marcas se benefician\u201d, coment\u00f3 Martha Richardson, directora Corporativa de Operaciones de Grupo Sunset World. \u201cA M\u00e9xico Fashion Show le ofrecemos el escenario ecol\u00f3gico ideal para presentar colecciones de tendencia sustentable y para Hacienda Tres R\u00edos esta fiesta de moda es la oportunidad de reunir amigos y socios\u201d, concluy\u00f3.<\/p>\n<p>Hacienda Tres R\u00edos, el \u00fanico resort de lujo ambientalmente responsable que ofrece acceso exclusivo al Parque Natural Tres R\u00edos en la Riviera Maya y un completo plan todo incluido. Disfrute de instalaciones arquitect\u00f3nicamente reconocidas, restaurantes gourmet, servicios de spa de clase mundial y fant\u00e1sticas experiencias en el exclusivo Parque Natural Tres R\u00edos con tours guiados a trav\u00e9s de bosques de mangle, nado, snorkel y kayak en r\u00edos naturales, o simplemente rel\u00e1jese en nuestras tranquilas playas; empero, lo anterior ser\u00e1 motivo de otro an\u00e1lisis en posterior entrega de <strong><em>Hora 14<\/em><\/strong>.<\/p>\n<p><em><a href=\"mailto:%20mauricio_conde@msn.com\" target=\"_blank\" rel=\"noopener noreferrer\">mauricioconde59@outlook.com<\/a><\/em><\/p>\n","protected":false},"excerpt":{"rendered":"<p><span style=\"color: #005497;\"><strong>Mauricio Conde Olivares<\/strong><\/span><\/p>\n","protected":false},"author":3,"featured_media":0,"comment_status":"open","ping_status":"open","sticky":false,"template":"","format":"standard","meta":{"_monsterinsights_skip_tracking":false,"_monsterinsights_sitenote_active":false,"_monsterinsights_sitenote_note":"","_monsterinsights_sitenote_category":0,"footnotes":""},"categories":[35889],"tags":[43712,43674,44860],"class_list":["post-564288","post","type-post","status-publish","format-standard","hentry","category-mauricio-conde-olivares","tag-mauricio-conde-olivares","tag-opinion","tag-hora-14"],"_links":{"self":[{"href":"https:\/\/www.diarioimagen.net\/index.php?rest_route=\/wp\/v2\/posts\/564288","targetHints":{"allow":["GET"]}}],"collection":[{"href":"https:\/\/www.diarioimagen.net\/index.php?rest_route=\/wp\/v2\/posts"}],"about":[{"href":"https:\/\/www.diarioimagen.net\/index.php?rest_route=\/wp\/v2\/types\/post"}],"author":[{"embeddable":true,"href":"https:\/\/www.diarioimagen.net\/index.php?rest_route=\/wp\/v2\/users\/3"}],"replies":[{"embeddable":true,"href":"https:\/\/www.diarioimagen.net\/index.php?rest_route=%2Fwp%2Fv2%2Fcomments&post=564288"}],"version-history":[{"count":0,"href":"https:\/\/www.diarioimagen.net\/index.php?rest_route=\/wp\/v2\/posts\/564288\/revisions"}],"wp:attachment":[{"href":"https:\/\/www.diarioimagen.net\/index.php?rest_route=%2Fwp%2Fv2%2Fmedia&parent=564288"}],"wp:term":[{"taxonomy":"category","embeddable":true,"href":"https:\/\/www.diarioimagen.net\/index.php?rest_route=%2Fwp%2Fv2%2Fcategories&post=564288"},{"taxonomy":"post_tag","embeddable":true,"href":"https:\/\/www.diarioimagen.net\/index.php?rest_route=%2Fwp%2Fv2%2Ftags&post=564288"}],"curies":[{"name":"wp","href":"https:\/\/api.w.org\/{rel}","templated":true}]}}