{"id":564433,"date":"2022-11-01T00:02:51","date_gmt":"2022-11-01T06:02:51","guid":{"rendered":"https:\/\/www.diarioimagen.net\/?p=564433"},"modified":"2022-11-01T02:05:31","modified_gmt":"2022-11-01T08:05:31","slug":"caso-ayotzinapa-alejandro-encinas-ya-no-siente-lo-duro-sino-lo-tupido","status":"publish","type":"post","link":"https:\/\/www.diarioimagen.net\/?p=564433","title":{"rendered":"Caso Ayotzinapa: Alejandro Encinas ya no siente lo duro, sino lo tupido"},"content":{"rendered":"<h2>La Retaguardia<\/h2>\n<h5>Adriana Moreno Cordero<\/h5>\n<p>&nbsp;<\/p>\n<ul>\n<li><strong><em>Monreal llama a CNDH a que se ponga a trabajar y no se menta en lo pol\u00edtico<\/em><\/strong><\/li>\n<\/ul>\n<p>&nbsp;<\/p>\n<p>Lo m\u00e1s probable, es que el flamante subsecretario de Derechos Humanos de la Secretar\u00eda de Gobernaci\u00f3n, <strong>Alejandro Encinas<\/strong>, no midi\u00f3 o se le escap\u00f3 de la memoria las consecuencias, \u2014muy graves para \u00e9l\u2014 que tendr\u00eda la entrevista que concedi\u00f3 al diario norteamericano \u201cThe Washington Post\u201d, en la que \u00e9l mismo confes\u00f3 que las pruebas sobre el caso de los estudiantes de la Normal de Ayotzinapa, distaban mucho de ser lo suficientemente s\u00f3lidas. Ya desde antes, las investigaciones sobre este asunto, se le hab\u00edan desmoronado al funcionario al que por cierto, el presidente <strong>Andr\u00e9s Manuel L\u00f3pez Obrador<\/strong> defendi\u00f3 \u201ca capa y espada\u201d, cuando alguna de sus muchas incapacidades de los miembros de su gabinete salen a flote.<\/p>\n<p>Desde luego, eso no libr\u00f3 a Encinas Rodr\u00edguez de un buen rega\u00f1o, pero en privado, por parte del de Tepetit\u00e1n. Sobre todo, luego de que el Grupo Grupo Interdisciplinario de Expertos Independientes (GIEI) asegurara que, de acuerdo con un peritaje forense, no es posible determinar la autenticidad de los mensajes de Whatsapp contenidos en el informe que dio a conocer la Comisi\u00f3n para la Verdad y Acceso a la Justicia del Caso Ayotzinapa, que preside precisamente, el propio Encinas.<\/p>\n<p>Exigi\u00f3 el GEI que haya investigaciones serias, no incriminaciones falsas, como ha ocurrido hasta ahora, porque este expediente lo ha utilizado el Presidente para distraer la atenci\u00f3n de los problemas que tampoco puede resolver. Asimismo, el GEI demand\u00f3 que no se trate de cubrir la verdad.<\/p>\n<p>El caso es que m\u00e1s de 300 de los mensajes o \u201cpantallazos\u201d, como tambi\u00e9n se les conoce, no son aut\u00e9nticos, as\u00ed como tampoco es posible determinar el celular desde el cual se hizo el \u201cscreenshot\u201d.<\/p>\n<p>\u201cNecesitamos que paren las investigaciones falsas\u201d, coincidieron los integrantes del GEI, como <strong>Francisco Cox<\/strong>.<\/p>\n<p>Hay que destacar que el GEI se qued\u00f3 en M\u00e9xico un mes m\u00e1s para abundar sobre el endeble y falso reporte presentado por Encinas y que por cierto, no dej\u00f3 nada a gusto a los padres y madres de los estudiantes de Ayotzinapa, que m\u00e1s de una vez han rebasado el l\u00edmite del hartazgo por la evidente ineptitud de los integrantes de esta errada y llamada cuarta transformaci\u00f3n.<\/p>\n<p>El subsecretario Alejandro Encinas \u201cya no sinti\u00f3 lo duro sino lo tupido\u201d pues no es posible verificar la veracidad de la informaci\u00f3n de Encinas, ya que se detectaron importante inconsistencias en los mensajes de texto que present\u00f3 el flamante subsecretario, sobre lo que ocurri\u00f3 aquella fat\u00eddica noche del 26 de septiembre de 2014.<\/p>\n<p style=\"text-align: center;\"><strong>Municiones<\/strong><\/p>\n<p>*** En el marco de su gira por los estados del pa\u00eds, el secretario de Gobernaci\u00f3n, <strong>Ad\u00e1n Augusto L\u00f3pez<\/strong>, \u2014como se sabe\u2014, arremeti\u00f3 contra la militancia de Acci\u00f3n Nacional por no acompa\u00f1ar la extensi\u00f3n de la presencia del Ej\u00e9rcito en las calles hasta 2028: \u201cno podemos andar por la vida haciendo alegor\u00edas de hipocres\u00eda, lo digo por los gobernadores que con una mano piden y adem\u00e1s s\u00ed tienen el apoyo de la Guardia Nacional o de las Fuerzas Armadas para tareas de seguridad p\u00fablica\u201d, les dijo el morenista. En respuesta, el presidente de la C\u00e1mara de Diputados, <strong>Santiago Creel Miranda<\/strong>, acus\u00f3 al encargado de la pol\u00edtica interior de polarizar a la ciudadan\u00eda y se\u00f1al\u00f3 a trav\u00e9s de sus redes sociales que \u201chipocres\u00eda es jurar cumplir la Constituci\u00f3n y hacer lo contrario enga\u00f1ando al pueblo y dividiendo al pa\u00eds\u201d. Sin duda toda la raz\u00f3n tiene quien hace algunos a\u00f1os, fue secretario de Gobernaci\u00f3n. Ya se hab\u00eda consignado en este espacio que el responsable de la pol\u00edtica interna en esta errada y llamada Cuarta Transformaci\u00f3n, solito se autodescalific\u00f3 como interlocutor con los Poderes Legislativo y Judicial. Esa campa\u00f1a no le va a servir de mucho si es que Ad\u00e1n Augusto L\u00f3pez quiere llegar al 2024.<\/p>\n<p>*** En el Senado de la Rep\u00fablica, legisladores de oposici\u00f3n y hasta de Morena, reaccionaron a lo que dijo la gris y casi inexistente titular de la CNDH, <strong>Rosario Piedra<\/strong>, que se pudo delirante y atac\u00f3 al INE. El dirigente del PAN, <strong>Marko Cort\u00e9s<\/strong> dijo que dicha Comisi\u00f3n\u00a0 no sirve para nada porque se ha convertido en un vil instrumento para el golpeteo del r\u00e9gimen morenista. O sea, Rosario Piedra obedece al inquilino de Palacio Nacional. El presidente de la Junta de Coordinaci\u00f3n Pol\u00edtica de la C\u00e1mara Alta, <strong>Ricardo Monreal<\/strong> le recomend\u00f3 a la Comisi\u00f3n que se ponga a hacer su labor y que no se meta en lo pol\u00edtico electoral. \u201cDeber\u00eda estar m\u00e1s centrada en la defensa de los Derechos Humanos, que en la discusi\u00f3n del INE y que la reforma electoral se la dejemos a la C\u00e1mara de Diputados y despu\u00e9s el Senado actuar\u00e1 con responsabilidad\u201d. \u00bfPor qu\u00e9 la flamante titular de la CNDH no se pronuncia sobre los abusos de esta errada y llamada Cuarta Transformaci\u00f3n en contra de los ni\u00f1os con c\u00e1ncer?; \u00bfpor qu\u00e9 no dijo nada cuando este gobierno dej\u00f3 que caducaran m\u00e1s de\u00a0 millones de vacunas contra la Covid-19?<\/p>\n<p>*** Sobre otro tema, el senador Monreal se\u00f1al\u00f3 que la denuncia que present\u00f3 en contra de la controvertida gobernadora de Campeche, <strong>Layda Sansores<\/strong>, fue, entre otras razones, para frenar el proceso de descomposici\u00f3n pol\u00edtica. El tambi\u00e9n coordinador de Morena en el Senado, dijo que se deben agotar todos los intentos para continuar con el proceso de democratizaci\u00f3n interna de su partido, al ser este \u00faltimo uno de los elementos principales para consolidar la transici\u00f3n pol\u00edtica en M\u00e9xico y subray\u00f3 que no le sorprenden los intentos de frenar sus aspiraciones a dirigir los asuntos del pa\u00eds, aun cuando, agreg\u00f3,\u00a0 esta vez las injurias provienen del interior del movimiento que al que\u00a0 ayud\u00f3 a fundar. Ello, lejos de amedrentarlo, lo alientan a sentar las bases para alejarse de estas malas pr\u00e1cticas y hacer valer el Estado de derecho.<\/p>\n<p>*** Para recordar su vida, honrar su\u00a0 memoria, rememorar sus haza\u00f1as deportivas, fue inaugurada la ofrenda de D\u00eda Muertos como una muestra de homenaje y de respeto para las figuras del olimpismo mexicano que se nos adelantaron. Medallistas Ol\u00edmpicos de M\u00e9xico, AC, la Asociaci\u00f3n de Ol\u00edmpicos Mexicanos, la Fundaci\u00f3n Alfredo Harp Hel\u00fa, el Colegio de Bachilleres y el Museo Jos\u00e9 Luis Cuevas, unieron sus esfuerzos para montar la exposici\u00f3n de \u201cTapetes y Ofrendas 2020 Celebrando la Vida y la Paz\u201d. \u201cEste sincretismo es parte de las conmemoraciones m\u00e1s importantes del pueblo mexicano, que se traslada allende las fronteras.\u00a0 A M\u00e9xico y a los mexicanos nos reconocen por muchas cosas, pero esta celebraci\u00f3n del D\u00eda de Muertos es \u00fanica y excepcional y que tambi\u00e9n es un reconocimiento a nuestros pueblos originarios\u201d, destac\u00f3 <strong>Daniel Aceves Villagr\u00e1n<\/strong>, impulsor de la ofrenda junto con <strong>Silvia Alejandra Guzm\u00e1n<\/strong>, secretaria General del Colegio de Bachilleres.<\/p>\n<p><u><a href=\"mailto:morcora@gmail.com\" target=\"_blank\" rel=\"noopener noreferrer\"><em>morcora@gmail.com<\/em><\/a><\/u><\/p>\n","protected":false},"excerpt":{"rendered":"<p><span style=\"color: #005497;\"><strong>Adriana Moreno Cordero<\/strong><\/span><\/p>\n","protected":false},"author":3,"featured_media":0,"comment_status":"open","ping_status":"open","sticky":false,"template":"","format":"standard","meta":{"_monsterinsights_skip_tracking":false,"_monsterinsights_sitenote_active":false,"_monsterinsights_sitenote_note":"","_monsterinsights_sitenote_category":0,"footnotes":""},"categories":[69370],"tags":[69369,69368,43674],"class_list":["post-564433","post","type-post","status-publish","format-standard","hentry","category-adriana-moreno-cordero","tag-adriana-moreno-cordero","tag-la-retaguardia","tag-opinion"],"_links":{"self":[{"href":"https:\/\/www.diarioimagen.net\/index.php?rest_route=\/wp\/v2\/posts\/564433","targetHints":{"allow":["GET"]}}],"collection":[{"href":"https:\/\/www.diarioimagen.net\/index.php?rest_route=\/wp\/v2\/posts"}],"about":[{"href":"https:\/\/www.diarioimagen.net\/index.php?rest_route=\/wp\/v2\/types\/post"}],"author":[{"embeddable":true,"href":"https:\/\/www.diarioimagen.net\/index.php?rest_route=\/wp\/v2\/users\/3"}],"replies":[{"embeddable":true,"href":"https:\/\/www.diarioimagen.net\/index.php?rest_route=%2Fwp%2Fv2%2Fcomments&post=564433"}],"version-history":[{"count":0,"href":"https:\/\/www.diarioimagen.net\/index.php?rest_route=\/wp\/v2\/posts\/564433\/revisions"}],"wp:attachment":[{"href":"https:\/\/www.diarioimagen.net\/index.php?rest_route=%2Fwp%2Fv2%2Fmedia&parent=564433"}],"wp:term":[{"taxonomy":"category","embeddable":true,"href":"https:\/\/www.diarioimagen.net\/index.php?rest_route=%2Fwp%2Fv2%2Fcategories&post=564433"},{"taxonomy":"post_tag","embeddable":true,"href":"https:\/\/www.diarioimagen.net\/index.php?rest_route=%2Fwp%2Fv2%2Ftags&post=564433"}],"curies":[{"name":"wp","href":"https:\/\/api.w.org\/{rel}","templated":true}]}}