{"id":564436,"date":"2022-11-01T00:04:36","date_gmt":"2022-11-01T06:04:36","guid":{"rendered":"https:\/\/www.diarioimagen.net\/?p=564436"},"modified":"2022-11-01T02:08:06","modified_gmt":"2022-11-01T08:08:06","slug":"retorna-lula-al-poder-en-brasil","status":"publish","type":"post","link":"https:\/\/www.diarioimagen.net\/?p=564436","title":{"rendered":"Retorna Lula al poder en Brasil"},"content":{"rendered":"<h2>Desde el portal<\/h2>\n<h5>\u00c1ngel Soriano<\/h5>\n<p>&nbsp;<\/p>\n<p>Lula da Silva, presidente de Brasil de 2003 a 2011, retorna al poder luego de haber logrado 50.9% de los votos contra 49.1 de Jair Bolsonaro que recibi\u00f3 el rechazo en las urnas hacia sus pol\u00edticas derechistas y de destrucci\u00f3n del medio ambiente, contrario a la conservaci\u00f3n de nuestros recursos naturales y mejoras al nivel de vida de la poblaci\u00f3n.<\/p>\n<p>A esto se suma al triunfo de Gustavo Petro en Colombia, en lo que marca una corriente progresista en la regi\u00f3n, lejos de la tendencia de continuar utilizando el aparato administrativo del Estado en beneficio de unos cuantos, precisamente en momentos en que las potencias se disputan vastas regiones del mundo en su af\u00e1n hegem\u00f3nico.<\/p>\n<p>Habr\u00e1 que agregar que quedan atr\u00e1s las posturas colonizadoras de algunos intelectuales, como Mario Vargas Llosa que, efectivamente, son excelentes escritores, pero partidarios de los intereses minoritarios en contra de la corriente nacionalista que recorre la regi\u00f3n. Desde Madrid hab\u00eda convocado a votar por Bolsonaro; los brasile\u00f1os piensan diferente.<\/p>\n<p>Lula est\u00e1 comprometido con el medio ambiente y la conservaci\u00f3n de la Amazonia que iba a la destrucci\u00f3n con Bolsonaro, ofreci\u00f3 paz y tranquilidad para el pa\u00eds, y as\u00ed recibi\u00f3 la felicitaci\u00f3n de los jefes de Estado de diversas partes del mundo, incluyendo la del presidente L\u00f3pez Obrador, que coment\u00f3 \u201cbendito pueblo brasile\u00f1o\u201d, hay democracia y rumbo en la regi\u00f3n.<\/p>\n<p style=\"text-align: center;\"><strong>TURBULENCIAS<br \/>\nVisita AMLO Guam\u00fachil<\/strong><\/p>\n<p>En Guam\u00fachil, Sinaloa, el presidente Andr\u00e9s Manuel L\u00f3pez Obrador reiter\u00f3 su disposici\u00f3n de contar en nuestro pa\u00eds con el mejor sistema de salud del mundo, al dotar a cl\u00ednicas y hospitales de instrumental y de m\u00e9dicos especialistas para atender las enfermedades m\u00e1s complejas que afectan al mundo contempor\u00e1neo, dijo que se construir\u00e1 la plana de fertilizantes en Topolobampo porque se requiere impulsar la producci\u00f3n alimentaria, al igual que los energ\u00e9ticos para enfrentar la inflaci\u00f3n. Se eliminar\u00e1n las cajas registradoras en los hospitales p\u00fablicos para dar atenci\u00f3n gratuita a derechohabientes o no, ser\u00e1 un sistema de salud universal, para todos los mexicanos\u2026 Este a\u00f1o el env\u00edo se remesas del extranjero a nuestro pa\u00eds llegar\u00e1 a 49,600 millones de d\u00f3lares, inform\u00f3 la diputada Bernal Caballero, del PT, al proponer que \u00e9stas se env\u00eden a trav\u00e9s del Banco Bienestar para evitar el cobro excesivo de comisiones y los beneficiarios, principalmente de comunidades remotas, reciban su dinero completo; este es el principal negocio de las remesadoras que enriquece a unos cuantos\u2026 Al respecto, el presidente L\u00f3pez Obrador ha indicado que hay presupuesto suficiente para cumplir con los programas sociales e impulsar grandes obras en el pa\u00eds, debido a que los grandes corporativos pagan y ni se les devuelve los impuestos, como ocurr\u00eda en el pasado. Se acab\u00f3 la corrupci\u00f3n, todos pagan y se suprimen gastos onerosos lo que permite que el presupuesto llegue a los m\u00e1s necesitados y no s\u00f3lo a unos cuantos\u2026 Pese a la deficiencia en los servicios b\u00e1sicos, como la recolecci\u00f3n de basura, lo elevado del costo del transporte urbano, las marchas y bloqueos cotidianos, la ciudad de Oaxaca recibe a miles de turistas en esta temporada de D\u00eda de Muertos, lo cual demuestran que pese a sus malos gobernantes el atractivo es la ciudad, su cultura y sus tradiciones, su clima y su gastronom\u00eda, pese a la incapacidad oficial\u2026 Sigue el enfrentamiento entre aspirantes presidenciales, pese a que estamos a dos a\u00f1os de la justa electoral federal, lo cual augura un proceso comicial atractivo, sobre todo porque a \u00faltima hora los que hoy se encuentran en precampa\u00f1a finalmente tendr\u00e1n que declinar y sumarse al indicado que, se ha dicho, continuar\u00e1 con el proceso de la IV-Transformaci\u00f3n\u2026 Nuestra solidaridad a familiares y amigos de Jos\u00e9 Prisco, ex dirigente de la Asociaci\u00f3n de Periodistas del Valle de M\u00e9xico, fallecido la madrugada de este lunes en Toluca.<\/p>\n<p><u><a href=\"mailto:asorianocarrasco@yahoo.com\" target=\"_blank\" rel=\"noopener noreferrer\"><em>asorianocarrasco@yahoo.com<\/em><\/a><br \/>\n<em><a href=\"https:\/\/revistabrecha.com\" target=\"_blank\" rel=\"noopener noreferrer\">www.revistabrecha.com<\/a><br \/>\n<\/em><\/u><em>facebook oficial <a href=\"https:\/\/es-la.facebook.com\/RevistaBrecha.Oficial\" target=\"_blank\" rel=\"noopener\">@BrechaRevista<\/a><\/em><\/p>\n","protected":false},"excerpt":{"rendered":"<p><span style=\"color: #005497;\"><strong>\u00c1ngel Soriano<\/strong><\/span><\/p>\n","protected":false},"author":3,"featured_media":0,"comment_status":"open","ping_status":"open","sticky":false,"template":"","format":"standard","meta":{"_monsterinsights_skip_tracking":false,"_monsterinsights_sitenote_active":false,"_monsterinsights_sitenote_note":"","_monsterinsights_sitenote_category":0,"footnotes":""},"categories":[135],"tags":[85,86,43674],"class_list":["post-564436","post","type-post","status-publish","format-standard","hentry","category-angel-soriano-opinion","tag-angel-soriano","tag-desde-el-portal","tag-opinion"],"_links":{"self":[{"href":"https:\/\/www.diarioimagen.net\/index.php?rest_route=\/wp\/v2\/posts\/564436","targetHints":{"allow":["GET"]}}],"collection":[{"href":"https:\/\/www.diarioimagen.net\/index.php?rest_route=\/wp\/v2\/posts"}],"about":[{"href":"https:\/\/www.diarioimagen.net\/index.php?rest_route=\/wp\/v2\/types\/post"}],"author":[{"embeddable":true,"href":"https:\/\/www.diarioimagen.net\/index.php?rest_route=\/wp\/v2\/users\/3"}],"replies":[{"embeddable":true,"href":"https:\/\/www.diarioimagen.net\/index.php?rest_route=%2Fwp%2Fv2%2Fcomments&post=564436"}],"version-history":[{"count":0,"href":"https:\/\/www.diarioimagen.net\/index.php?rest_route=\/wp\/v2\/posts\/564436\/revisions"}],"wp:attachment":[{"href":"https:\/\/www.diarioimagen.net\/index.php?rest_route=%2Fwp%2Fv2%2Fmedia&parent=564436"}],"wp:term":[{"taxonomy":"category","embeddable":true,"href":"https:\/\/www.diarioimagen.net\/index.php?rest_route=%2Fwp%2Fv2%2Fcategories&post=564436"},{"taxonomy":"post_tag","embeddable":true,"href":"https:\/\/www.diarioimagen.net\/index.php?rest_route=%2Fwp%2Fv2%2Ftags&post=564436"}],"curies":[{"name":"wp","href":"https:\/\/api.w.org\/{rel}","templated":true}]}}