{"id":564495,"date":"2022-11-02T00:01:28","date_gmt":"2022-11-02T06:01:28","guid":{"rendered":"https:\/\/www.diarioimagen.net\/?p=564495"},"modified":"2022-11-03T01:53:21","modified_gmt":"2022-11-03T07:53:21","slug":"renuncio-a-la-presidencia-si-hay-pruebas-de-pacto-con-el-cartel-de-sinaloa-amlo","status":"publish","type":"post","link":"https:\/\/www.diarioimagen.net\/?p=564495","title":{"rendered":"Renuncio a la Presidencia si hay pruebas de pacto con el C\u00e1rtel de Sinaloa: AMLO"},"content":{"rendered":"<p>&nbsp;<\/p>\n<h3 style=\"text-align: center;\">Niega que el fin de semana haya visitado Badiraguato<\/h3>\n<p>&nbsp;<\/p>\n<ul>\n<li><strong><em>Cuestionan al jefe del Ejecutivo federal sobre constantes visitas a la cuna de \u201cEl Chapo\u201d<\/em><\/strong><\/li>\n<\/ul>\n<p>&nbsp;<\/p>\n<div id=\"attachment_564572\" style=\"width: 470px\" class=\"wp-caption aligncenter\"><img loading=\"lazy\" decoding=\"async\" aria-describedby=\"caption-attachment-564572\" class=\"size-full wp-image-564572\" src=\"https:\/\/www.diarioimagen.net\/wp-content\/uploads\/2022\/11\/amlo-1.jpg\" alt=\"\" width=\"460\" height=\"270\" \/><p id=\"caption-attachment-564572\" class=\"wp-caption-text\">Andr\u00e9s Manuel L\u00f3pez Obrador afirma que renuncia al cargo si se comprueba que mantiene un pacto con integrantes del C\u00e1rtel de Sinaloa por sus visitas a\u00a0 Badiraguato.<\/p><\/div>\n<p>&nbsp;<\/p>\n<p>El presidente Andr\u00e9s Manuel L\u00f3pez Obrador afirma que renuncia al cargo si se comprueba que mantiene un pacto con integrantes del C\u00e1rtel de Sinaloa por sus visitas realizadas al municipio de Badiraguato, zona de Joaqu\u00edn \u201cEl Chapo\u201d Guzm\u00e1n, en Sinaloa.<\/p>\n<p>Diversos comunicadores como Sergio Sarmiento, han se\u00f1alado que el jefe del Ejecutivo federal ha visitado constantemente este municipio, clavado en el tri\u00e1ngulo dorado de la siembra de amapola y mariguana, por lo que podr\u00eda estar relacionado con actividades delincuenciales.<\/p>\n<p>\u201cEs que es extremo, que Sarmiento, pero no solo \u00e9l, sino otros sostengan que si voy a Badiraguato es porque tengo un acuerdo con el C\u00e1rtel de Sinaloa, una prueba, una, con eso. Ah, salud\u00f3 a la se\u00f1ora, a la mam\u00e1, en una de mis visitas lleg\u00f3 la se\u00f1ora y la salud\u00e9 y lo volver\u00eda a hacer, porque respeto a la gente mayor, respeto a cualquier persona y tengo mi conciencia tranquila.<\/p>\n<p>\u201cPero si hubiese una prueba de un acuerdo, si Sarmiento presentara una prueba, renuncio a la Presidencia, porque lo que estimo m\u00e1s importante en mi vida es mi honestidad. Pero \u00e9l est\u00e1 acostumbrado a mentir, miente como respira y se fue creando la aureola de una gente seria, objetiva, profesional, enga\u00f1ando a muchos\u201d, sostuvo el mandatario federal en conferencia de prensa desde Palacio Nacional.<\/p>\n<p>Durante el fin de semana pasado, el tabasque\u00f1o visit\u00f3 Sinaloa, pero no Badiraguato. Se\u00f1al\u00f3 que ir a esta entidad es para supervisar los programas que hagan de M\u00e9xico autosuficiente en la producci\u00f3n de granos b\u00e1sicos.<\/p>\n<p>Afirm\u00f3 que Sinaloa es el \u201cgranero del pa\u00eds\u201d ya que tiene 800 mil hect\u00e1reas de riego m\u00e1s 600 mil hect\u00e1reas de temporal para la producci\u00f3n de 6 millones de toneladas de ma\u00edz.<\/p>\n<p style=\"text-align: center;\"><strong>Niega AMLO falsificaci\u00f3n de pruebas<br \/>\nen caso Ayotzinapa; respalda a Encinas<\/strong><\/p>\n<p>En otro tema,\u00a0 presidente Andr\u00e9s Manuel L\u00f3pez Obrador respald\u00f3 la labor de Alejandro Encinas, luego que el Grupo Interdisciplinario de Expertos Independientes (GIEI) desacredit\u00f3 los resultados del informe de la Comisi\u00f3n Presidencial para la Verdad del caso Ayotzinapa, que \u00e9l encabeza\u00a0 y adujo intereses conservadores que buscan que no se resuelva el asesinato de los estudiantes.<\/p>\n<p>\u201cLe tenemos toda la confianza a Alejandro Encinas, es un hombre \u00edntegro, incapaz de falsear informaci\u00f3n y se tienen todos los elementos para sostener la investigaci\u00f3n y se van a seguir haciendo averiguaciones y se va a ir consolidando y fortaleciendo esta investigaci\u00f3n.<\/p>\n<p>\u201cLo que sucede es que pensaban que no \u00edbamos a actuar y que se iba a ir pasando el tiempo, entonces les sorprendi\u00f3 la decisi\u00f3n que se tom\u00f3 de hacer detenciones sobre todo la del procurador Murillo Karam y a militares porque no ten\u00edan esa intenci\u00f3n\u201d, se\u00f1al\u00f3 el jefe del Ejecutivo federal.<\/p>\n<p>\u201cCuando se toma la decisi\u00f3n que no va a haber impunidad para nadie y se act\u00faa pues se les descuadran sus c\u00e1lculos, pero existen todas las pruebas y se van a seguir reforzando por eso hubo una especie de rebeli\u00f3n al interior de la Fiscal\u00eda porque no esperaban que se actuara como se hizo\u201d, a\u00f1adi\u00f3.<\/p>\n<p>Ayer, el GIEI expuso que, de acuerdo con un peritaje forense, no se ha podido determinar la veracidad de los mensajes de Whatsapp usados en el informe de Encinas. El grupo detall\u00f3 que de las 467 capturas de pantalla reveladas por la Comisi\u00f3n de la Verdad, en 181 existen incoherencias e inconsistencias entre los metadatos y las im\u00e1genes capturadas.<\/p>\n<p>Asimismo, indicaron que aunque visualmente la versi\u00f3n de la aplicaci\u00f3n es la utilizada entre 2012 y 2015, en ese momento no exist\u00eda la posibilidad de videollamada, pero s\u00ed aparece el icono.<\/p>\n<p>Igualmente, tampoco exist\u00eda la posibilidad de la doble verificaci\u00f3n azul (confirmaci\u00f3n de mensaje enviado y recibido), pero s\u00ed aparece en la imagen.<\/p>\n<p>Por otra parte, hay capturas que se generaron anteriormente a la fecha en la que se se\u00f1ala que se enviaron los mensajes.<\/p>\n<p>Al respecto, el mandatario federal sostuvo que en la indagatoria del gobierno federal sobre la desaparici\u00f3n de los normalistas no hay margen para pensar que su administraci\u00f3n est\u00e1 recurriendo a la falsificaci\u00f3n de pruebas y mucho menos que intente encubrir a funcionarios.<\/p>\n<p>\u201cSe tiene un informe de la comisi\u00f3n y hay todos los elementos para actuar y no se cierra la investigaci\u00f3n. Ellos se dividieron, dos se retiraron y dos se quedaron porque as\u00ed es esto, es un asunto complejo, hab\u00eda una especie de pacto de silencio y mucho encubrimiento.<\/p>\n<p>\u201cSon elementos s\u00f3lidos y hay pruebas suficientes, hay m\u00e1s de una prueba en cada caso, es otro tipo de cosas. En el fondo es deseo ferviente del conservadurismo de que no cumplamos con el compromiso, de que no cumplamos con los padres de Ayotzinapa\u201d, sostuvo.<\/p>\n","protected":false},"excerpt":{"rendered":"<p>El presidente Andr\u00e9s Manuel L\u00f3pez Obrador afirma que renuncia al cargo si se comprueba que mantiene un pacto con integrantes del C\u00e1rtel de Sinaloa por sus visitas realizadas al municipio de Badiraguato, zona de Joaqu\u00edn \u201cEl Chapo\u201d Guzm\u00e1n, en Sinaloa.<\/p>\n","protected":false},"author":3,"featured_media":564572,"comment_status":"open","ping_status":"open","sticky":false,"template":"","format":"standard","meta":{"_monsterinsights_skip_tracking":false,"_monsterinsights_sitenote_active":false,"_monsterinsights_sitenote_note":"","_monsterinsights_sitenote_category":0,"footnotes":""},"categories":[3],"tags":[2545,1957,10062,76247,96735,43677,831],"class_list":["post-564495","post","type-post","status-publish","format-standard","has-post-thumbnail","hentry","category-nacional","tag-amlo","tag-cartel-de-sinaloa","tag-presidencia","tag-pruebas","tag-renuncio","tag-seguridad","tag-sinaloa"],"_links":{"self":[{"href":"https:\/\/www.diarioimagen.net\/index.php?rest_route=\/wp\/v2\/posts\/564495","targetHints":{"allow":["GET"]}}],"collection":[{"href":"https:\/\/www.diarioimagen.net\/index.php?rest_route=\/wp\/v2\/posts"}],"about":[{"href":"https:\/\/www.diarioimagen.net\/index.php?rest_route=\/wp\/v2\/types\/post"}],"author":[{"embeddable":true,"href":"https:\/\/www.diarioimagen.net\/index.php?rest_route=\/wp\/v2\/users\/3"}],"replies":[{"embeddable":true,"href":"https:\/\/www.diarioimagen.net\/index.php?rest_route=%2Fwp%2Fv2%2Fcomments&post=564495"}],"version-history":[{"count":0,"href":"https:\/\/www.diarioimagen.net\/index.php?rest_route=\/wp\/v2\/posts\/564495\/revisions"}],"wp:featuredmedia":[{"embeddable":true,"href":"https:\/\/www.diarioimagen.net\/index.php?rest_route=\/wp\/v2\/media\/564572"}],"wp:attachment":[{"href":"https:\/\/www.diarioimagen.net\/index.php?rest_route=%2Fwp%2Fv2%2Fmedia&parent=564495"}],"wp:term":[{"taxonomy":"category","embeddable":true,"href":"https:\/\/www.diarioimagen.net\/index.php?rest_route=%2Fwp%2Fv2%2Fcategories&post=564495"},{"taxonomy":"post_tag","embeddable":true,"href":"https:\/\/www.diarioimagen.net\/index.php?rest_route=%2Fwp%2Fv2%2Ftags&post=564495"}],"curies":[{"name":"wp","href":"https:\/\/api.w.org\/{rel}","templated":true}]}}