{"id":564500,"date":"2022-11-02T00:04:05","date_gmt":"2022-11-02T06:04:05","guid":{"rendered":"https:\/\/www.diarioimagen.net\/?p=564500"},"modified":"2022-11-02T02:27:19","modified_gmt":"2022-11-02T08:27:19","slug":"el-pri-con-alejandro-moreno-a-la-cabeza-no-es-de-fiar-pan-y-prd","status":"publish","type":"post","link":"https:\/\/www.diarioimagen.net\/?p=564500","title":{"rendered":"El PRI, con Alejandro Moreno a la cabeza, no es de fiar: PAN y PRD"},"content":{"rendered":"<p>&nbsp;<\/p>\n<ul>\n<li><em><strong>\u201cDice una cosa y hace otra\u201d<\/strong><\/em><\/li>\n<\/ul>\n<p>&nbsp;<\/p>\n<h6>Arturo Baena<\/h6>\n<p>&nbsp;<\/p>\n<div id=\"attachment_564579\" style=\"width: 470px\" class=\"wp-caption aligncenter\"><img loading=\"lazy\" decoding=\"async\" aria-describedby=\"caption-attachment-564579\" class=\"size-full wp-image-564579\" src=\"https:\/\/www.diarioimagen.net\/wp-content\/uploads\/2022\/11\/pri-alejandro-moreno.jpg\" alt=\"\" width=\"460\" height=\"270\" \/><p id=\"caption-attachment-564579\" class=\"wp-caption-text\">El regidor Agust\u00edn Belgodere se\u00f1al\u00f3 que ya lo confirmaron las dirigencias del PAN y PRD, si el Revolucionario Institucional\u00a0 vota a favor de la reforma electoral se acaba la alianza.<\/p><\/div>\n<p>&nbsp;<\/p>\n<p><strong>Valle de M\u00e9xico.\u2014<\/strong> Panistas y perredistas del Estado de M\u00e9xico no conf\u00edan en el dirigente nacional del PRI, pues \u201cdice una cosa y hace otra\u201d como fue el caso de la ampliaci\u00f3n de la guardia nacional, en donde su bancada apoy\u00f3 la militarizaci\u00f3n del pa\u00eds.<\/p>\n<p>Asegur\u00f3 el regidor Agust\u00edn Belgodere, al tiempo de destacar que \u201cya lo confirmaron las dirigencias del PAN y PRD, si el Revolucionario Institucional, vota a favor de la reforma electoral, se acaba la alianza. Alejandro Moreno, no es una persona de fiar, de seguro nos va a volver a traicionar\u201d, dijeron. En ese sentido, el dirigente nacional del PRI, Alejandro Moreno C\u00e1rdenas, neg\u00f3 tener m\u00e1s acuerdos con el gobierno federal y Morena, y reiter\u00f3 que votar\u00e1 en contra de una eventual nueva reforma electoral que propuso el presidente Andr\u00e9s Manuel L\u00f3pez Obrador. Por ello, el priista hizo un llamado al PAN y PRD a retomar la alianza conjunta para las elecciones del 2023 y la presidencial de 2024.<\/p>\n<p>Moreno C\u00e1rdenas argument\u00f3 que el PRI present\u00f3 hasta el 2 de septiembre su iniciativa para ampliar a 2028 la presencia de las Fuerzas Armadas en tareas de seguridad p\u00fablica, e indic\u00f3 que en dicho periodo los tres partidos votaron en favor de diversas reformas constitucionales en el Congreso.<\/p>\n<p>Tambi\u00e9n destac\u00f3 que el PRI se comprometi\u00f3 a votar contra la reforma el\u00e9ctrica y la transferencia de la Guardia Nacional a la Secretar\u00eda de la Defensa Nacional, y as\u00ed lo hizo. \u201cEl PRI siempre cumple su palabra\u201d, sostuvo. \u201cNo encuentro por ning\u00fan lado que se viol\u00f3 o se incumpli\u00f3\u201d, dijo.<\/p>\n<p>\u201cNo estamos trabajando con Morena ninguna iniciativa de reforma electoral\u201d, asegur\u00f3 el priista.<\/p>\n<p>En contraste con lo dicho por el secretario de Gobernaci\u00f3n, Ad\u00e1n Augusto L\u00f3pez, el dirigente priista asever\u00f3 que el tricolor \u201cjam\u00e1s\u201d respaldar\u00e1 ninguna acci\u00f3n que signifique el menoscabo de las instituciones electorales y el Estado de derecho.<\/p>\n<p>\u201cEl PRI siempre ha estado en favor de consolidar el Estado de derecho, dar solidez a las instituciones y vamos a contener cualquier intento por modificar el juego democr\u00e1tico. El PRI jam\u00e1s votar\u00e1 una reforma electoral que atente contra el INE, el Tribunal Electoral o contra las reglas de participaci\u00f3n democr\u00e1tica en nuestro pa\u00eds\u201d, refiri\u00f3.<\/p>\n","protected":false},"excerpt":{"rendered":"<p>Panistas y perredistas del Estado de M\u00e9xico no conf\u00edan en el dirigente nacional del PRI, pues \u201cdice una cosa y hace otra\u201d como fue el caso de la ampliaci\u00f3n de la guardia nacional, en donde su bancada apoy\u00f3 la militarizaci\u00f3n del pa\u00eds.<\/p>\n","protected":false},"author":3,"featured_media":564579,"comment_status":"open","ping_status":"open","sticky":false,"template":"","format":"standard","meta":{"_monsterinsights_skip_tracking":false,"_monsterinsights_sitenote_active":false,"_monsterinsights_sitenote_note":"","_monsterinsights_sitenote_category":0,"footnotes":""},"categories":[5],"tags":[96736,43675,211,362,34],"class_list":["post-564500","post","type-post","status-publish","format-standard","has-post-thumbnail","hentry","category-estado-de-mexico","tag-alito-alejandro-moreno","tag-estado-de-mexico","tag-prd","tag-pri","tag-valle-de-mexico"],"_links":{"self":[{"href":"https:\/\/www.diarioimagen.net\/index.php?rest_route=\/wp\/v2\/posts\/564500","targetHints":{"allow":["GET"]}}],"collection":[{"href":"https:\/\/www.diarioimagen.net\/index.php?rest_route=\/wp\/v2\/posts"}],"about":[{"href":"https:\/\/www.diarioimagen.net\/index.php?rest_route=\/wp\/v2\/types\/post"}],"author":[{"embeddable":true,"href":"https:\/\/www.diarioimagen.net\/index.php?rest_route=\/wp\/v2\/users\/3"}],"replies":[{"embeddable":true,"href":"https:\/\/www.diarioimagen.net\/index.php?rest_route=%2Fwp%2Fv2%2Fcomments&post=564500"}],"version-history":[{"count":0,"href":"https:\/\/www.diarioimagen.net\/index.php?rest_route=\/wp\/v2\/posts\/564500\/revisions"}],"wp:featuredmedia":[{"embeddable":true,"href":"https:\/\/www.diarioimagen.net\/index.php?rest_route=\/wp\/v2\/media\/564579"}],"wp:attachment":[{"href":"https:\/\/www.diarioimagen.net\/index.php?rest_route=%2Fwp%2Fv2%2Fmedia&parent=564500"}],"wp:term":[{"taxonomy":"category","embeddable":true,"href":"https:\/\/www.diarioimagen.net\/index.php?rest_route=%2Fwp%2Fv2%2Fcategories&post=564500"},{"taxonomy":"post_tag","embeddable":true,"href":"https:\/\/www.diarioimagen.net\/index.php?rest_route=%2Fwp%2Fv2%2Ftags&post=564500"}],"curies":[{"name":"wp","href":"https:\/\/api.w.org\/{rel}","templated":true}]}}