{"id":564549,"date":"2022-11-02T00:12:30","date_gmt":"2022-11-02T06:12:30","guid":{"rendered":"https:\/\/www.diarioimagen.net\/?p=564549"},"modified":"2022-11-02T01:45:46","modified_gmt":"2022-11-02T07:45:46","slug":"el-senado-analizara-y-en-su-caso-reorientara-la-reforma-electoral-que-venga-de-diputados-monreal","status":"publish","type":"post","link":"https:\/\/www.diarioimagen.net\/?p=564549","title":{"rendered":"El Senado analizar\u00e1, y en su caso reorientar\u00e1, la reforma electoral que venga de diputados: Monreal"},"content":{"rendered":"<h2>Tras la puerta del poder<\/h2>\n<h5>Roberto Vizca\u00edno<\/h5>\n<p>&nbsp;<\/p>\n<p>Una vez cumplido con el puente de D\u00eda de Muertos, y de tomarse un mega descanso, diputados y senadores entrar\u00e1n de lleno a la revisi\u00f3n, aprobaci\u00f3n o rechazo de la iniciativa de reforma electoral del presidente <strong>Andr\u00e9s Manuel L\u00f3pez Obrador.<\/strong><\/p>\n<p>Debatida al extremo, sobre-analizada, esta iniciativa est\u00e1 en la expectativa de los sectores m\u00e1s sensibles quienes reclaman y advierten de posibles perjuicios a la democracia mexicana mientras que la apat\u00eda de las mayor\u00edas prevalece.<\/p>\n<p>As\u00ed, la reforma electoral pasa a ser r\u00e1pidamente el tema de lo que resta de la semana.<\/p>\n<p>De ganar, <strong>AMLO-Morena<\/strong> lograr\u00e1n desaparecer al INE y en su lugar dejar al Instituto Nacional de Elecciones y Consultas, ah\u00ed se centralizar\u00edan todas las elecciones a realizarse en el pa\u00eds; en lugar de 11 consejeros quedar\u00edan 7; y de 9 a\u00f1os de gesti\u00f3n bajar\u00edan a 6 adem\u00e1s de que ya no ser\u00edan designados por el Congreso, sino que ser\u00edan electos por la ciudadan\u00eda.<\/p>\n<p>Los 6 consejeros surgir\u00edan de 20 aspirantes propuestos por Senado y Diputados; 20 m\u00e1s por la Suprema Corte y 20 propuestos por <strong>AMLO.<\/strong><\/p>\n<p>Un proceso similar vivir\u00eda el Tribunal Electoral para quedar con 7 magistrados que durar\u00edan 6 y no 9 a\u00f1os y ser\u00edan igualmente votados en elecciones ciudadanas. El Tribunal Electoral absorber\u00e1 a todos los tribunales locales<\/p>\n<p>La C\u00e1mara de Diputados bajar\u00eda de 500 a 300 legisladores y ya no ser\u00edan votados por distrito sino en listas por estados y partido. Y el Senado bajar\u00eda de 128 a 96 senadores.<\/p>\n<p><strong>\u00a1Ya veremos!<\/strong><\/p>\n<p>En este contexto, <strong>Ricardo Monreal<\/strong>, presidente de la Junta de Coordinaci\u00f3n Pol\u00edtica, advirti\u00f3 que, como C\u00e1mara revisora, el Senado revisar\u00e1 y quiz\u00e1 reorientar\u00e1 la iniciativa que aprueben los diputados.<\/p>\n<p>Hoy, dijo, nosotros dejamos que la discusi\u00f3n sobre esta iniciativa de reforma constitucional y legal la debata y tramite la C\u00e1mara de Diputados, que es el \u00f3rgano legislativo competente para que se logren acuerdo en aquella C\u00e1mara.<\/p>\n<p>Despu\u00e9s actuar\u00e1 el Senado con responsabilidad, en el caso de que se apruebe all\u00e1.<\/p>\n<p>\u201cY aqu\u00ed la revisaremos escrupulosamente <strong>para fortalecer las instituciones, no destruirlas<\/strong>; para <strong>fortalecer los \u00f3rganos del Estado<\/strong> y <strong>darles posibilidades de defender la democracia y de defender el Estado de derecho<\/strong>\u201d, subray\u00f3.<\/p>\n<p>El zacatecano reaccion\u00f3 as\u00ed ante los reclamos de importantes sectores que, como el empresariado, el Episcopado, acad\u00e9micos, exigen no tocar al INE.<\/p>\n<p style=\"text-align: center;\"><strong>Los obispos mexicanos alertan: es regresiva<\/strong><\/p>\n<p>Y es que dentro de los grupos que han expresado su alarma en M\u00e9xico por esta iniciativa electoral de <strong>AMLO,<\/strong> se encuentran los cardenales y obispos cat\u00f3licos de M\u00e9xico.<\/p>\n<p>Reunidos en la Conferencia del Episcopado Mexicano, la CEM, esta jerarqu\u00eda considerada desde siempre como una de las m\u00e1s poderosas de M\u00e9xico, mostr\u00f3 su preocupaci\u00f3n por que la reforma pol\u00edtico-electoral que se tramita en la C\u00e1mara de Diputados puede eliminar la autonom\u00eda del Instituto Nacional Electoral.<\/p>\n<p>\u201cExpresamos nuestra franca preocupaci\u00f3n, al igual que muchos ciudadanos e instituciones de la sociedad civil y de las mismas organizaciones pol\u00edticas, por el impulso que se da a una reforma constitucional en materia electoral, por iniciativa del Ejecutivo federal, que est\u00e1 en proceso en la C\u00e1mara de Diputados y que, por su orientaci\u00f3n y motivos, <strong>es claramente regresiva<\/strong>\u201d.<\/p>\n<p>No se quedaron ah\u00ed los cardenales y obispos cat\u00f3licos. Afirmaron que esta iniciativa de reforma electoral <strong><em>es un agravio a la vida democr\u00e1tica del pa\u00eds<\/em><\/strong> y la reforma est\u00e1 destinada a afectar la representaci\u00f3n y el equilibrio de las minor\u00edas y mayor\u00edas.<\/p>\n<p>\u201c&#8230; llevando el control de los comicios hacia el \u00e1mbito del gobierno federal centralista, afectando su gesti\u00f3n presupuestal, eliminando su autonom\u00eda ciudadana y su imparcialidad partidista\u201d.<\/p>\n<p>De acuerdo a los cardenales y obispos, ning\u00fan ciudadano, y menos los gobernantes, tienen derecho a impulsar reformas que eliminen o comprometan la fortaleza de las instituciones que son el soporte del Estado mexicano, \u201ccomo es el caso del INE y del Tribunal Electoral del Poder Judicial de la Federaci\u00f3n (TEPJF). La sola pretensi\u00f3n de hacerlo pone en entredicho la calidad moral de quienes la impulsan\u201d.<\/p>\n<p>Luego de expresar su reconocimiento al INE y al TEPJF por la importante labor que realiza en la vida democr\u00e1tica del pa\u00eds, el Episcopado agreg\u00f3:<\/p>\n<p>\u201cSe trata de una instituci\u00f3n ciudadana que ha madurado gracias a su autonom\u00eda de los poderes pol\u00edticos y en estrecha relaci\u00f3n con la ciudadan\u00eda y la pluralidad de los partidos, ha permitido durante los \u00faltimos 25 a\u00f1os la realizaci\u00f3n de procesos electorales justos, equitativos, abiertos, transparentes y confiables, de forma legal y pac\u00edfica, para la renovaci\u00f3n de los cargos de elecci\u00f3n popular\u201d.<\/p>\n<p>La CEM record\u00f3 que el INE tiene una gran aceptaci\u00f3n en la ciudadan\u00eda y es una de las instituciones m\u00e1s confiables para los mexicanos. Afirm\u00f3 que todas las instituciones y leyes son perfectibles, como sucedi\u00f3 con el Instituto Federal Electoral (IFE) de la primera etapa, y el INE actual.<\/p>\n<p>\u201cUnimos nuestras voces como pastores de la Iglesia cat\u00f3lica en M\u00e9xico, desde el ejercicio de nuestro compromiso con el bien com\u00fan que es un derecho propio, (&#8230;) a trav\u00e9s de reformar la ley constitucional. Exhortamos respetuosamente a los Poderes Ejecutivo y Legislativo a que asuman su responsabilidad con la historia y con las futuras generaciones, haciendo a un lado intereses ideol\u00f3gicos particulares\u201d.<\/p>\n<p><em><a href=\"mailto:rvizcainoa@gmail.com\" target=\"_blank\" rel=\"noopener noreferrer\">vizcainoa@gmail.com<\/a><a href=\"mailto:rvizcainoa@gmail.com\" target=\"_blank\" rel=\"noopener noreferrer\"><br \/>\n<\/a><a href=\"http:\/\/endirecto.mx\" target=\"_blank\" rel=\"noopener noreferrer\">www.endirecto.mx<\/a><a href=\"mailto:rvizcainoa@gmail.com\" target=\"_blank\" rel=\"noopener noreferrer\"><br \/>\n<\/a><a href=\"https:\/\/twitter.com\/_rvizcaino\" target=\"_blank\" rel=\"noopener noreferrer\">@_RVizcaino<\/a><a href=\"mailto:rvizcainoa@gmail.com\" target=\"_blank\" rel=\"noopener noreferrer\"><br \/>\n<\/a><a href=\"https:\/\/www.facebook.com\/rvizcainoa\" target=\"_blank\" rel=\"noopener noreferrer\">facebook.com\/rvizcainoa<\/a><\/em><\/p>\n","protected":false},"excerpt":{"rendered":"<p><span style=\"color: #005497;\"><strong>Roberto Vizca\u00edno<\/strong><\/span><\/p>\n","protected":false},"author":3,"featured_media":0,"comment_status":"open","ping_status":"open","sticky":false,"template":"","format":"standard","meta":{"_monsterinsights_skip_tracking":false,"_monsterinsights_sitenote_active":false,"_monsterinsights_sitenote_note":"","_monsterinsights_sitenote_category":0,"footnotes":""},"categories":[136],"tags":[43674,93,94],"class_list":["post-564549","post","type-post","status-publish","format-standard","hentry","category-roberto-vizcaino-opinion","tag-opinion","tag-roberto-vizcaino","tag-tras-la-puerta-del-poder"],"_links":{"self":[{"href":"https:\/\/www.diarioimagen.net\/index.php?rest_route=\/wp\/v2\/posts\/564549","targetHints":{"allow":["GET"]}}],"collection":[{"href":"https:\/\/www.diarioimagen.net\/index.php?rest_route=\/wp\/v2\/posts"}],"about":[{"href":"https:\/\/www.diarioimagen.net\/index.php?rest_route=\/wp\/v2\/types\/post"}],"author":[{"embeddable":true,"href":"https:\/\/www.diarioimagen.net\/index.php?rest_route=\/wp\/v2\/users\/3"}],"replies":[{"embeddable":true,"href":"https:\/\/www.diarioimagen.net\/index.php?rest_route=%2Fwp%2Fv2%2Fcomments&post=564549"}],"version-history":[{"count":0,"href":"https:\/\/www.diarioimagen.net\/index.php?rest_route=\/wp\/v2\/posts\/564549\/revisions"}],"wp:attachment":[{"href":"https:\/\/www.diarioimagen.net\/index.php?rest_route=%2Fwp%2Fv2%2Fmedia&parent=564549"}],"wp:term":[{"taxonomy":"category","embeddable":true,"href":"https:\/\/www.diarioimagen.net\/index.php?rest_route=%2Fwp%2Fv2%2Fcategories&post=564549"},{"taxonomy":"post_tag","embeddable":true,"href":"https:\/\/www.diarioimagen.net\/index.php?rest_route=%2Fwp%2Fv2%2Ftags&post=564549"}],"curies":[{"name":"wp","href":"https:\/\/api.w.org\/{rel}","templated":true}]}}