{"id":564618,"date":"2022-11-03T00:02:39","date_gmt":"2022-11-03T06:02:39","guid":{"rendered":"https:\/\/www.diarioimagen.net\/?p=564618"},"modified":"2022-11-03T02:00:54","modified_gmt":"2022-11-03T08:00:54","slug":"comunicaciones-y-transportes-suspende-tramites-lo-que-resta-del-ano","status":"publish","type":"post","link":"https:\/\/www.diarioimagen.net\/?p=564618","title":{"rendered":"Comunicaciones y Transportes suspende tr\u00e1mites lo que resta del a\u00f1o"},"content":{"rendered":"<p>&nbsp;<\/p>\n<ul>\n<li><em><strong>Medidas, tras sufrir un ataque cibern\u00e9tico<\/strong><\/em><\/li>\n<\/ul>\n<p>&nbsp;<\/p>\n<div id=\"attachment_564667\" style=\"width: 470px\" class=\"wp-caption aligncenter\"><img loading=\"lazy\" decoding=\"async\" aria-describedby=\"caption-attachment-564667\" class=\"size-full wp-image-564667\" src=\"https:\/\/www.diarioimagen.net\/wp-content\/uploads\/2022\/11\/sct.jpg\" alt=\"\" width=\"460\" height=\"270\" \/><p id=\"caption-attachment-564667\" class=\"wp-caption-text\">La Secretar\u00eda de Infraestructura, Comunicaciones y Transportes anunci\u00f3 la suspensi\u00f3n de diversos tr\u00e1mites para el transporte terrestre y a\u00e9reo por lo que resta de este 2022.<\/p><\/div>\n<p>&nbsp;<\/p>\n<p>Tras el ataque cibern\u00e9tico contra las computadoras de la Secretar\u00eda de Infraestructura, Comunicaciones y Transportes (SICT), la dependencia federal anunci\u00f3 la suspensi\u00f3n de diversos tr\u00e1mites en lo que resta del a\u00f1o.<\/p>\n<p>En un acuerdo publicado en el <em>Diario Oficial de la Federaci\u00f3n<\/em>, la SICT inform\u00f3 que suspendi\u00f3 tr\u00e1mites, la expedici\u00f3n de licencias federales y certificados en diversas modalidades de transporte, tanto de la dependencia como de la Agencia Federal de Aviaci\u00f3n Civil.<\/p>\n<p>La dependencia asegura que la medida busca salvaguardar los sistemas de informaci\u00f3n ante un \u201cincidente cibern\u00e9tico en equipos de c\u00f3mputo al servicio de esta dependencia identificado el d\u00eda de hoy\u201d. La SICT se\u00f1ala que entre los procedimientos afectados est\u00e1n: \u201cLa recepci\u00f3n de documentos e informes, tr\u00e1mites, actuaciones, diligencias, inicio, substanciaci\u00f3n y resoluci\u00f3n de procedimientos administrativos y\/o procedimientos contenciosos ante \u00f3rganos jurisdiccionales de car\u00e1cter federal y local\u201d.<\/p>\n<p>Adem\u00e1s, \u201cnotificaciones, citatorios, emplazamientos, requerimientos, solicitudes de informes o documentos y medios de impugnaci\u00f3n o cualquier otro acto administrativo y\/o jurisdiccional que sea solicitado a esta dependencia\u201d.<\/p>\n<p>Aunque el acuerdo se public\u00f3 este martes, su entrada en vigor ser\u00e1 retroactiva desde el 24 de octubre, y estar\u00e1 vigente hasta el 31 de diciembre de 2022.<\/p>\n<p>Aclar\u00f3, sin embargo, que los m\u00e1s de dos meses que comprende esta suspensi\u00f3n no correr\u00e1n los plazos y t\u00e9rminos para los tr\u00e1mites ya iniciados.<\/p>\n<p>Ante la imposibilidad de renovarlas, las licencias con fecha de vencimiento comprendido en este periodo recibir\u00e1n una pr\u00f3rroga, y los titulares de permisos, licencias o certificados de capacidad podr\u00e1n seguir ejerciendo sus atribuciones.<\/p>\n<p>\u201cNo obstante, los tr\u00e1mites antes se\u00f1alados que hayan vencido durante la vigencia del presente Acuerdo se entender\u00e1n prorrogados hasta el 31 de diciembre de 2022.\u201d<\/p>\n<p>El pasado 24 de octubre, la dependencia hab\u00eda confirmado en redes sociales que sufri\u00f3 un ciberataque.<\/p>\n<p>En un breve mensaje en sus redes sociales oficiales, dijo que ya investigaba el incidente.<\/p>\n<p>\u201cSe activ\u00f3 Protocolo Nacional Homologado de Gesti\u00f3n de Incidentes Cibern\u00e9ticos y Plan de Contingencia, en apego a la normatividad, a fin de contener posibles vulnerabilidades a la informaci\u00f3n y datos derivado de accesos il\u00edcitos a equipos inform\u00e1ticos de la SICT\u201d, inform\u00f3 la SICT.<\/p>\n<p>Este hackeo se da poco semanas despu\u00e9s de que el grupo de hacktivistas llamado Guacamaya extrajo seis terabytes de datos de la Secretar\u00eda de la Defensa Nacional (Sedena).<\/p>\n","protected":false},"excerpt":{"rendered":"<p>Tras el ataque cibern\u00e9tico contra las computadoras de la Secretar\u00eda de Infraestructura, Comunicaciones y Transportes (SICT), la dependencia federal anunci\u00f3 la suspensi\u00f3n de diversos tr\u00e1mites en lo que resta del a\u00f1o.<\/p>\n","protected":false},"author":3,"featured_media":564667,"comment_status":"open","ping_status":"open","sticky":false,"template":"","format":"standard","meta":{"_monsterinsights_skip_tracking":false,"_monsterinsights_sitenote_active":false,"_monsterinsights_sitenote_note":"","_monsterinsights_sitenote_category":0,"footnotes":""},"categories":[3],"tags":[95021,43673,95827,66788],"class_list":["post-564618","post","type-post","status-publish","format-standard","has-post-thumbnail","hentry","category-nacional","tag-ciberataque","tag-nacional","tag-sict","tag-tramites"],"_links":{"self":[{"href":"https:\/\/www.diarioimagen.net\/index.php?rest_route=\/wp\/v2\/posts\/564618","targetHints":{"allow":["GET"]}}],"collection":[{"href":"https:\/\/www.diarioimagen.net\/index.php?rest_route=\/wp\/v2\/posts"}],"about":[{"href":"https:\/\/www.diarioimagen.net\/index.php?rest_route=\/wp\/v2\/types\/post"}],"author":[{"embeddable":true,"href":"https:\/\/www.diarioimagen.net\/index.php?rest_route=\/wp\/v2\/users\/3"}],"replies":[{"embeddable":true,"href":"https:\/\/www.diarioimagen.net\/index.php?rest_route=%2Fwp%2Fv2%2Fcomments&post=564618"}],"version-history":[{"count":0,"href":"https:\/\/www.diarioimagen.net\/index.php?rest_route=\/wp\/v2\/posts\/564618\/revisions"}],"wp:featuredmedia":[{"embeddable":true,"href":"https:\/\/www.diarioimagen.net\/index.php?rest_route=\/wp\/v2\/media\/564667"}],"wp:attachment":[{"href":"https:\/\/www.diarioimagen.net\/index.php?rest_route=%2Fwp%2Fv2%2Fmedia&parent=564618"}],"wp:term":[{"taxonomy":"category","embeddable":true,"href":"https:\/\/www.diarioimagen.net\/index.php?rest_route=%2Fwp%2Fv2%2Fcategories&post=564618"},{"taxonomy":"post_tag","embeddable":true,"href":"https:\/\/www.diarioimagen.net\/index.php?rest_route=%2Fwp%2Fv2%2Ftags&post=564618"}],"curies":[{"name":"wp","href":"https:\/\/api.w.org\/{rel}","templated":true}]}}