{"id":564620,"date":"2022-11-03T00:05:10","date_gmt":"2022-11-03T06:05:10","guid":{"rendered":"https:\/\/www.diarioimagen.net\/?p=564620"},"modified":"2022-11-03T23:11:44","modified_gmt":"2022-11-04T05:11:44","slug":"alegria-de-universitarios-retoma-las-calles-de-tenancingo-con-el-festival-el-muerto-al-pozo-y-el-vivo-al-gozo","status":"publish","type":"post","link":"https:\/\/www.diarioimagen.net\/?p=564620","title":{"rendered":"Alegr\u00eda de universitarios retoma las calles de Tenancingo con el Festival \u201cEl muerto al pozo y el vivo al gozo\u201d"},"content":{"rendered":"<p>&nbsp;<\/p>\n<ul>\n<li><strong><em>Esta actividad marc\u00f3 el inicio de las actividades que en este municipio se realizan con motivo de la celebraci\u00f3n de D\u00eda de Muertos y es una actividad esperada por la poblaci\u00f3n<\/em><\/strong><\/li>\n<\/ul>\n<p><strong>\u00a0<\/strong><\/p>\n<div id=\"attachment_564657\" style=\"width: 470px\" class=\"wp-caption aligncenter\"><img loading=\"lazy\" decoding=\"async\" aria-describedby=\"caption-attachment-564657\" class=\"size-full wp-image-564657\" src=\"https:\/\/www.diarioimagen.net\/wp-content\/uploads\/2022\/11\/uaem.jpg\" alt=\"\" width=\"460\" height=\"270\" \/><p id=\"caption-attachment-564657\" class=\"wp-caption-text\">El festival permite mostrar el trabajo que realizan los j\u00f3venes universitarios y su alegr\u00eda, brinda a los habitantes la oportunidad de visitar las instalaciones universitarias, que com\u00fanmente no est\u00e1n abiertas al p\u00fablico en general.<\/p><\/div>\n<p>&nbsp;<\/p>\n<p><strong>Tenancingo, Estado de M\u00e9xico.\u2014 <\/strong>Con la participaci\u00f3n de alrededor de 900 estudiantes de los niveles medio y superior y luego de dos a\u00f1os de confinamiento por la pandemia de COVID-19, el Centro Universitario Tenancingo de la Universidad Aut\u00f3noma del Estado de M\u00e9xico reanud\u00f3 la realizaci\u00f3n, en la modalidad presencial, del Festival \u201cEl muerto al pozo y el vivo al gozo\u201d.<\/p>\n<p>La coordinadora de Difusi\u00f3n Cultural de este espacio universitario, Alejandra Ceballos Mej\u00eda, refiri\u00f3 que el programa de la 13\u00aa edici\u00f3n del festival, que los dos a\u00f1os anteriores se realiz\u00f3 de manera virtual, comprendi\u00f3 el montaje de una ofrenda monumental, en el que participaron los alumnos y el profesor del Taller de Dibujo, as\u00ed como de cinco ofrendas que hacen alusi\u00f3n a las tradiciones con motivo del D\u00eda de Muertos en cinco estados de la Rep\u00fablica Mexicana.<\/p>\n<p>Abund\u00f3 que alrededor de 700 alumnos de las licenciaturas en Gastronom\u00eda, Turismo, Relaciones Econ\u00f3micas Internacionales, Arqueolog\u00eda e Ingeniero Agr\u00f3nomo en Floricultura participaron en el montaje de estas ofrendas y en el desfile catrinas y catrines, as\u00ed como de cinco carros aleg\u00f3ricos, por las principales calles del municipio, partiendo de la Glorieta Hidalgo y arribando a las instalaciones del Centro Universitario.<\/p>\n<p>En esta ocasi\u00f3n, detall\u00f3, se cont\u00f3 con la participaci\u00f3n en el desfile de un alebrije monumental por parte del Ayuntamiento de Tenancingo, as\u00ed como de 200 alumnos de la Banda Universitaria de Marcha del Plantel \u201cDr. Pablo Gonz\u00e1lez Casanova\u201d de la Escuela Preparatoria de la UAEM\u00e9x, ubicado en esta misma demarcaci\u00f3n.<\/p>\n<p>Como parte de estas actividades tambi\u00e9n se llev\u00f3 a cabo una exposici\u00f3n de serigraf\u00eda, la presentaci\u00f3n de un grupo de danza folkl\u00f3rica del municipio, la presentaci\u00f3n del grupo de m\u00fasica \u201cCanto y Luna\u201d de la instituci\u00f3n, un concurso de catrinas vivientes y una kerm\u00e9s.<\/p>\n<p>Para cerrar con broche de oro, refiri\u00f3 la universitaria, se realiz\u00f3 el recorrido de leyendas, actividad que despierta gran inter\u00e9s entre los habitantes del municipio y que permite recuperar la tradici\u00f3n oral.<\/p>\n<p>Alejandra Ceballos Mej\u00eda indic\u00f3 que el Festival \u201cEl muerto al pozo y el vivo al gozo\u201d marca el inicio de las actividades que en el municipio de Tenancingo se realizan con motivo de la celebraci\u00f3n de D\u00eda de Muertos y es una actividad esperada por la poblaci\u00f3n, que permite mostrar el trabajo que realizan los j\u00f3venes universitarios y su alegr\u00eda, que brinda a los habitantes la oportunidad de visitar las instalaciones universitarias, que com\u00fanmente no est\u00e1n abiertas al p\u00fablico en general.<\/p>\n<p>Cabe destacar que el desfile de catrinas y catrines, as\u00ed como de carros aleg\u00f3ricos, fue encabezado por el presidente municipal de Tenancingo, H\u00e9ctor Gordillo S\u00e1nchez; la directora general de Centros Universitarios y Unidades Acad\u00e9micas Profesionales\/B, Sandra Ch\u00e1vez Mar\u00edn, y la directora del Centro Universitario UAEM Tenancingo, Luz Mar\u00eda Robles Hern\u00e1ndez.<\/p>\n","protected":false},"excerpt":{"rendered":"<p>Con la participaci\u00f3n de alrededor de 900 estudiantes de los niveles medio y superior y luego de dos a\u00f1os de confinamiento por la pandemia de COVID-19, el Centro Universitario Tenancingo de la Universidad Aut\u00f3noma del Estado de M\u00e9xico reanud\u00f3 la realizaci\u00f3n, en la modalidad presencial, del Festival \u201cEl muerto al pozo y el vivo al gozo\u201d.<\/p>\n","protected":false},"author":3,"featured_media":564657,"comment_status":"open","ping_status":"open","sticky":false,"template":"","format":"standard","meta":{"_monsterinsights_skip_tracking":false,"_monsterinsights_sitenote_active":false,"_monsterinsights_sitenote_note":"","_monsterinsights_sitenote_category":0,"footnotes":""},"categories":[5],"tags":[96746,14859],"class_list":["post-564620","post","type-post","status-publish","format-standard","has-post-thumbnail","hentry","category-estado-de-mexico","tag-el-muerto-al-pozo-y-el-vivo-al-gozo","tag-tenancingo"],"_links":{"self":[{"href":"https:\/\/www.diarioimagen.net\/index.php?rest_route=\/wp\/v2\/posts\/564620","targetHints":{"allow":["GET"]}}],"collection":[{"href":"https:\/\/www.diarioimagen.net\/index.php?rest_route=\/wp\/v2\/posts"}],"about":[{"href":"https:\/\/www.diarioimagen.net\/index.php?rest_route=\/wp\/v2\/types\/post"}],"author":[{"embeddable":true,"href":"https:\/\/www.diarioimagen.net\/index.php?rest_route=\/wp\/v2\/users\/3"}],"replies":[{"embeddable":true,"href":"https:\/\/www.diarioimagen.net\/index.php?rest_route=%2Fwp%2Fv2%2Fcomments&post=564620"}],"version-history":[{"count":0,"href":"https:\/\/www.diarioimagen.net\/index.php?rest_route=\/wp\/v2\/posts\/564620\/revisions"}],"wp:featuredmedia":[{"embeddable":true,"href":"https:\/\/www.diarioimagen.net\/index.php?rest_route=\/wp\/v2\/media\/564657"}],"wp:attachment":[{"href":"https:\/\/www.diarioimagen.net\/index.php?rest_route=%2Fwp%2Fv2%2Fmedia&parent=564620"}],"wp:term":[{"taxonomy":"category","embeddable":true,"href":"https:\/\/www.diarioimagen.net\/index.php?rest_route=%2Fwp%2Fv2%2Fcategories&post=564620"},{"taxonomy":"post_tag","embeddable":true,"href":"https:\/\/www.diarioimagen.net\/index.php?rest_route=%2Fwp%2Fv2%2Ftags&post=564620"}],"curies":[{"name":"wp","href":"https:\/\/api.w.org\/{rel}","templated":true}]}}