{"id":564629,"date":"2022-11-03T00:01:42","date_gmt":"2022-11-03T06:01:42","guid":{"rendered":"https:\/\/www.diarioimagen.net\/?p=564629"},"modified":"2022-11-03T02:06:22","modified_gmt":"2022-11-03T08:06:22","slug":"endureceran-sanciones-contra-quien-tire-basura-en-la-via-publica-en-tlalnepantla","status":"publish","type":"post","link":"https:\/\/www.diarioimagen.net\/?p=564629","title":{"rendered":"Endurecer\u00e1n sanciones contra quien tire basura en la v\u00eda p\u00fablica, en Tlalnepantla\u00a0"},"content":{"rendered":"<p>&nbsp;<\/p>\n<ul>\n<li><em><strong>Escuchan las propuestas de ocho ciudadanos<\/strong><\/em><\/li>\n<\/ul>\n<p>&nbsp;<\/p>\n<div id=\"attachment_564675\" style=\"width: 470px\" class=\"wp-caption aligncenter\"><img loading=\"lazy\" decoding=\"async\" aria-describedby=\"caption-attachment-564675\" class=\"size-full wp-image-564675\" src=\"https:\/\/www.diarioimagen.net\/wp-content\/uploads\/2022\/11\/endureceran-sanciones.jpg\" alt=\"\" width=\"460\" height=\"270\" \/><p id=\"caption-attachment-564675\" class=\"wp-caption-text\">El edil Antonio Rodr\u00edguez afirm\u00f3 que se trabaja por una una nueva sociedad responsable para atender las problem\u00e1ticas de medio ambiente y maltrato animal.<\/p><\/div>\n<p>&nbsp;<\/p>\n<p><strong>Tlalnepantla, Estado de M\u00e9xico.\u2014<\/strong> El presidente municipal de esta localidad, Antonio Rodr\u00edguez Hurtado, afirm\u00f3 que su gobierno trabaja para construir una nueva sociedad integrada, consciente y responsable para atender las problem\u00e1ticas de medio ambiente y maltrato animal, as\u00ed como la p\u00e9rdida de valores que garantice una mejor convivencia entre los tlalnepantlenses.<\/p>\n<p>En el teatro al aire libre del Parque de la Ciencia, Tony Rodr\u00edguez y miembros del Cuerpo Edilicio escucharon las propuestas de ocho ciudadanos de diferentes zonas de Tlalnepantla para generar econom\u00eda familiar con la recolecci\u00f3n de residuos s\u00f3lidos; reforzar la cultura del medio ambiente y endurecer sanciones a quien tire basura en la v\u00eda p\u00fablica; m\u00e1s cl\u00ednicas integrales especializadas para mascotas y albergues temporales para estas, adem\u00e1s de reforzar los valores en los ciudadanos para una sana convivencia.<\/p>\n<p>El alcalde afirm\u00f3 que en el municipio el tema ambiental s\u00ed tiene una ruta clara, adem\u00e1s de ser un tema prioritario en su administraci\u00f3n, por lo cual anunci\u00f3 que en breve se iniciar\u00e1 con un programa de separaci\u00f3n de basura para que cuando ingrese al relleno sanitario se pueda aprovechar, y a su vez generar una econom\u00eda circular como sucede actualmente en algunos estados como Quer\u00e9taro y Sonora.<br \/>\n\u201cSi no hay educaci\u00f3n ambiental, nunca vamos a avanzar; si no hacemos conciencia, primero por nosotros empezando por los adultos y los ni\u00f1os, no vamos a poder avanzar. Verdaderamente es incre\u00edble y es real, c\u00f3mo r\u00edos, lagos en otros pa\u00edses est\u00e1n atestados de basura, no se pueden ya apreciar, y lo poco que queda aqu\u00ed se est\u00e1 acabando; la desurbanizaci\u00f3n, el descontrol y el desapego es lo que generan esas condiciones de fen\u00f3menos climatol\u00f3gicos\u201d, sostuvo.<\/p>\n<p>Rodr\u00edguez Hurtado al referirse al tema de protecci\u00f3n animal, indic\u00f3 que habr\u00e1 un programa permanente para el bienestar de perros y gatos, sin embargo, consider\u00f3 que se requiere generar consciencia entre las personas que por irresponsables incurren en maltrato o abandono de estos seres sintientes. A\u00f1adi\u00f3 que \u201cno va a haber espacio ni recurso que alcance si no hay consciencia de las personas\u201d.<\/p>\n","protected":false},"excerpt":{"rendered":"<p>El presidente municipal de esta localidad, Antonio Rodr\u00edguez Hurtado, afirm\u00f3 que su gobierno trabaja para construir una nueva sociedad integrada, consciente y responsable para atender las problem\u00e1ticas de medio ambiente y maltrato animal, as\u00ed como la p\u00e9rdida de valores que garantice una mejor convivencia entre los tlalnepantlenses.<\/p>\n","protected":false},"author":3,"featured_media":564675,"comment_status":"open","ping_status":"open","sticky":false,"template":"","format":"standard","meta":{"_monsterinsights_skip_tracking":false,"_monsterinsights_sitenote_active":false,"_monsterinsights_sitenote_note":"","_monsterinsights_sitenote_category":0,"footnotes":""},"categories":[5],"tags":[18179,2967,67940],"class_list":["post-564629","post","type-post","status-publish","format-standard","has-post-thumbnail","hentry","category-estado-de-mexico","tag-basura","tag-sanciones","tag-via-publica"],"_links":{"self":[{"href":"https:\/\/www.diarioimagen.net\/index.php?rest_route=\/wp\/v2\/posts\/564629","targetHints":{"allow":["GET"]}}],"collection":[{"href":"https:\/\/www.diarioimagen.net\/index.php?rest_route=\/wp\/v2\/posts"}],"about":[{"href":"https:\/\/www.diarioimagen.net\/index.php?rest_route=\/wp\/v2\/types\/post"}],"author":[{"embeddable":true,"href":"https:\/\/www.diarioimagen.net\/index.php?rest_route=\/wp\/v2\/users\/3"}],"replies":[{"embeddable":true,"href":"https:\/\/www.diarioimagen.net\/index.php?rest_route=%2Fwp%2Fv2%2Fcomments&post=564629"}],"version-history":[{"count":0,"href":"https:\/\/www.diarioimagen.net\/index.php?rest_route=\/wp\/v2\/posts\/564629\/revisions"}],"wp:featuredmedia":[{"embeddable":true,"href":"https:\/\/www.diarioimagen.net\/index.php?rest_route=\/wp\/v2\/media\/564675"}],"wp:attachment":[{"href":"https:\/\/www.diarioimagen.net\/index.php?rest_route=%2Fwp%2Fv2%2Fmedia&parent=564629"}],"wp:term":[{"taxonomy":"category","embeddable":true,"href":"https:\/\/www.diarioimagen.net\/index.php?rest_route=%2Fwp%2Fv2%2Fcategories&post=564629"},{"taxonomy":"post_tag","embeddable":true,"href":"https:\/\/www.diarioimagen.net\/index.php?rest_route=%2Fwp%2Fv2%2Ftags&post=564629"}],"curies":[{"name":"wp","href":"https:\/\/api.w.org\/{rel}","templated":true}]}}