{"id":564631,"date":"2022-11-03T00:04:56","date_gmt":"2022-11-03T06:04:56","guid":{"rendered":"https:\/\/www.diarioimagen.net\/?p=564631"},"modified":"2022-11-03T02:04:13","modified_gmt":"2022-11-03T08:04:13","slug":"el-cambio-llegara-al-edomex-en-el-23-segun-horacio-duarte","status":"publish","type":"post","link":"https:\/\/www.diarioimagen.net\/?p=564631","title":{"rendered":"El cambio llegar\u00e1 al Edomex en el 23, seg\u00fan Horacio Duarte"},"content":{"rendered":"<p>&nbsp;<\/p>\n<p><img loading=\"lazy\" decoding=\"async\" class=\"aligncenter size-full wp-image-564669\" src=\"https:\/\/www.diarioimagen.net\/wp-content\/uploads\/2022\/11\/cambio-llegara.jpg\" alt=\"\" width=\"460\" height=\"270\" \/><\/p>\n<p>&nbsp;<\/p>\n<p><strong>Atizap\u00e1n, de Zaragoza, Estado de M\u00e9xico.\u2014<\/strong> Diversos liderazgos mexiquenses fueron convocados a\u00a0 una reuni\u00f3n con Horacio Duarte Olivares para expresar su apoyo al Movimiento de transformaci\u00f3n y fortalecer el proyecto que, se\u00f1alaron, \u201cdemoler\u00e1 el muro de corrupci\u00f3n\u201d que por d\u00e9cadas ha frenado los sue\u00f1os de democracia y progreso en el Estado de M\u00e9xico.<\/p>\n<p>\u201cEste movimiento, como se concibi\u00f3, es una herramienta, un instrumento de la gente que se form\u00f3 para estar al servicio de la gente, gente que se interesa en participar en la construcci\u00f3n del bienestar\u201d, destac\u00f3 Horacio Duarte.<\/p>\n","protected":false},"excerpt":{"rendered":"<p>Diversos liderazgos mexiquenses fueron convocados a\u00a0 una reuni\u00f3n con Horacio Duarte Olivares para expresar su apoyo al Movimiento de transformaci\u00f3n y fortalecer el proyecto que, se\u00f1alaron, \u201cdemoler\u00e1 el muro de corrupci\u00f3n\u201d que por d\u00e9cadas ha frenado los sue\u00f1os de democracia y progreso en el Estado de M\u00e9xico.<\/p>\n","protected":false},"author":3,"featured_media":564669,"comment_status":"open","ping_status":"open","sticky":false,"template":"","format":"standard","meta":{"_monsterinsights_skip_tracking":false,"_monsterinsights_sitenote_active":false,"_monsterinsights_sitenote_note":"","_monsterinsights_sitenote_category":0,"footnotes":""},"categories":[5],"tags":[969,94977,43675],"class_list":["post-564631","post","type-post","status-publish","format-standard","has-post-thumbnail","hentry","category-estado-de-mexico","tag-atizapan","tag-de-zaragoza","tag-estado-de-mexico"],"_links":{"self":[{"href":"https:\/\/www.diarioimagen.net\/index.php?rest_route=\/wp\/v2\/posts\/564631","targetHints":{"allow":["GET"]}}],"collection":[{"href":"https:\/\/www.diarioimagen.net\/index.php?rest_route=\/wp\/v2\/posts"}],"about":[{"href":"https:\/\/www.diarioimagen.net\/index.php?rest_route=\/wp\/v2\/types\/post"}],"author":[{"embeddable":true,"href":"https:\/\/www.diarioimagen.net\/index.php?rest_route=\/wp\/v2\/users\/3"}],"replies":[{"embeddable":true,"href":"https:\/\/www.diarioimagen.net\/index.php?rest_route=%2Fwp%2Fv2%2Fcomments&post=564631"}],"version-history":[{"count":0,"href":"https:\/\/www.diarioimagen.net\/index.php?rest_route=\/wp\/v2\/posts\/564631\/revisions"}],"wp:featuredmedia":[{"embeddable":true,"href":"https:\/\/www.diarioimagen.net\/index.php?rest_route=\/wp\/v2\/media\/564669"}],"wp:attachment":[{"href":"https:\/\/www.diarioimagen.net\/index.php?rest_route=%2Fwp%2Fv2%2Fmedia&parent=564631"}],"wp:term":[{"taxonomy":"category","embeddable":true,"href":"https:\/\/www.diarioimagen.net\/index.php?rest_route=%2Fwp%2Fv2%2Fcategories&post=564631"},{"taxonomy":"post_tag","embeddable":true,"href":"https:\/\/www.diarioimagen.net\/index.php?rest_route=%2Fwp%2Fv2%2Ftags&post=564631"}],"curies":[{"name":"wp","href":"https:\/\/api.w.org\/{rel}","templated":true}]}}