{"id":564699,"date":"2022-11-03T00:04:21","date_gmt":"2022-11-03T06:04:21","guid":{"rendered":"https:\/\/www.diarioimagen.net\/?p=564699"},"modified":"2022-11-03T02:50:37","modified_gmt":"2022-11-03T08:50:37","slug":"iglesia-ejercito-y-reforma-electoral","status":"publish","type":"post","link":"https:\/\/www.diarioimagen.net\/?p=564699","title":{"rendered":"Iglesia, Ej\u00e9rcito y reforma electoral"},"content":{"rendered":"<h2>Desde el portal<\/h2>\n<h5>\u00c1ngel Soriano<\/h5>\n<p>&nbsp;<\/p>\n<p>Hay sectores interesados\u00a0 -incluso dentro de sus mismas filas- de inmiscuir a la Iglesia cat\u00f3lica y al Ej\u00e9rcito en actividades pol\u00edtico-electorales cuando en realidad sus integrantes, por vocaci\u00f3n, se inclinan hacia las actividades exclusivas para la disciplina y la vocaci\u00f3n, alejadas del estruendo y del protagonismo como ocurre en el escenario pol\u00edtico.<\/p>\n<p>Y si en el ejercicio de la vocaci\u00f3n militar o religiosa se dan cuenta que no son aptos para esa funci\u00f3n, declinan o se alejan para el ejercicio de otras misiones, incluida la pol\u00edtica, que es una actividad completamente alejada al ministerio de la fe o del servicio armado, del arriesgar la vida en aras de la Patria misma.<\/p>\n<p>Y si como instituci\u00f3n la Iglesia expresa sus opiniones sobre pol\u00edtica-electoral o el ej\u00e9rcito hace lo propio inconform\u00e1ndose por pol\u00edticas p\u00fablicas, est\u00e1n distorsionando su funci\u00f3n, pues no s\u00f3lo la ley se los proh\u00edbe, sino los mismos mandatos los mantienen ajenos a la actividad p\u00fablica e incumplen con su apostolado.<\/p>\n<p>Ni la Iglesia entiende la reforma electoral, ni el Ej\u00e9rcito mexicano tiene vocaci\u00f3n de poder. Pretender un papel protag\u00f3nico en la vida p\u00fablica s\u00f3lo les ser\u00eda permitido si como ciudadanos conforman partidos pol\u00edticos ajenos a ambas instituciones; como tales, no les es permitido ni moral ni legalmente. Su inclusi\u00f3n en la pol\u00edtica no es en este momento.<\/p>\n<p style=\"text-align: center;\"><strong>TURBULENCIAS<br \/>\nSaqueo y componendas<\/strong><\/p>\n<p>\u00a0La maestra Elba Esther Gordillo reaccion\u00f3 ante los dichos del presidente Andr\u00e9s Manuel L\u00f3pez Obrador en el sentido de que la subsecretaria de Educaci\u00f3n B\u00e1sica y el ISSSTE le fueron concesionados por el presidente Felipe Calder\u00f3n en pago a su participaci\u00f3n en el fraude electoral por el que el michoacano lleg\u00f3 a Los Pinos, y lo cual es una prueba de las componendas que se acostumbraban en el pasado para hacerse del poder. \u201cDeje de culpar al pasado y p\u00f3ngase a trabajar\u201d, revir\u00f3 la maestra chiapaneca, en tanto que el michoacano sigue contabilizando las menciones en \u201cla ma\u00f1anera\u201d hacia su actividad pol\u00edtica, sea en funciones de Presidente o ex Presidente\u2026 Por tener horario de trabajo diferente, el presidente triunfador en Brasil, Lula da Silva, dijo que no establecer\u00e1 \u201clas ma\u00f1aneras\u201d en su pa\u00eds, ya que trabaja hasta muy noche, pero seguir\u00e1 el ejemplo del presidente mexicano en su cercan\u00eda con el pueblo, que es la base social m\u00e1s importante para mantenerse en el poder. No hay que confiarse ni de los medios, ni de los periodistas, ni los poderosos, adelanta el tabasque\u00f1o que insiste en que Lula visite M\u00e9xico en la cumbre de presidentes\u2026 Todo parece indicar que el principal asesor espa\u00f1ol en materia de promoci\u00f3n de imagen no le ha funcionado a la jefa de gobierno capitalina, Claudia Sheinbaum Pardo, pues ha cometido dislates que luego ha tenido que rectificar. Pretende asumir una actitud similar a la del presidente L\u00f3pez Obrador de ironizar con sus adversarios y de colocar frases coloquiales en su momento, acertados porque lo hace con naturalidad, virtud de la que carece la cient\u00edfica aspirante presidencial\u2026 Otro que incurre en yerros semejantes es el titular de la Segob, Ad\u00e1n Augusto L\u00f3pez Hern\u00e1ndez, que por imitar a su primo se mete en problemas frecuentemente. L\u00f3pez Obrador tiene vasta cultura y formaci\u00f3n en el lenguaje popular, tiene gracia y es acertado, en tanto que sus imitadores est\u00e1n lejos de contar con ellos y son bastante limitados\u2026 En Puebla, lamentablemente, siguen los hechos de violencia en la calle o en centros comerciales, lo cual aleja a la ciudad de ser una de las m\u00e1s atractivas, modernas y seguras capitales del pa\u00eds con atractivos suficientes para la inversi\u00f3n y la vida familiar. Ojal\u00e1 y se detengan los frecuentes hechos delictuosos en la entidad que gobierna Miguel Barbosa.<\/p>\n<p><u><a href=\"mailto:asorianocarrasco@yahoo.com\" target=\"_blank\" rel=\"noopener noreferrer\"><em>asorianocarrasco@yahoo.com<\/em><\/a><br \/>\n<em><a href=\"https:\/\/revistabrecha.com\" target=\"_blank\" rel=\"noopener noreferrer\">www.revistabrecha.com<\/a><br \/>\n<\/em><\/u><em>facebook oficial <a href=\"https:\/\/es-la.facebook.com\/RevistaBrecha.Oficial\" target=\"_blank\" rel=\"noopener\">@BrechaRevista<\/a><\/em><\/p>\n","protected":false},"excerpt":{"rendered":"<p><span style=\"color: #005497;\"><strong>\u00c1ngel Soriano<\/strong><\/span><\/p>\n","protected":false},"author":3,"featured_media":0,"comment_status":"open","ping_status":"open","sticky":false,"template":"","format":"standard","meta":{"_monsterinsights_skip_tracking":false,"_monsterinsights_sitenote_active":false,"_monsterinsights_sitenote_note":"","_monsterinsights_sitenote_category":0,"footnotes":""},"categories":[135],"tags":[85,86,43674],"class_list":["post-564699","post","type-post","status-publish","format-standard","hentry","category-angel-soriano-opinion","tag-angel-soriano","tag-desde-el-portal","tag-opinion"],"_links":{"self":[{"href":"https:\/\/www.diarioimagen.net\/index.php?rest_route=\/wp\/v2\/posts\/564699","targetHints":{"allow":["GET"]}}],"collection":[{"href":"https:\/\/www.diarioimagen.net\/index.php?rest_route=\/wp\/v2\/posts"}],"about":[{"href":"https:\/\/www.diarioimagen.net\/index.php?rest_route=\/wp\/v2\/types\/post"}],"author":[{"embeddable":true,"href":"https:\/\/www.diarioimagen.net\/index.php?rest_route=\/wp\/v2\/users\/3"}],"replies":[{"embeddable":true,"href":"https:\/\/www.diarioimagen.net\/index.php?rest_route=%2Fwp%2Fv2%2Fcomments&post=564699"}],"version-history":[{"count":0,"href":"https:\/\/www.diarioimagen.net\/index.php?rest_route=\/wp\/v2\/posts\/564699\/revisions"}],"wp:attachment":[{"href":"https:\/\/www.diarioimagen.net\/index.php?rest_route=%2Fwp%2Fv2%2Fmedia&parent=564699"}],"wp:term":[{"taxonomy":"category","embeddable":true,"href":"https:\/\/www.diarioimagen.net\/index.php?rest_route=%2Fwp%2Fv2%2Fcategories&post=564699"},{"taxonomy":"post_tag","embeddable":true,"href":"https:\/\/www.diarioimagen.net\/index.php?rest_route=%2Fwp%2Fv2%2Ftags&post=564699"}],"curies":[{"name":"wp","href":"https:\/\/api.w.org\/{rel}","templated":true}]}}