{"id":564759,"date":"2022-11-04T00:01:36","date_gmt":"2022-11-04T06:01:36","guid":{"rendered":"https:\/\/www.diarioimagen.net\/?p=564759"},"modified":"2022-11-04T02:22:28","modified_gmt":"2022-11-04T08:22:28","slug":"solicitaran-diputados-al-congreso-de-edomex-decretar-dia-de-la-fraternidad-mexiquense","status":"publish","type":"post","link":"https:\/\/www.diarioimagen.net\/?p=564759","title":{"rendered":"Solicitar\u00e1n diputados al Congreso de Edomex decretar \u201cD\u00eda de la Fraternidad Mexiquense\u201d"},"content":{"rendered":"<p>&nbsp;<\/p>\n<ul>\n<li><em><strong>Homenaje a la comunidad de comunicadores<\/strong><\/em><\/li>\n<\/ul>\n<p>&nbsp;<\/p>\n<div id=\"attachment_564814\" style=\"width: 470px\" class=\"wp-caption aligncenter\"><img loading=\"lazy\" decoding=\"async\" aria-describedby=\"caption-attachment-564814\" class=\"size-full wp-image-564814\" src=\"https:\/\/www.diarioimagen.net\/wp-content\/uploads\/2022\/11\/solicitaran-diputados.jpg\" alt=\"\" width=\"460\" height=\"270\" \/><p id=\"caption-attachment-564814\" class=\"wp-caption-text\">El diputado David Parra S\u00e1nchez inform\u00f3 que solicitar\u00e1 al Congreso local integrar esta conmemoraci\u00f3n al Calendario C\u00edvico estatal cada 30 de octubre.<\/p><\/div>\n<p>&nbsp;<\/p>\n<p><strong>Valle de M\u00e9xico.\u2014<\/strong> Al encabezar la conmemoraci\u00f3n del \u201cD\u00eda de la Fraternidad Mexiquense\u201d, en la cual la Benem\u00e9rita Sociedad Mexicana de Geograf\u00eda y Estad\u00edstica del Estado de M\u00e9xico (Somegem) rindi\u00f3 homenaje a la comunidad de comunicadores y periodistas de la entidad. Por otra parte, el diputado David Parra S\u00e1nchez inform\u00f3 que solicitar\u00e1 al Congreso local integrar esta conmemoraci\u00f3n al Calendario C\u00edvico estatal cada 30 de octubre.<\/p>\n<p>En el sal\u00f3n Benito Ju\u00e1rez de la sede legislativa estatal, acompa\u00f1ado de Germ\u00e1n Garc\u00eda Salgado, presidente de la Somegem, el legislador Parra S\u00e1nchez solicit\u00f3 a sus integrantes documentar esta conmemoraci\u00f3n para llevar esta iniciativa a la tribuna legislativa. Reconoci\u00f3 el profesionalismo y valent\u00eda de las y los comunicadores que recibieron el pergamino, adem\u00e1s de que llam\u00f3 a recuperar los valores pol\u00edtico sociales y el amor a la patria, heredados por grandes personas que ha construido un estado de M\u00e9xico exitoso y n\u00famero uno en diversos ramos.\u00a0 En su intervenci\u00f3n, el presidente de la Somegem destac\u00f3 la relevancia del trabajo legislativo, realizado con rendici\u00f3n de cuentas y sentido de responsabilidad, con el seguimiento de los medios de comunicaci\u00f3n, que d\u00eda con d\u00eda difunden las actividades estatales y nacionales de forma responsable, por lo cual reconocen su labor.<\/p>\n<p>En sesi\u00f3n solemne, la Somegem entreg\u00f3 el Pergamino al M\u00e9rito Period\u00edstico \u201cLibertador Miguel Hidalgo I. Costilla\u201d con el cual se distingue la destacada trayectoria period\u00edstica que ha fortalecido la cultura, la informaci\u00f3n y los m\u00e1s altos valores de la democracia la justicia y libertad en la entidad.<\/p>\n<p>Recibieron el pergamino en esta ocasi\u00f3n: Maricruz Rivera Garz\u00f3n, corresponsal de \u201cTV Azteca\u201d; Rodrigo Jim\u00e9nez Solomon, director General del Sistema de Radio y Televisi\u00f3n Mexiquense; Jos\u00e9 Nader Mata, director del peri\u00f3dico \u201cEl Valle\u201d; Sergio Jaime Villafuerte, director del peri\u00f3dico \u201cMilenio\u201d, y Mar\u00eda Elena Maruri Carrillo, presidenta.<\/p>\n","protected":false},"excerpt":{"rendered":"<p>Al encabezar la conmemoraci\u00f3n del \u201cD\u00eda de la Fraternidad Mexiquense\u201d, en la cual la Benem\u00e9rita Sociedad Mexicana de Geograf\u00eda y Estad\u00edstica del Estado de M\u00e9xico (Somegem) rindi\u00f3 homenaje a la comunidad de comunicadores y periodistas de la entidad. Por otra parte, el diputado David Parra S\u00e1nchez inform\u00f3 que solicitar\u00e1 al Congreso local integrar esta conmemoraci\u00f3n al Calendario C\u00edvico estatal cada 30 de octubre.<\/p>\n","protected":false},"author":3,"featured_media":564814,"comment_status":"open","ping_status":"open","sticky":false,"template":"","format":"standard","meta":{"_monsterinsights_skip_tracking":false,"_monsterinsights_sitenote_active":false,"_monsterinsights_sitenote_note":"","_monsterinsights_sitenote_category":0,"footnotes":""},"categories":[5],"tags":[29035,96754,34],"class_list":["post-564759","post","type-post","status-publish","format-standard","has-post-thumbnail","hentry","category-estado-de-mexico","tag-david-parra-sanchez","tag-dia-de-la-fraternidad-mexiquense","tag-valle-de-mexico"],"_links":{"self":[{"href":"https:\/\/www.diarioimagen.net\/index.php?rest_route=\/wp\/v2\/posts\/564759","targetHints":{"allow":["GET"]}}],"collection":[{"href":"https:\/\/www.diarioimagen.net\/index.php?rest_route=\/wp\/v2\/posts"}],"about":[{"href":"https:\/\/www.diarioimagen.net\/index.php?rest_route=\/wp\/v2\/types\/post"}],"author":[{"embeddable":true,"href":"https:\/\/www.diarioimagen.net\/index.php?rest_route=\/wp\/v2\/users\/3"}],"replies":[{"embeddable":true,"href":"https:\/\/www.diarioimagen.net\/index.php?rest_route=%2Fwp%2Fv2%2Fcomments&post=564759"}],"version-history":[{"count":0,"href":"https:\/\/www.diarioimagen.net\/index.php?rest_route=\/wp\/v2\/posts\/564759\/revisions"}],"wp:featuredmedia":[{"embeddable":true,"href":"https:\/\/www.diarioimagen.net\/index.php?rest_route=\/wp\/v2\/media\/564814"}],"wp:attachment":[{"href":"https:\/\/www.diarioimagen.net\/index.php?rest_route=%2Fwp%2Fv2%2Fmedia&parent=564759"}],"wp:term":[{"taxonomy":"category","embeddable":true,"href":"https:\/\/www.diarioimagen.net\/index.php?rest_route=%2Fwp%2Fv2%2Fcategories&post=564759"},{"taxonomy":"post_tag","embeddable":true,"href":"https:\/\/www.diarioimagen.net\/index.php?rest_route=%2Fwp%2Fv2%2Ftags&post=564759"}],"curies":[{"name":"wp","href":"https:\/\/api.w.org\/{rel}","templated":true}]}}