{"id":564898,"date":"2022-11-07T00:03:27","date_gmt":"2022-11-07T06:03:27","guid":{"rendered":"https:\/\/www.diarioimagen.net\/?p=564898"},"modified":"2022-11-08T02:28:51","modified_gmt":"2022-11-08T08:28:51","slug":"sin-empleo-40-de-jovenes-de-entre-18-y-30-anos-en-mexico","status":"publish","type":"post","link":"https:\/\/www.diarioimagen.net\/?p=564898","title":{"rendered":"Sin empleo, 40% de j\u00f3venes de entre 18 y 30 a\u00f1os, en M\u00e9xico"},"content":{"rendered":"<p>&nbsp;<\/p>\n<h3 style=\"text-align: center;\">Pocas oportunidades laborales: encuesta de Adecco<\/h3>\n<p><em>\u00a0<\/em><\/p>\n<ul>\n<li><strong><em>En la mayor\u00eda de los casos se debe a los sueldos bajos y la falta de experiencia<\/em><\/strong><\/li>\n<\/ul>\n<p>&nbsp;<\/p>\n<div id=\"attachment_564945\" style=\"width: 470px\" class=\"wp-caption aligncenter\"><img loading=\"lazy\" decoding=\"async\" aria-describedby=\"caption-attachment-564945\" class=\"size-full wp-image-564945\" src=\"https:\/\/www.diarioimagen.net\/wp-content\/uploads\/2022\/11\/JOVENES-SIN-EMPLEO.jpg\" alt=\"\" width=\"460\" height=\"270\" \/><p id=\"caption-attachment-564945\" class=\"wp-caption-text\">Un 40% de los j\u00f3venes mexicanos de entre 18 y 30 a\u00f1os no ha podido colocarse en el mercado laboral por falta de ofertas, seg\u00fan encuesta de Grupo Adecco.<\/p><\/div>\n<p>&nbsp;<\/p>\n<p>Una encuesta de Grupo Adecco revel\u00f3 que un 40% de j\u00f3venes, de entre 18 y 30 a\u00f1os, en M\u00e9xico no ha podido conseguir empleo porque existen pocas oportunidades laborales en el pa\u00eds. 26% considera que se debe a que los sueldos son bajos, mientras que el 18% y 15% aseguran que es debido a que no cuentan con la experiencia laboral necesaria y a que las condiciones laborales no son de su agrado.<\/p>\n<p>La investigaci\u00f3n tambi\u00e9n mostr\u00f3 que 43% de los j\u00f3venes que est\u00e1 en b\u00fasqueda de empleo lo perdi\u00f3 a causa de la pandemia. De ese porcentaje, 40% no ha conseguido empleo desde que inici\u00f3 la emergencia sanitaria y 15% tard\u00f3 m\u00e1s de seis meses en encontrar uno.<\/p>\n<p>\u201cEl empleo juvenil es muy relevante dentro de la estrategia de sustentabilidad de nuestra compa\u00f1\u00eda. Sabemos que es uno de los sectores de la poblaci\u00f3n con m\u00e1s obst\u00e1culos a la hora de emplearse. Por ello, este tipo de ejercicios nos ayuda a medir el pulso de la situaci\u00f3n actual y el sentir de los j\u00f3venes\u201d, coment\u00f3 Salvador De Antu\u00f1ano, director de Recursos Humanos de Grupo Adecco M\u00e9xico.<\/p>\n<p style=\"text-align: center;\"><strong>Alrededor de 9 millones de j\u00f3venes que trabajan o buscan empleo<\/strong><\/p>\n<p>De acuerdo con el Instituto Mexicano de la Competitividad (IMCO), en M\u00e9xico hay m\u00e1s de nueve millones de j\u00f3venes que trabajan o buscan un empleo. La mayor\u00eda de los que tienen un empleo laboran entre 35 y 48 horas a la semana. 44.9% de ellos tiene una remuneraci\u00f3n m\u00e1xima de cinco mil 186 pesos mensuales.<\/p>\n<p>Asimismo, seg\u00fan el IMCO, los j\u00f3venes son el grupo poblacional con la tasa de desocupaci\u00f3n m\u00e1s alta (6.4%), casi el doble que la tasa de desocupaci\u00f3n nacional (3.5%). Los j\u00f3venes que ingresan al mercado laboral con un empleo informal tienen mayor probabilidad de permanecer en condici\u00f3n de informalidad a lo largo de su trayectoria profesional.<\/p>\n<p>De acuerdo con la encuesta realizada por Grupo Adecco el medio m\u00e1s utilizado para la b\u00fasqueda de empleo son portales de empleo, seguido de redes sociales (Facebook en primer lugar, LinkedIn, Instagram o TikTok, en orden de menci\u00f3n).<\/p>\n<p>Solo 20% dijo asistir a ferias de empleo y 8% hace b\u00fasquedas en el peri\u00f3dico. La encuesta se realiz\u00f3 a j\u00f3venes de los 31 estados de la rep\u00fablica, de entre 18 y 30 a\u00f1os, entre agosto y septiembre de este a\u00f1o.<\/p>\n","protected":false},"excerpt":{"rendered":"<p>Una encuesta de Grupo Adecco revel\u00f3 que un 40% de j\u00f3venes, de entre 18 y 30 a\u00f1os, en M\u00e9xico no ha podido conseguir empleo porque existen pocas oportunidades laborales en el pa\u00eds. 26% considera que se debe a que los sueldos son bajos, mientras que el 18% y 15% aseguran que es debido a que no cuentan con la experiencia laboral necesaria y a que las condiciones laborales no son de su agrado.<\/p>\n","protected":false},"author":3,"featured_media":564945,"comment_status":"open","ping_status":"open","sticky":false,"template":"","format":"standard","meta":{"_monsterinsights_skip_tracking":false,"_monsterinsights_sitenote_active":false,"_monsterinsights_sitenote_note":"","_monsterinsights_sitenote_category":0,"footnotes":""},"categories":[8],"tags":[481,96761,260],"class_list":["post-564898","post","type-post","status-publish","format-standard","has-post-thumbnail","hentry","category-finanzas","tag-empleo","tag-grupo-adecco","tag-jovenes"],"_links":{"self":[{"href":"https:\/\/www.diarioimagen.net\/index.php?rest_route=\/wp\/v2\/posts\/564898","targetHints":{"allow":["GET"]}}],"collection":[{"href":"https:\/\/www.diarioimagen.net\/index.php?rest_route=\/wp\/v2\/posts"}],"about":[{"href":"https:\/\/www.diarioimagen.net\/index.php?rest_route=\/wp\/v2\/types\/post"}],"author":[{"embeddable":true,"href":"https:\/\/www.diarioimagen.net\/index.php?rest_route=\/wp\/v2\/users\/3"}],"replies":[{"embeddable":true,"href":"https:\/\/www.diarioimagen.net\/index.php?rest_route=%2Fwp%2Fv2%2Fcomments&post=564898"}],"version-history":[{"count":0,"href":"https:\/\/www.diarioimagen.net\/index.php?rest_route=\/wp\/v2\/posts\/564898\/revisions"}],"wp:featuredmedia":[{"embeddable":true,"href":"https:\/\/www.diarioimagen.net\/index.php?rest_route=\/wp\/v2\/media\/564945"}],"wp:attachment":[{"href":"https:\/\/www.diarioimagen.net\/index.php?rest_route=%2Fwp%2Fv2%2Fmedia&parent=564898"}],"wp:term":[{"taxonomy":"category","embeddable":true,"href":"https:\/\/www.diarioimagen.net\/index.php?rest_route=%2Fwp%2Fv2%2Fcategories&post=564898"},{"taxonomy":"post_tag","embeddable":true,"href":"https:\/\/www.diarioimagen.net\/index.php?rest_route=%2Fwp%2Fv2%2Ftags&post=564898"}],"curies":[{"name":"wp","href":"https:\/\/api.w.org\/{rel}","templated":true}]}}