{"id":564978,"date":"2022-11-07T00:08:47","date_gmt":"2022-11-07T06:08:47","guid":{"rendered":"https:\/\/www.diarioimagen.net\/?p=564978"},"modified":"2022-11-07T01:59:27","modified_gmt":"2022-11-07T07:59:27","slug":"el-ine-desaparecera","status":"publish","type":"post","link":"https:\/\/www.diarioimagen.net\/?p=564978","title":{"rendered":"El INE, \u00bfdesaparecer\u00e1?"},"content":{"rendered":"<h2>Punto por punto<\/h2>\n<h5>Augusto Corro<\/h5>\n<p>&nbsp;<\/p>\n<p>Son un privilegio los sueldos de los funcionarios del Instituto Nacional (INE) que ganan m\u00e1s que el propio presidente L\u00f3pez Obrador.<\/p>\n<p>Uno de los puntos m\u00e1s importantes de la reforma electoral podr\u00eda enmendar el despilfarro del dinero p\u00fablico.<\/p>\n<p>El mandatario tabasque\u00f1o propone lo siguiente en la nueva ley:<\/p>\n<p>Cambiar al INE por el Instituto Nacional Electoral y de Consultas (INEC) y seguir\u00e1 como aut\u00f3nomo.<\/p>\n<p>Reducir el n\u00famero de diputados de 500 a 300.<\/p>\n<p>Reducir el n\u00famero de senadores de 128 a 96.<\/p>\n<p>Reducir el n\u00famero de consejeros del INEC de 11 a 7 funcionarios.<\/p>\n<p>Autoridades electorales elegidas por voto ciudadano.<\/p>\n<p>Reducir dinero de partidos y del INE. Financiamiento p\u00fablico a partidos pol\u00edticos s\u00f3lo para campa\u00f1as electorales.<\/p>\n<p>Eliminaci\u00f3n de los organismos electorales estatales.<\/p>\n<p>Implementaci\u00f3n del voto electr\u00f3nico.<\/p>\n<p>Se ahorrar\u00edan 10 mil millones de pesos.<\/p>\n<p style=\"text-align: center;\"><strong>La maquinaria pol\u00edtica<\/strong><\/p>\n<p>La iniciativa de reforma electoral ech\u00f3 a andar a la maquinaria pol\u00edtica con pros y contras.<\/p>\n<p>Como parece, el INE se encuentra en camino a su desaparici\u00f3n.<\/p>\n<p>En el propio instituto se hizo una encuesta en la que la mayor\u00eda se pronunci\u00f3 a favor de la reforma pol\u00edtica.<\/p>\n<p>Sin embargo, la oposici\u00f3n no se da por vencida y ya program\u00f3 una marcha de protesta que promueve el expresidente Vicente Fox.<\/p>\n<p>En la intensa lucha pol\u00edtica, despert\u00f3 de su sue\u00f1o la Comisi\u00f3n Nacional de los Derechos Humanos (CNDH) para inmiscuirse en funciones del INE que no le corresponden.<\/p>\n<p>En el rengl\u00f3n legislativo, los partidos de oposici\u00f3n manifestaron que votar\u00e1n contra la multicitada reforma electoral.<\/p>\n<p style=\"text-align: center;\"><strong>Sumas millonarias de dinero<\/strong><\/p>\n<p>Por ejemplo, el INE aprob\u00f3 el anteproyecto de presupuesto para el ejercicio fiscal 2023, que asciende a 14 mil 437 millones de pesos.<\/p>\n<p>De dicha cantidad, una parte importante se destinar\u00e1 al pago de sueldos. El pr\u00f3ximo a\u00f1o ser\u00e1 la antesala de las elecciones presidenciales de 2024.<\/p>\n<p>Tambi\u00e9n habr\u00e1 contienda electoral en Coahuila y en el Estado de M\u00e9xico (Edomex).<\/p>\n<p>De los recursos mencionados, tambi\u00e9n ir\u00e1n a las campa\u00f1as de los partidos pol\u00edticos.<\/p>\n<p>Cabe se\u00f1alar que la democracia mexicana es una de las m\u00e1s caras del mundo.<\/p>\n<p>El presidente L\u00f3pez Obrador contempla que de aprobarse la reforma electoral, se ahorrar\u00edan miles de millones de pesos del presupuesto del INE.<\/p>\n<p>En este espacio ya expusimos la idea de que los partidos pol\u00edticos tienen que conseguir los recursos econ\u00f3micos para sus campa\u00f1as.<\/p>\n<p style=\"text-align: center;\"><strong>Cuentas claras<\/strong><\/p>\n<p>Ojal\u00e1 que con la nueva reforma electoral, los dirigentes pol\u00edticos rindan cuentas del dinero que reciben para el mantenimiento de sus partidos.<\/p>\n<p>Los dirigentes priistas llevan m\u00e1s de tres a\u00f1os que no informan con claridad c\u00f3mo usan sus recursos p\u00fablicos.<\/p>\n<p>Morena y los partidos de la Revoluci\u00f3n Democr\u00e1tica y del Trabajo tienen dos a\u00f1os que no cumplen con la obligaci\u00f3n de informar sobre sus vi\u00e1ticos.<\/p>\n<p>Tampoco Acci\u00f3n Nacional (PAN) y Movimiento Ciudadano detallan c\u00f3mo y en qu\u00e9 se gastan el dinero.<\/p>\n<p>Es posible que se usen los recursos p\u00fablicos para sus giras en el exterior.<\/p>\n<p style=\"text-align: center;\"><strong>Las campa\u00f1as<\/strong><\/p>\n<p>Es importante que los partidos pol\u00edticos realicen sus campa\u00f1as, como se hac\u00edan en otros tiempos.<\/p>\n<p>Pero en el presente, la preocupaci\u00f3n surge por la participaci\u00f3n que podr\u00eda tener la delincuencia organizada.<\/p>\n<p>Aunque, con controles adecuados, no habr\u00eda problemas. Queda en el aire la interrogante de si ser\u00eda positivo o negativo la aportaci\u00f3n econ\u00f3mica de particulares a las campa\u00f1as pol\u00edticas.<\/p>\n<p>La reforma electoral, en caso de aprobarse, traer\u00e1 una manera diferente de hacer pol\u00edtica.<\/p>\n<p>Principalmente, se reducir\u00e1 el gasto de miles de millones de pesos que beneficiaban a grupos privilegiados.<\/p>\n<p>Tambi\u00e9n se regularizar\u00e1 la cantidad de senadores y diputados de la sobrepoblaci\u00f3n de legisladores en el Congreso.<\/p>\n<p>\u00bfUsted qu\u00e9 opina amable lector?<\/p>\n<p><em><a href=\"mailto:aco2742@hotmail.com\" target=\"_blank\" rel=\"noopener noreferrer\">aco2742@hotmail.com<\/a><\/em><\/p>\n","protected":false},"excerpt":{"rendered":"<p><span style=\"color: #005497;\"><strong>Augusto Corro<\/strong><\/span><\/p>\n","protected":false},"author":3,"featured_media":0,"comment_status":"open","ping_status":"open","sticky":false,"template":"","format":"standard","meta":{"_monsterinsights_skip_tracking":false,"_monsterinsights_sitenote_active":false,"_monsterinsights_sitenote_note":"","_monsterinsights_sitenote_category":0,"footnotes":""},"categories":[157],"tags":[43686,43674,11515],"class_list":["post-564978","post","type-post","status-publish","format-standard","hentry","category-augusto-corro","tag-augusto-corro","tag-opinion","tag-punto-por-punto"],"_links":{"self":[{"href":"https:\/\/www.diarioimagen.net\/index.php?rest_route=\/wp\/v2\/posts\/564978","targetHints":{"allow":["GET"]}}],"collection":[{"href":"https:\/\/www.diarioimagen.net\/index.php?rest_route=\/wp\/v2\/posts"}],"about":[{"href":"https:\/\/www.diarioimagen.net\/index.php?rest_route=\/wp\/v2\/types\/post"}],"author":[{"embeddable":true,"href":"https:\/\/www.diarioimagen.net\/index.php?rest_route=\/wp\/v2\/users\/3"}],"replies":[{"embeddable":true,"href":"https:\/\/www.diarioimagen.net\/index.php?rest_route=%2Fwp%2Fv2%2Fcomments&post=564978"}],"version-history":[{"count":0,"href":"https:\/\/www.diarioimagen.net\/index.php?rest_route=\/wp\/v2\/posts\/564978\/revisions"}],"wp:attachment":[{"href":"https:\/\/www.diarioimagen.net\/index.php?rest_route=%2Fwp%2Fv2%2Fmedia&parent=564978"}],"wp:term":[{"taxonomy":"category","embeddable":true,"href":"https:\/\/www.diarioimagen.net\/index.php?rest_route=%2Fwp%2Fv2%2Fcategories&post=564978"},{"taxonomy":"post_tag","embeddable":true,"href":"https:\/\/www.diarioimagen.net\/index.php?rest_route=%2Fwp%2Fv2%2Ftags&post=564978"}],"curies":[{"name":"wp","href":"https:\/\/api.w.org\/{rel}","templated":true}]}}