{"id":564990,"date":"2022-11-07T00:07:28","date_gmt":"2022-11-07T06:07:28","guid":{"rendered":"https:\/\/www.diarioimagen.net\/?p=564990"},"modified":"2022-11-07T02:08:58","modified_gmt":"2022-11-07T08:08:58","slug":"la-iglesia-catolica-no-esta-de-acuerdo-con-propuesta-de-reforma-electoral-de-amlo","status":"publish","type":"post","link":"https:\/\/www.diarioimagen.net\/?p=564990","title":{"rendered":"La Iglesia cat\u00f3lica no est\u00e1 de acuerdo con propuesta de reforma electoral de AMLO"},"content":{"rendered":"<h2>Clase Pol\u00edtica<\/h2>\n<h5>Miguel \u00c1ngel Rivera<\/h5>\n<p>&nbsp;<\/p>\n<p>\u201cDe concretarse la reforma electoral al Instituto Nacional Electoral (INE) propuesta por el presidente Andr\u00e9s Manuel L\u00f3pez Obrador, podr\u00eda verse amenazada la autonom\u00eda de este organismo que ha servido en la democracia del pa\u00eds\u201d, advirti\u00f3 la jerarqu\u00eda de la Iglesia cat\u00f3lica en la capital del pa\u00eds, al destacar la importancia de esa instituci\u00f3n en el avance democr\u00e1tico nacional.<\/p>\n<p>En el editorial de la revista\u00a0<strong><em>Desde la Fe,\u00a0<\/em><\/strong>el Arzobispado Primado de M\u00e9xico destac\u00f3 que, \u201cefectivamente, como se\u00f1ala el Episcopado Mexicano, gracias al INE, fundado hace poco m\u00e1s de 25 a\u00f1os, se han podido realizar procesos electorales transparentes, confiables y pac\u00edficos, para la renovaci\u00f3n de los distintos cargos de elecci\u00f3n popular en toda la Rep\u00fablica\u201d.<\/p>\n<p>Tambi\u00e9n destaca que \u201cla esencia de esta instituci\u00f3n est\u00e1 en la superaci\u00f3n del antiguo esquema donde el gobierno en turno era juez y parte en los comicios electorales, para dar paso a una instituci\u00f3n ciudadana que favorece la participaci\u00f3n y organizaci\u00f3n m\u00e1s amplia y plural en el contexto de opciones pol\u00edticas\u201d.<\/p>\n<p>El editorial, titulado\u00a0<strong><em>Preocupaci\u00f3n por la democracia en M\u00e9xico<\/em><\/strong>, de la edici\u00f3n de esta semana del mencionado semanario hace referencia a una declaraci\u00f3n previa de la Conferencia del Episcopado Mexicano, que tambi\u00e9n hace un llamado en contra de la reforma electoral, actualmente en proceso, impulsada desde Palacio Nacional.<\/p>\n<p>Por ello, el editorial de\u00a0<strong><em>Desde la Fe\u00a0<\/em><\/strong>se\u00f1ala que, ante la iniciativa presentada por el Ejecutivo Federal para una reforma constitucional en materia electoral que est\u00e1 ya en la C\u00e1mara de Diputados, la Iglesia expresa su preocupaci\u00f3n por lo que pudiera alterar la autonom\u00eda ciudadana y la imparcialidad partidista.<\/p>\n<p>\u201cHecha esta observaci\u00f3n en el marco de la pol\u00edtica del bien com\u00fan, nuestros obispos han expresado una respetuosa exhortaci\u00f3n al Poder Ejecutivo y al Legislativo a fin de asumir su responsabilidad hist\u00f3rica y su prudencia legislativa, con altura de miras, m\u00e1s all\u00e1 de coyunturas ideol\u00f3gicas, para preservar y, en todo caso, mejorar, esta gran instituci\u00f3n del Estado mexicano.<\/p>\n<p>\u201cEs responsabilidad de todos los ciudadanos, funcionarios, legisladores y sociedad civil, cuidar y defender lo que nos ha permitido avanzar en nuestra incipiente y valiosa democracia\u201d, agreg\u00f3.<\/p>\n<p>Tambi\u00e9n hacen referencia a la m\u00e1xima autoridad mundial de la Iglesia cat\u00f3lica, el obispo de Roma:<\/p>\n<p>\u201cTal como lo expresa el Papa Francisco en su enc\u00edclica sobre la fraternidad y amistad social (Fratelli Tutti), es deber de todos buscar la mejor pol\u00edtica, la pol\u00edtica del bien com\u00fan, que garantice la participaci\u00f3n de los ciudadanos y las organizaciones intermedias dentro de la sociedad y las estructuras del Estado.<\/p>\n<p>\u201cDe esto han hablado nuestros obispos mexicanos en su mensaje del 31 de octubre de 2022, al reconocer ampliamente la labor que viene realizando en nuestra vida democr\u00e1tica el Instituto Nacional Electoral (INE),\u00a0siendo una de las instituciones m\u00e1s confiables para los mexicanos.<\/p>\n<p>\u201cLa esencia de esta instituci\u00f3n est\u00e1 en la superaci\u00f3n del antiguo esquema donde el gobierno en turno era juez y parte en los comicios electorales, para dar paso a una instituci\u00f3n ciudadana que favorece la participaci\u00f3n y organizaci\u00f3n m\u00e1s amplia y plural en el contexto de opciones pol\u00edticas\u201d, dice tambi\u00e9n el referido editorial, que agrega:<\/p>\n<p>\u201cEs responsabilidad de todos los ciudadanos, funcionarios, legisladores y sociedad civil, cuidar y defender lo que nos ha permitido avanzar en nuestra incipiente y valiosa democracia. Confiamos en la responsabilidad de todos para realizar esta tarea, y encomendamos a nuestra Madre Sant\u00edsima de Guadalupe el cuidado de nuestra Naci\u00f3n Mexicana\u201d.<\/p>\n<p style=\"text-align: center;\"><strong>No una, seis razones por las que la Iglesia cat\u00f3lica no aprueba la reforma<\/strong><\/p>\n<p>En el documento del Episcopado Mexicano (CEM) al que se refiere el editorial de\u00a0<strong><em>Desde la Fe,\u00a0<\/em><\/strong>expresa\u00a0su respaldo a las instituciones electorales del pa\u00eds y exhort\u00f3 a los poderes Ejecutivo y Legislativo a dejar de lado sus intereses ideol\u00f3gicos particulares e inapropiados para el bien com\u00fan y evitar a toda costa aprobar una reforma electoral claramente regresiva y que agravia la vida democr\u00e1tica de M\u00e9xico.<\/p>\n<p>Los obispos cat\u00f3licos representados en la CEM expresaron tambi\u00e9n su m\u00e1s amplio reconocimiento a la importante labor que realizan en la vida democr\u00e1tica el Instituto Nacional Electoral (INE) y el Tribunal Electoral del Poder Judicial de la Federaci\u00f3n (TEPJF).<\/p>\n<p>\u201cApelamos a la prudencia legislativa y al compromiso del gobierno para con toda la ciudadan\u00eda, m\u00e1s all\u00e1 de intereses partidistas o de protagonismo hist\u00f3rico. La defensa de nuestras instituciones electorales es responsabilidad y deber de todos los ciudadanos. Por ello decimos, junto a millones de voces: No pongamos en riesgo la estabilidad y gobernabilidad democr\u00e1tica del pa\u00eds\u201d, expresa tambi\u00e9n el documento, para luego exponer seis razones para no estar de acuerdo con las reforma electoral promovida por el presidente\u00a0Andr\u00e9s Manuel L\u00f3pez Obrador:<\/p>\n<p><strong>1.\u2013<\/strong> Por su orientaci\u00f3n y motivos, es claramente regresiva.<\/p>\n<p><strong>2.\u2013<\/strong> Constituye un agravio a la vida democr\u00e1tica del pa\u00eds.<\/p>\n<p><strong>3.\u2013<\/strong> Es una reforma destinada a afectar la representaci\u00f3n y el equilibrio de las minor\u00edas y mayor\u00edas.<\/p>\n<p><strong>4.\u2013<\/strong> Busca llevar el control de los comicios hacia el \u00e1mbito del gobierno federal.<\/p>\n<p><strong>5.\u2013<\/strong> Pretende afectar la gesti\u00f3n presupuestal del INE y del TEPJF.<\/p>\n<p><strong>6.\u2013<\/strong> Intenta eliminar la autonom\u00eda ciudadana y la imparcialidad partidista de las dos instituciones electorales.<\/p>\n<p style=\"text-align: center;\"><strong>Tambi\u00e9n la Suprema Corte, bajo vigilancia de la Iglesia cat\u00f3lica<\/strong><\/p>\n<p>Otro asunto pol\u00e9mico que despert\u00f3 la inquietud en las filas de la Iglesia cat\u00f3lica mexicana es la impensada demanda de algunos ciudadanos en contra del municipio de Chochol\u00e1, Yucat\u00e1n, de que se proh\u00edba la exhibici\u00f3n p\u00fablica de los \u201cnacimientos\u201d, s\u00ed, esa colecci\u00f3n de figuras supuestamente b\u00edblicas que decoran muchos hogares, templos e inclusive plazas p\u00fablicas, una manifestaci\u00f3n de fe cat\u00f3lica que, aunque nacida en Italia, es considerada una tradici\u00f3n mexicana.<\/p>\n<p>Claro, como ahora no es bien visto todo aquello que nos trajeron los conquistadores espa\u00f1oles, tambi\u00e9n vino la embestida contra esa tradici\u00f3n.<\/p>\n<p>Es probable, tambi\u00e9n, que los promotores de la demanda de prohibir los \u201cnacimientos\u201d p\u00fablicos se consideren leg\u00edtimamente afectados en sus creencias y, por lo tanto, piden que no se haga en p\u00fablico. Es de presumir que lo siguiente ser\u00eda proscribir las peregrinaciones, algo que ning\u00fan gobierno se ha atrevido a cometer, sobre todo despu\u00e9s de la Guerra Cristera.<\/p>\n<p>En la p\u00e1gina de Internet del Instituto Nacional de los Pueblos Ind\u00edgenas, dentro del portal del gobierno de M\u00e9xico, se dice de los \u201cnacimientos\u201d:<\/p>\n<p>\u201cLos nacimientos navide\u00f1os, pesebres o belenes son uno de los elementos tradicionales en \u00e9pocas decembrinas en M\u00e9xico, particularmente entre fieles y creyentes del catolicismo, sin embargo, no es necesario formar parte de un culto religioso para apreciar la creatividad, la t\u00e9cnica, la est\u00e9tica e incluso el simbolismo y el empe\u00f1o que se pone en el montaje o creaci\u00f3n de un nacimiento\u201d.<\/p>\n<p>Este caso tambi\u00e9n atrajo la atenci\u00f3n del mencionado seminario\u00a0<strong><em>Desde la Fe<\/em><\/strong>, el cual bajo el t\u00edtulo\u00a0<strong><em>La Libertad Religiosa en M\u00e9xico, en duda<\/em><\/strong>, public\u00f3: \u201cEsta discusi\u00f3n es trascendente para todo el pa\u00eds, porque sentar\u00eda un precedente judicial sobre la libertad religiosa en M\u00e9xico. Desgraciadamente, el proyecto que se ha publicado, sentar\u00eda ese precedente, pero en sentido negativo.<\/p>\n<p>El hecho es que la demanda de prohibir los \u201cnacimientos\u201d p\u00fablicos lleg\u00f3 a la Suprema Corte y, al parecer, el ministro ponente, Juan Luis Alc\u00e1ntara y Carranc\u00e1, est\u00e1 de acuerdo con la solicitud de prohibir esas exposiciones en lugares p\u00fablicos. Habr\u00e1 que conocer lo que opinan sus colegas del m\u00e1ximo tribunal del pa\u00eds.<\/p>\n<p style=\"text-align: center;\"><strong>Otra vez, Monreal en el filo de la navaja<\/strong><\/p>\n<p>En Tlaxcala, el coordinador de los senadores de Morena, Ricardo Monreal \u00c1vila, fue recibido por simpatizantes con gritos de \u201c\u00a1pre-si-den-te!, \u00a1pre-si-den-te!<\/p>\n<p>Aunque el legislador ya fue incorporado por el presidente L\u00f3pez Obrador a su lista oficial de \u201ccorcholatas\u201d, seguramente esas expresiones de bienvenida le acarrear\u00e1n nuevos ataques de \u201cfuego amigo\u201d.<\/p>\n<p><em><a href=\"mailto:riparcangel@hotmail.com\" target=\"_blank\" rel=\"noopener noreferrer\">riparcangel@hotmail.com<\/a><\/em><\/p>\n","protected":false},"excerpt":{"rendered":"<p><span style=\"color: #005497;\"><strong>Miguel \u00c1ngel Rivera<\/strong><\/span<\/span><\/p>\n","protected":false},"author":3,"featured_media":0,"comment_status":"open","ping_status":"open","sticky":false,"template":"","format":"standard","meta":{"_monsterinsights_skip_tracking":false,"_monsterinsights_sitenote_active":false,"_monsterinsights_sitenote_note":"","_monsterinsights_sitenote_category":0,"footnotes":""},"categories":[84119],"tags":[84120,84121,43674],"class_list":["post-564990","post","type-post","status-publish","format-standard","hentry","category-miguel-angel-rivera","tag-clase-politica","tag-miguel-angel-rivera","tag-opinion"],"_links":{"self":[{"href":"https:\/\/www.diarioimagen.net\/index.php?rest_route=\/wp\/v2\/posts\/564990","targetHints":{"allow":["GET"]}}],"collection":[{"href":"https:\/\/www.diarioimagen.net\/index.php?rest_route=\/wp\/v2\/posts"}],"about":[{"href":"https:\/\/www.diarioimagen.net\/index.php?rest_route=\/wp\/v2\/types\/post"}],"author":[{"embeddable":true,"href":"https:\/\/www.diarioimagen.net\/index.php?rest_route=\/wp\/v2\/users\/3"}],"replies":[{"embeddable":true,"href":"https:\/\/www.diarioimagen.net\/index.php?rest_route=%2Fwp%2Fv2%2Fcomments&post=564990"}],"version-history":[{"count":0,"href":"https:\/\/www.diarioimagen.net\/index.php?rest_route=\/wp\/v2\/posts\/564990\/revisions"}],"wp:attachment":[{"href":"https:\/\/www.diarioimagen.net\/index.php?rest_route=%2Fwp%2Fv2%2Fmedia&parent=564990"}],"wp:term":[{"taxonomy":"category","embeddable":true,"href":"https:\/\/www.diarioimagen.net\/index.php?rest_route=%2Fwp%2Fv2%2Fcategories&post=564990"},{"taxonomy":"post_tag","embeddable":true,"href":"https:\/\/www.diarioimagen.net\/index.php?rest_route=%2Fwp%2Fv2%2Ftags&post=564990"}],"curies":[{"name":"wp","href":"https:\/\/api.w.org\/{rel}","templated":true}]}}