{"id":564998,"date":"2022-11-07T00:12:09","date_gmt":"2022-11-07T06:12:09","guid":{"rendered":"https:\/\/www.diarioimagen.net\/?p=564998"},"modified":"2022-11-07T02:12:28","modified_gmt":"2022-11-07T08:12:28","slug":"en-la-electoral-tu-le-crees-al-pri-de-alito-yo-tampoco","status":"publish","type":"post","link":"https:\/\/www.diarioimagen.net\/?p=564998","title":{"rendered":"\u00bfEn la electoral, t\u00fa le crees al PRI de Alito?&#8230; \u00a1yo tampoco!"},"content":{"rendered":"<h2>Tras la puerta del poder<\/h2>\n<h5>Roberto Vizca\u00edno<\/h5>\n<p>&nbsp;<\/p>\n<p>Todos los indicios de una negociaci\u00f3n, ni tan en lo oscurito, con el PRI de <strong><em>Alito <\/em><\/strong>para aprobar estas semanas la reforma electoral de <strong>Andr\u00e9s Manuel L\u00f3pez Obrador<\/strong>, se avalan con la sonrisa socarrona de <strong>Ad\u00e1n Augusto L\u00f3pez<\/strong> quien no oculta que esa componenda existe.<\/p>\n<p>El acuerdo AMLO-tricolor cobr\u00f3 fuerza el pasado fin de semana con la denuncia p\u00fablica de <strong>Jorge \u00c1lvarez M\u00e1ynez<\/strong>, coordinador parlamentario de MC, quien asegur\u00f3 saber que el nuevo acuerdo que ratifica al PRI-MOR ocurri\u00f3 el jueves o viernes pasados.<\/p>\n<p>Este nuevo pacto se dio, afirm\u00f3 <strong>\u00c1lvarez Maynes<\/strong>, entre el secretario de Gobernaci\u00f3n, <strong>Ad\u00e1n Augusto L\u00f3pez,<\/strong> y el propio <strong>Alejandro \u201c<em>Alito<\/em>\u201d Moreno<\/strong>.<\/p>\n<p>El emecista indic\u00f3 que en estos d\u00edas la bancada del PRI presentar\u00e1 una contrapropuesta para repetir el procedimiento que le dieron a la reforma constitucional sobre la Guardia Nacional, que al final extendi\u00f3 a 2028 la presencia de las fuerzas armadas en tareas de seguridad p\u00fablica.<\/p>\n<p>\u201cTenemos informaci\u00f3n de que el PRI ya pact\u00f3 con el secretario de Gobernaci\u00f3n, igual que se dio en el caso del quinto transitorio, va a salir en pr\u00f3ximos d\u00edas con la noticia de que tienen contrarreforma electoral&#8230;<\/p>\n<p>\u201cAqu\u00ed no hay de que \u2018negociamos afectar poquito al INE\u2019\u2026\u00a0 le quieren quitar facultades de nombramientos sustantivos al INE, le quieren quitar facultades de regulaci\u00f3n de incidencia del INE con el Tribunal Electoral. Ya lo hicieron con el tema de las multas y lo van a seguir haciendo en contubernio de Morena y el PRI\u201d, indic\u00f3 \u00c1lvarez M\u00e1ynez.<\/p>\n<p>Este nuevo acuerdo que ratifica la existencia del PRI-MOR, coment\u00f3 el emecista, se realiza fuera de la mesa de trabajo instalada en San L\u00e1zaro para revisar m\u00e1s de 100 iniciativas de reforma electoral.<\/p>\n<p><strong>Ad\u00e1n Augusto L\u00f3pez<\/strong> dijo en Chilpancingo, Guerrero, luego de un encuentro con el congresistas de ese estado que como van las negociaciones sobre la reforma electoral, \u00e9sta podr\u00eda quedar lista en diciembre.<\/p>\n<p>Y confirm\u00f3 que existe una mesa en la que participan diputados de Morena, PRI, PAN y otras fuerzas pol\u00edticas.<\/p>\n<p>Tras la balconeada medi\u00e1tica de MC, <strong>Alejandro \u201c<em>Alito<\/em>\u201d Moreno<\/strong>, acus\u00f3 al partido de <strong>Dante Delgado<\/strong> de ser el partido t\u00edtere de Morena, ya que se ha negado a formar parte de la alianza opositora.<\/p>\n<p>\u201cAqu\u00ed no hay pactos\u2026 pactos (los de) ustedes que llevan tres a\u00f1os dividiendo el voto opositor para facilitarle el triunfo a Morena\u2026 hip\u00f3critas\u201d, respondi\u00f3 dolido.<\/p>\n<p>Frente a la ardida reacci\u00f3n de <strong><em>Alito<\/em><\/strong>, el coordinador de MC en el Senado, <strong>Clemente Casta\u00f1ed<\/strong>a, dijo v\u00eda Twitter:<\/p>\n<p>\u201cNom\u00e1s le falt\u00f3 decir que por despecho hicieron el PRI-MOR&#8230; as\u00ed el Cinismo Revolucionario Institucional\u201d.<\/p>\n<p style=\"text-align: center;\"><strong>\u201cEs falso\u201d<\/strong><\/p>\n<p><strong>Rub\u00e9n Moreira<\/strong>, coordinador de los diputados del PRI, sali\u00f3 al quite de su cuestionado jefe partidario e insisti\u00f3 sin mucha convicci\u00f3n ni credibilidad en se\u00f1alar que el acuerdo PRI-MOR \u201ces falso y ellos lo saben\u201d, dijo.<\/p>\n<p>\u201cEl PRI no ha negociado ninguna reforma\u2026<\/p>\n<p>\u201cY hemos insistido en la defensa de la autonom\u00eda del INE, en proteger al Trife\u201d agreg\u00f3.<\/p>\n<p>El ex gobernador de Coahuila se\u00f1al\u00f3 que la estrategia de MC es s\u00f3lo ir al esc\u00e1ndalo para llamar la atenci\u00f3n medi\u00e1tica ante su falta de presencia en la C\u00e1mara.<\/p>\n<p>Desde Nuevo Le\u00f3n dijo:<\/p>\n<p>\u201cMC tiene 20 Diputados, por ello nadie negocia con ellos, no es que ellos no negocien, no es que ellos no quieran participar, es que ellos no cuentan, en la C\u00e1mara de Diputados son intrascendentes, se los digo con todo respeto\u201d, afirm\u00f3.<\/p>\n<p>\u201cPor eso toman estas posturas medi\u00e1ticas\u201d.<\/p>\n<p style=\"text-align: center;\"><strong>\u201cHay que cuidar principios de Morena\u201d: Monreal<\/strong><\/p>\n<p><strong>Ricardo Monreal<\/strong>, coordinador de senadores de Morena, llam\u00f3 a sus correligionarios a luchar por los principios que dieron origen a Morena y as\u00ed hacer valer la democracia interna para \u201cque no haya imposici\u00f3n en ninguna parte\u201d.<\/p>\n<p>El zacatecano rescat\u00f3 al mismo tiempo un libro escrito por \u00e9l hace algunos a\u00f1os bajo el t\u00edtulo de <em>Breve Historia de Morena<\/em>, en el que habla de movimientos y personajes que dieron sustento al movimiento.<\/p>\n<p>\u201cNo hay que olvidar nuestros principios. Morena surgi\u00f3 con mucha fuerza y mucha energ\u00eda y muchas personas han muerto, muchos dieron su vida, ofrendaron su vida\u201d por este movimiento.<\/p>\n<p>Por todo eso, agreg\u00f3, \u201cno hay que olvidarnos de ello, hay que luchar por la democracia y por la dignidad, no hay que abandonar nuestros principios, hay que hacerlos valer y hay que dejar que la democracia sea la que decida; que no haya imposici\u00f3n en ninguna parte\u201d.<\/p>\n<p>Consider\u00f3 que \u00e9ste es el momento para hacer un recuento hist\u00f3rico sobre Morena, saber lo que se ha hecho o si los fundadores y aquellos que dieron la vida por el movimiento siguen en \u00e9l.<\/p>\n<p>Plante\u00f3, igual, la necesidad de conocer \u201c\u00bfqu\u00e9 ha pasado despu\u00e9s de estos grandes \u00e9xitos electorales?, con los que el partido gan\u00f3 la Presidencia de la Rep\u00fablica, las gubernaturas de 22 estados, los Congresos de estas entidades y el Congreso de la Uni\u00f3n. En su obra, <strong>Monreal<\/strong> aborda movimientos como el ferrocarrilero, el magisterial y el de los estudiantes de 1968, y los liderazgos de <strong>Rosario Ibarra,<\/strong> <strong>Heberto Castillo<\/strong>, <strong>Cuauht\u00e9moc C\u00e1rdenas<\/strong>, <strong>Porfirio Mu\u00f1oz Ledo<\/strong>, <strong>Ifigenia Mart\u00ednez<\/strong> y <strong>Andr\u00e9s Manuel L\u00f3pez Obrador<\/strong>.<\/p>\n<p><em><a href=\"mailto:rvizcainoa@gmail.com\" target=\"_blank\" rel=\"noopener noreferrer\">vizcainoa@gmail.com<\/a><a href=\"mailto:rvizcainoa@gmail.com\" target=\"_blank\" rel=\"noopener noreferrer\"><br \/>\n<\/a><a href=\"http:\/\/endirecto.mx\" target=\"_blank\" rel=\"noopener noreferrer\">www.endirecto.mx<\/a><a href=\"mailto:rvizcainoa@gmail.com\" target=\"_blank\" rel=\"noopener noreferrer\"><br \/>\n<\/a><a href=\"https:\/\/twitter.com\/_rvizcaino\" target=\"_blank\" rel=\"noopener noreferrer\">@_RVizcaino<\/a><a href=\"mailto:rvizcainoa@gmail.com\" target=\"_blank\" rel=\"noopener noreferrer\"><br \/>\n<\/a><a href=\"https:\/\/www.facebook.com\/rvizcainoa\" target=\"_blank\" rel=\"noopener noreferrer\">facebook.com\/rvizcainoa<\/a><\/em><\/p>\n","protected":false},"excerpt":{"rendered":"<p><span style=\"color: #005497;\"><strong>Roberto Vizca\u00edno<\/strong><\/span><\/p>\n","protected":false},"author":3,"featured_media":0,"comment_status":"open","ping_status":"open","sticky":false,"template":"","format":"standard","meta":{"_monsterinsights_skip_tracking":false,"_monsterinsights_sitenote_active":false,"_monsterinsights_sitenote_note":"","_monsterinsights_sitenote_category":0,"footnotes":""},"categories":[136],"tags":[96769,43674,94],"class_list":["post-564998","post","type-post","status-publish","format-standard","hentry","category-roberto-vizcaino-opinion","tag-oberto-vizcaino","tag-opinion","tag-tras-la-puerta-del-poder"],"_links":{"self":[{"href":"https:\/\/www.diarioimagen.net\/index.php?rest_route=\/wp\/v2\/posts\/564998","targetHints":{"allow":["GET"]}}],"collection":[{"href":"https:\/\/www.diarioimagen.net\/index.php?rest_route=\/wp\/v2\/posts"}],"about":[{"href":"https:\/\/www.diarioimagen.net\/index.php?rest_route=\/wp\/v2\/types\/post"}],"author":[{"embeddable":true,"href":"https:\/\/www.diarioimagen.net\/index.php?rest_route=\/wp\/v2\/users\/3"}],"replies":[{"embeddable":true,"href":"https:\/\/www.diarioimagen.net\/index.php?rest_route=%2Fwp%2Fv2%2Fcomments&post=564998"}],"version-history":[{"count":0,"href":"https:\/\/www.diarioimagen.net\/index.php?rest_route=\/wp\/v2\/posts\/564998\/revisions"}],"wp:attachment":[{"href":"https:\/\/www.diarioimagen.net\/index.php?rest_route=%2Fwp%2Fv2%2Fmedia&parent=564998"}],"wp:term":[{"taxonomy":"category","embeddable":true,"href":"https:\/\/www.diarioimagen.net\/index.php?rest_route=%2Fwp%2Fv2%2Fcategories&post=564998"},{"taxonomy":"post_tag","embeddable":true,"href":"https:\/\/www.diarioimagen.net\/index.php?rest_route=%2Fwp%2Fv2%2Ftags&post=564998"}],"curies":[{"name":"wp","href":"https:\/\/api.w.org\/{rel}","templated":true}]}}