{"id":565030,"date":"2022-11-08T00:03:08","date_gmt":"2022-11-08T06:03:08","guid":{"rendered":"https:\/\/www.diarioimagen.net\/?p=565030"},"modified":"2022-11-09T01:28:22","modified_gmt":"2022-11-09T07:28:22","slug":"al-ine-le-recortaran-4475-millones-de-pesos-en-presupuesto-2023","status":"publish","type":"post","link":"https:\/\/www.diarioimagen.net\/?p=565030","title":{"rendered":"Al INE le recortar\u00e1n 4,475 millones de pesos en Presupuesto 2023"},"content":{"rendered":"<p>&nbsp;<\/p>\n<ul>\n<li><em><strong>Debaten diputados esta semana reasignaciones<\/strong><\/em><\/li>\n<\/ul>\n<p>&nbsp;<\/p>\n<div id=\"attachment_565074\" style=\"width: 470px\" class=\"wp-caption aligncenter\"><img loading=\"lazy\" decoding=\"async\" aria-describedby=\"caption-attachment-565074\" class=\"size-full wp-image-565074\" src=\"https:\/\/www.diarioimagen.net\/wp-content\/uploads\/2022\/11\/INE.jpg\" alt=\"\" width=\"460\" height=\"270\" \/><p id=\"caption-attachment-565074\" class=\"wp-caption-text\">Legisladores en San L\u00e1zaro redistribuir\u00e1n 6,437 millones de pesos del Presupuesto del pr\u00f3ximo a\u00f1o y 69% de este monto provendr\u00e1 de la reducci\u00f3n de recursos al INE.<\/p><\/div>\n<p>&nbsp;<\/p>\n<p>De acuerdo con el pre dictamen del PPEF 2023, los legisladores en San L\u00e1zaro har\u00e1n reasignaciones presupuestales por 6,437 millones de pesos, los cuales saldr\u00e1n de los presupuestos propuestos para los ramos aut\u00f3nomos, principalmente del INE.<\/p>\n<p>En total, el instituto electoral tendr\u00e1 una reducci\u00f3n en su presupuesto de 4,475 millones de pesos, con lo cual, de aprobarse, tendr\u00e1 recursos para su gasto de 20,221 millones de pesos.<\/p>\n<p>Otro de los perdedores ser\u00e1 el Consejo de la Judicatura Federal (CJF), al cual se le reducir\u00e1 su presupuesto en 1,286 millones de pesos, para un gasto de 69,933 millones de pesos para el pr\u00f3ximo a\u00f1o.<\/p>\n<p>Los ramos aut\u00f3nomos que tambi\u00e9n ver\u00e1n reducciones respecto al presupuesto que hab\u00edan propuesto ser\u00e1n la C\u00e1mara de Diputados, el Senado de la Rep\u00fablica, la Auditor\u00eda Superior de la Federaci\u00f3n (ASF), la Suprema Corte de Justicia de la Naci\u00f3n (SCJN), el Tribunal Electoral del Poder Judicial de la Federaci\u00f3n (TEPJF); la Comisi\u00f3n Nacional de Competencia Econ\u00f3mica (Cofece); el Instituto Federal de Telecomunicaciones (IFT) y el Instituto Nacional de Transparencia, Acceso a la Informaci\u00f3n y Protecci\u00f3n de Datos Personales (INAI).<\/p>\n<p style=\"text-align: center;\"><strong>Secretar\u00eda del Bienestar, la que obtenga mayores recursos<\/strong><\/p>\n<p>Se propone reasignar los 6,437 millones de pesos a tres ramos: la Secretar\u00eda de Gobernaci\u00f3n (Segob), la Secretar\u00eda de Bienestar, as\u00ed como a las Entidades no Sectorizadas.<\/p>\n<p>La Secretar\u00eda de Bienestar ser\u00e1 la que obtenga mayores recursos, los cuales se destinar\u00e1n a dos programas que se consideran prioritarios del actual gobierno: la Pensi\u00f3n para el Bienestar de las Personas Adultas Mayores, con 3,841 millones de pesos extra a lo propuesto inicialmente, as\u00ed como a la Pensi\u00f3n para el Bienestar de las Personas con Discapacidad Permanente, con 2,500 millones de pesos m\u00e1s.<\/p>\n<p>De ser aprobadas estas adecuaciones en el presupuesto, la Secretar\u00eda de Bienestar contar\u00e1 con recursos por 414,632 millones de pesos para ejercer en el 2023, el mayor gasto contemplado dentro de los ramos administrativos.<\/p>\n<p>En el caso de la Segob, se destinar\u00e1n 19.6 millones de pesos m\u00e1s al Programa de Apoyo para Refugios Especializados para Mujeres V\u00edctimas de Violencia de G\u00e9nero, sus hijas e hijos, as\u00ed como 14.5 millones para Promover la Atenci\u00f3n y Prevenci\u00f3n de Violencia Contra las Mujeres, y 13.5 millones al Programa de Apoyo a las Instancias de Mujeres en las Entidades Federativas.<\/p>\n<p>En el Ramo 47, que se refiere a las Entidades no Sectorizadas, el pre dictamen plantea que 40.2 millones de pesos se destinar\u00e1n al programa de Atenci\u00f3n a V\u00edctimas; mientras que 7.7 millones de pesos al Programa para el Bienestar Integral de los Pueblos Ind\u00edgenas.<\/p>\n<p style=\"text-align: center;\"><strong>Deber\u00e1n aprobarlo antes del 15<\/strong><\/p>\n<p>Se espera que sea entre este lunes y martes cuando la Comisi\u00f3n de Presupuesto y Cuenta P\u00fablica, de San L\u00e1zaro, discuta y dictamine el PPEF, para que \u00e9ste sea enviado al pleno de la C\u00e1mara baja este martes, de acuerdo con las declaraciones del morenista Ignacio Mier Velazco, presidente de la Junta de Coordinaci\u00f3n Pol\u00edtica (Jucopo).<\/p>\n<p>Iniciaremos el proceso para que sea discutido en comisiones el lunes por la tarde y martes por la ma\u00f1ana, y el mismo martes por la tarde estar\u00e1 subiendo al Pleno para que sea discutido y aprobado en lo general, y nos vamos a dar d\u00edas para desahogar las reservas, de tal manera que antes del 15 de noviembre tengamos presupuesto (&#8230;) lo que no queremos es esa pr\u00e1ctica que luego se utiliza de estar parando el reloj legislativo\u201d, dijo en d\u00edas pasados.<\/p>\n","protected":false},"excerpt":{"rendered":"<p>De acuerdo con el pre dictamen del PPEF 2023, los legisladores en San L\u00e1zaro har\u00e1n reasignaciones presupuestales por 6,437 millones de pesos, los cuales saldr\u00e1n de los presupuestos propuestos para los ramos aut\u00f3nomos, principalmente del INE.<\/p>\n","protected":false},"author":3,"featured_media":565074,"comment_status":"open","ping_status":"open","sticky":false,"template":"","format":"standard","meta":{"_monsterinsights_skip_tracking":false,"_monsterinsights_sitenote_active":false,"_monsterinsights_sitenote_note":"","_monsterinsights_sitenote_category":0,"footnotes":""},"categories":[8],"tags":[29347,6053,25372],"class_list":["post-565030","post","type-post","status-publish","format-standard","has-post-thumbnail","hentry","category-finanzas","tag-ine","tag-presupuesto","tag-recorte"],"_links":{"self":[{"href":"https:\/\/www.diarioimagen.net\/index.php?rest_route=\/wp\/v2\/posts\/565030","targetHints":{"allow":["GET"]}}],"collection":[{"href":"https:\/\/www.diarioimagen.net\/index.php?rest_route=\/wp\/v2\/posts"}],"about":[{"href":"https:\/\/www.diarioimagen.net\/index.php?rest_route=\/wp\/v2\/types\/post"}],"author":[{"embeddable":true,"href":"https:\/\/www.diarioimagen.net\/index.php?rest_route=\/wp\/v2\/users\/3"}],"replies":[{"embeddable":true,"href":"https:\/\/www.diarioimagen.net\/index.php?rest_route=%2Fwp%2Fv2%2Fcomments&post=565030"}],"version-history":[{"count":0,"href":"https:\/\/www.diarioimagen.net\/index.php?rest_route=\/wp\/v2\/posts\/565030\/revisions"}],"wp:featuredmedia":[{"embeddable":true,"href":"https:\/\/www.diarioimagen.net\/index.php?rest_route=\/wp\/v2\/media\/565074"}],"wp:attachment":[{"href":"https:\/\/www.diarioimagen.net\/index.php?rest_route=%2Fwp%2Fv2%2Fmedia&parent=565030"}],"wp:term":[{"taxonomy":"category","embeddable":true,"href":"https:\/\/www.diarioimagen.net\/index.php?rest_route=%2Fwp%2Fv2%2Fcategories&post=565030"},{"taxonomy":"post_tag","embeddable":true,"href":"https:\/\/www.diarioimagen.net\/index.php?rest_route=%2Fwp%2Fv2%2Ftags&post=565030"}],"curies":[{"name":"wp","href":"https:\/\/api.w.org\/{rel}","templated":true}]}}