{"id":565046,"date":"2022-11-08T00:01:38","date_gmt":"2022-11-08T06:01:38","guid":{"rendered":"https:\/\/www.diarioimagen.net\/?p=565046"},"modified":"2022-11-08T23:13:40","modified_gmt":"2022-11-09T05:13:40","slug":"inversion-historica-para-impulsar-el-sureste-del-pais-lopez-obrador","status":"publish","type":"post","link":"https:\/\/www.diarioimagen.net\/?p=565046","title":{"rendered":"Inversi\u00f3n hist\u00f3rica para impulsar el sureste del pa\u00eds: L\u00f3pez Obrador"},"content":{"rendered":"<h2>Derecho de r\u00e9plica<\/h2>\n<h5>Jos\u00e9 Luis Monta\u00f1ez<\/h5>\n<p>&nbsp;<\/p>\n<ul>\n<li><strong><em>En tres meses, AMLO y Mara Lezama anunciar\u00e1n cu\u00e1ndo se inaugurar\u00e1n Aeropuerto de Tulum, dos tramos del Tren Maya y obras del Boulevard Colosio<\/em><\/strong><\/li>\n<\/ul>\n<p>&nbsp;<\/p>\n<div id=\"attachment_565068\" style=\"width: 470px\" class=\"wp-caption aligncenter\"><img loading=\"lazy\" decoding=\"async\" aria-describedby=\"caption-attachment-565068\" class=\"size-full wp-image-565068\" src=\"https:\/\/www.diarioimagen.net\/wp-content\/uploads\/2022\/11\/DererchoQR.jpg\" alt=\"\" width=\"460\" height=\"270\" \/><p id=\"caption-attachment-565068\" class=\"wp-caption-text\">Andr\u00e9s Manuel L\u00f3pez Obrador extern\u00f3 que se seguir\u00e1 ayudando a la regi\u00f3n sureste, sobre todo la zona sur de Quintana Roo, que qued\u00f3 abandonada en las anteriores administraciones federales.<\/p><\/div>\n<p>&nbsp;<\/p>\n<p>Con una inversi\u00f3n hist\u00f3rica para impulsar el sureste del pa\u00eds, el presidente Andr\u00e9s Manuel L\u00f3pez Obrador reiter\u00f3 su prioridad de reactivar el sureste del pa\u00eds y poner en marcha obras lo m\u00e1s pronto posible, como el Tren Maya y el nuevo Aeropuerto Internacional de Tulum.<\/p>\n<p>En su reciente visita que realiz\u00f3 a Quintana Roo, este fin de semana, el primer mandatario extern\u00f3 que se seguir\u00e1 ayudando mucho a esta regi\u00f3n y sobre toido el sur de Quintana Roo, que qued\u00f3 abandonado en las anteriores administraciones federales, porque se olvidaron de invertir en las peque\u00f1as poblaciones y s\u00f3lo se meti\u00f3 dinero a las grandes ciudades, donde se concentra la mayor parte de la poblaci\u00f3n.<\/p>\n<p>Dijo que siempre se benefici\u00f3 a Canc\u00fan y a la Riviera Maya, pero hay que hacerlo con Chetumal y municipios en el sur de Quintana Roo, donde no se le ha inyectado dinero, as\u00ed como en otras poblaciones de la Pen\u00ednsula de Yucat\u00e1n.<\/p>\n<p>Se\u00f1al\u00f3 que se deben destinar recursos a zonas como Oth\u00f3n P. Blanco para estimular el crecimiento y el arraigo de la gente, cre\u00e1ndose fuentes de empleo e invirtiendo en los lugares alejados.<\/p>\n<p style=\"text-align: center;\"><strong>Avance de obras en la pen\u00ednsula<\/strong><\/p>\n<p>Tras su gira de trabajo en el sureste, L\u00f3pez Obrador detall\u00f3 que de M\u00e9rida a Campeche hay 184 kil\u00f3metros y se ha concluido el 20 por ciento de las obras, respecto al Tren Maya, que se traduce en 37 kil\u00f3metros de v\u00eda, lo que podr\u00eda parecer poco, pero \u201cno son tacos de cochinita pibil, ni pan de caz\u00f3n\u201d.<\/p>\n<p>El Presidente supervis\u00f3 los avances de la construcci\u00f3n de dos tramos del Tren Maya y de la terminal a\u00e9rea, ambas obras a cargo de ingenieros militares.<\/p>\n<p>En su cuenta de Twitter, el mandatario federal comparti\u00f3 un video en el que se encuentra rodeado de integrantes del Ej\u00e9rcito que le explican las maquetas y modelos de la terminal a\u00e9rea, as\u00ed como su funcionamiento.<\/p>\n<p>El mandatario estuvo acompa\u00f1ado del secretario de la Defensa Nacional, Luis Crescencio Sandoval, y de la gobernadora de Quintana Roo, Mara Lezama.<\/p>\n<p>De acuerdo con el gobierno federal, el Tren Maya cuenta con una inversi\u00f3n de alrededor de 200 mil millones de pesos para construir cerca de mil 554 kil\u00f3metros de ferrocarril en cinco estados del sureste.<\/p>\n<p>La inauguraci\u00f3n de esta obra est\u00e1 proyectada para diciembre de 2023, seg\u00fan el mandatario, quien ha insistido en que culminar\u00e1 la obra, incluso a pesar de los inconvenientes que ha sufrido en los juzgados.<\/p>\n<p>La obra contar\u00e1 una extensi\u00f3n total de mil 550 kil\u00f3metros de v\u00eda f\u00e9rrea a lo largo de Chiapas, Tabasco, Campeche, Yucat\u00e1n y Quintana Roo, estados a los que el Tren Maya llevar\u00e1 crecimiento y desarrollo a partir del impulso a las actividades culturales y tur\u00edsticas como un acto hist\u00f3rico de justicia para la regi\u00f3n.<\/p>\n<p>Durante su gira del pasado fin de semana, L\u00f3pez Obrador tambi\u00e9n visit\u00f3 Yucat\u00e1n para supervisar la construcci\u00f3n de los tramos 3 y 4 del Tren Maya, dos plantas de generaci\u00f3n el\u00e9ctrica de ciclo combinado, la ampliaci\u00f3n del Puerto de Altura de Progreso y el Gran Parque de la Plancha.<\/p>\n<p style=\"text-align: center;\"><strong>En tres semanas, nuevas fechas de la<br \/>\ninauguraci\u00f3n de tramos 5, 6 y 7 del Tren Maya<br \/>\n<\/strong><\/p>\n<p>El titular del Ejecutivo federal anunci\u00f3 que en tres semanas se dar\u00e1n nueva fecha de inauguraci\u00f3n de los tramos 5, 6 y 7 del Tren Maya, as\u00ed como del Aeropuerto Internacional de Tulum.<\/p>\n<p>En un video que circul\u00f3 en las redes sociales, el primer mandatario precis\u00f3 que, su presencia en el estado, fuer para evaluar los avances de los tramos 6 y 7 y adelant\u00f3 informaci\u00f3n en relaci\u00f3n al Aeropuerto Internacional de Tulum.<\/p>\n<p>\u201cLa pregunta que est\u00e1 en vilo y responderemos en tres semanas va a ser cu\u00e1ndo inauguramos el tramo del Tren Maya Canc\u00fan-Esc\u00e1rcega y cu\u00e1ndo inauguramos el aeropuerto Felipe Carrillo Puerto, en Tulum. En tres semanas ya podemos dar fechas\u201d, insisti\u00f3.<\/p>\n<p>La informaci\u00f3n la dio a conocer, a un d\u00eda que se hiciera p\u00fablica la noticia de que la Sedena cancel\u00f3 ante la Semarnat el tr\u00e1mite de la Manifestaci\u00f3n de Impacto Ambiental para dicho proyecto, que se construir\u00e1 en mil 200 hect\u00e1reas, que incluye una Base A\u00e9rea Militar.<\/p>\n<p>Andr\u00e9s Manuel L\u00f3pez Obrador al momento de brindar la informaci\u00f3n, estaba con la gobernadora de Quintana Roo, Mara Lezama, el secretario de la Defensa Nacional, Luis Crescencio Sandoval, y el general Gustavo Vallejo, este \u00faltimo a cargo de ambas obras.<\/p>\n<p>Tambi\u00e9n se evaluaron otras acciones en el estado que tienen financiamiento federal y que van de la mano del Nuevo Acuerdo por el Bienestar y Desarrollo de Quintana Roo que promueve la mandataria.<\/p>\n<p style=\"text-align: center;\"><strong>Mara Lezama y AMLO trabajar\u00e1n por el bienestar de Quintana Roo<\/strong><\/p>\n<p>Por su parte, la gobernadora del estado, Mara Lezama, en el marco de la gira de trabajo del Presidente en el sur de Quintana Roo, se congratul\u00f3 del apoyo que brinda a obras apremiantes como el Boulevard Colosio, que tiene un avance importante, y la prolongaci\u00f3n Chac Mool, que en breve iniciar\u00e1.<\/p>\n<p>\u201cEn Quintana Roo de la mano del gobierno federal, impulsamos un Nuevo Acuerdo por el Bienestar y Desarrollo, para generar justicia social y prosperidad compartida, con magnas obras como el Tren Maya, el Aeropuerto Internacional Felipe Carrillo Puerto, el Boulevard Colosio que tiene un avance importante y la prolongaci\u00f3n Chac Mool que iniciar\u00e1 en las pr\u00f3ximas fechas\u201d, dijo.<\/p>\n<p>Los integrantes de la comitiva sobrevolaron la zona Maya de Felipe Carrillo Puerto a bordo de helic\u00f3pteros de la Secretar\u00eda de Marina, en las cercan\u00edas de X-Hazil sur.<\/p>\n<p>Durante la reuni\u00f3n de evaluaci\u00f3n, se dio a conocer que el Boulevard Colosio registra un avance importante que permitir\u00e1 que la obra se concluya antes de las fechas programadas de continuar con trabajos las 24 horas del d\u00eda.<\/p>\n<p>Respecto a la obra de la prolongaci\u00f3n Chac Mool, dijo que la obra iniciar\u00e1 en pr\u00f3ximas fechas para beneficio de la poblaci\u00f3n quintanarroense.<\/p>\n<p>Mara Lezama agradeci\u00f3 al presidente L\u00f3pez Obrador el respaldo del gobierno de M\u00e9xico en las tareas de transformar a la entidad, con un cambio verdadero de un modelo que ya se agot\u00f3 por otro que cierre brechas de desigualdad y fortalezca la atenci\u00f3n y apoyo a los que menos tienen.<\/p>\n<p><em>Escr\u00edbame a mi mail: <a href=\"mailto:montanezaguilar@gmail.com\" target=\"_blank\" rel=\"noopener noreferrer\">montanezaguilar@gmail.com<\/a><\/em><\/p>\n","protected":false},"excerpt":{"rendered":"<p><span style=\"color: #005497;\"><strong>Jos\u00e9 Luis Monta\u00f1ez<\/strong><\/span><br \/>\n<br \/>\nCon una inversi\u00f3n hist\u00f3rica para impulsar el sureste del pa\u00eds, el presidente Andr\u00e9s Manuel L\u00f3pez Obrador reiter\u00f3 su prioridad de reactivar el sureste del pa\u00eds y poner en marcha obras lo m\u00e1s pronto posible, como el Tren Maya y el nuevo Aeropuerto Internacional de Tulum.<\/p>\n","protected":false},"author":3,"featured_media":565068,"comment_status":"open","ping_status":"open","sticky":false,"template":"","format":"standard","meta":{"_monsterinsights_skip_tracking":false,"_monsterinsights_sitenote_active":false,"_monsterinsights_sitenote_note":"","_monsterinsights_sitenote_category":0,"footnotes":""},"categories":[11622,25512],"tags":[47840,54579,43674],"class_list":["post-565046","post","type-post","status-publish","format-standard","has-post-thumbnail","hentry","category-jose-luis-montanez-aguilar","category-nacional-nacional","tag-derecho-de-replica","tag-jose-luis-montanez","tag-opinion"],"_links":{"self":[{"href":"https:\/\/www.diarioimagen.net\/index.php?rest_route=\/wp\/v2\/posts\/565046","targetHints":{"allow":["GET"]}}],"collection":[{"href":"https:\/\/www.diarioimagen.net\/index.php?rest_route=\/wp\/v2\/posts"}],"about":[{"href":"https:\/\/www.diarioimagen.net\/index.php?rest_route=\/wp\/v2\/types\/post"}],"author":[{"embeddable":true,"href":"https:\/\/www.diarioimagen.net\/index.php?rest_route=\/wp\/v2\/users\/3"}],"replies":[{"embeddable":true,"href":"https:\/\/www.diarioimagen.net\/index.php?rest_route=%2Fwp%2Fv2%2Fcomments&post=565046"}],"version-history":[{"count":0,"href":"https:\/\/www.diarioimagen.net\/index.php?rest_route=\/wp\/v2\/posts\/565046\/revisions"}],"wp:featuredmedia":[{"embeddable":true,"href":"https:\/\/www.diarioimagen.net\/index.php?rest_route=\/wp\/v2\/media\/565068"}],"wp:attachment":[{"href":"https:\/\/www.diarioimagen.net\/index.php?rest_route=%2Fwp%2Fv2%2Fmedia&parent=565046"}],"wp:term":[{"taxonomy":"category","embeddable":true,"href":"https:\/\/www.diarioimagen.net\/index.php?rest_route=%2Fwp%2Fv2%2Fcategories&post=565046"},{"taxonomy":"post_tag","embeddable":true,"href":"https:\/\/www.diarioimagen.net\/index.php?rest_route=%2Fwp%2Fv2%2Ftags&post=565046"}],"curies":[{"name":"wp","href":"https:\/\/api.w.org\/{rel}","templated":true}]}}