{"id":565115,"date":"2022-11-08T00:04:48","date_gmt":"2022-11-08T06:04:48","guid":{"rendered":"https:\/\/www.diarioimagen.net\/?p=565115"},"modified":"2022-11-08T04:37:07","modified_gmt":"2022-11-08T10:37:07","slug":"urge-el-pan-edomex-a-iniciar-las-mesas-de-dialogo-para-la-alianza-de-2023-anuar-azarllamado-a-cerrar-filas-por-arturo-baena-naucalpan-mex-el-partido-accion-nacional-pan-convoco-a-todos-los-pa","status":"publish","type":"post","link":"https:\/\/www.diarioimagen.net\/?p=565115","title":{"rendered":"Urge el PAN-Edomex a iniciar las mesas de di\u00e1logo para la alianza de 2023: Anuar Azar"},"content":{"rendered":"<h3 style=\"font-weight: 400; text-align: center;\"><strong>Llamado a cerrar filas<\/strong><\/h3>\n<p style=\"font-weight: 400;\"><strong>\u00a0<\/strong><\/p>\n<div id=\"attachment_565120\" style=\"width: 470px\" class=\"wp-caption aligncenter\"><a href=\"https:\/\/www.diarioimagen.net\/?attachment_id=565120\" rel=\"attachment wp-att-565120\"><img loading=\"lazy\" decoding=\"async\" aria-describedby=\"caption-attachment-565120\" class=\"size-full wp-image-565120\" src=\"https:\/\/www.diarioimagen.net\/wp-content\/uploads\/2022\/11\/pan-edomex.jpg\" alt=\"\" width=\"460\" height=\"270\" \/><\/a><p id=\"caption-attachment-565120\" class=\"wp-caption-text\">El diputado federal Anuar Azar Figueroa, presidente del PAN en el Estado de M\u00e9xico, convoc\u00f3 a los partidos pol\u00edticos en la entidad, en oposici\u00f3n a Morena, a cerrar filas.<\/p><\/div>\n<p style=\"font-weight: 400;\"><strong>\u00a0<\/strong><\/p>\n<h5 style=\"font-weight: 400;\"><strong>Arturo Baena<\/strong><\/h5>\n<p style=\"font-weight: 400;\"><strong>Naucalpan, Estado de M\u00e9xico.-<\/strong> El Partido Acci\u00f3n Nacional (PAN) convoc\u00f3 a todos los partidos pol\u00edticos en la entidad, en oposici\u00f3n a Morena, a cerrar filas, a que antepongan sus intereses por el inter\u00e9s general del Estado de M\u00e9xico.<\/p>\n<p style=\"font-weight: 400;\">El diputado federal Anuar Azar Figueroa, presidente del PAN en el Estado de M\u00e9xico, se\u00f1al\u00f3 que hay un proyecto viable y recalc\u00f3 que el PAN respalda a Enrique Vargas del Villar. Afirm\u00f3 que lo antes posible se debe arrancar con las Mesas de Di\u00e1logo por el bien de las y los mexiquenses.<\/p>\n<p style=\"font-weight: 400;\">En ese sentido, militantes, simpatizantes y representantes populares de Acci\u00f3n Nacional, llamaron a las dirigencias del PRI y del PRD a \u201ccerrar filas\u201d por un proyecto ganador y \u00e9ste, dijeron, es el que encabeza el PAN.<\/p>\n<p style=\"font-weight: 400;\">\u201cEl tiempo nos est\u00e1 ganando. Hoy es el momento de que (en las mesas de di\u00e1logo) se determine qui\u00e9n ser\u00e1 el abanderado de la alianza Va por el Edomex, toda vez que Morena y su candidata, Delfina G\u00f3mez, est\u00e1n haciendo campa\u00f1a, que, dicho sea de paso, es violatorio de las Leyes electorales\u201d, dijeron.<\/p>\n<p style=\"font-weight: 400;\">Finalmente, el dirigente del PAN mexiquense, insisti\u00f3 en manifestar que para el bien de las y los mexiquense, es urgente y necesario empezar las mesas de di\u00e1logo y llegar a acuerdos para cerrarle el paso a Morena y a su candidata, Delfina G\u00f3mez.<\/p>\n","protected":false},"excerpt":{"rendered":"<p>El Partido Acci\u00f3n Nacional (PAN) convoc\u00f3 a todos los partidos pol\u00edticos en la entidad, en oposici\u00f3n a Morena, a cerrar filas, a que antepongan sus intereses por el inter\u00e9s general del Estado de M\u00e9xico.<\/p>\n","protected":false},"author":1,"featured_media":565120,"comment_status":"open","ping_status":"open","sticky":false,"template":"","format":"standard","meta":{"_monsterinsights_skip_tracking":false,"_monsterinsights_sitenote_active":false,"_monsterinsights_sitenote_note":"","_monsterinsights_sitenote_category":0,"footnotes":""},"categories":[5],"tags":[68],"class_list":["post-565115","post","type-post","status-publish","format-standard","has-post-thumbnail","hentry","category-estado-de-mexico","tag-edomex"],"_links":{"self":[{"href":"https:\/\/www.diarioimagen.net\/index.php?rest_route=\/wp\/v2\/posts\/565115","targetHints":{"allow":["GET"]}}],"collection":[{"href":"https:\/\/www.diarioimagen.net\/index.php?rest_route=\/wp\/v2\/posts"}],"about":[{"href":"https:\/\/www.diarioimagen.net\/index.php?rest_route=\/wp\/v2\/types\/post"}],"author":[{"embeddable":true,"href":"https:\/\/www.diarioimagen.net\/index.php?rest_route=\/wp\/v2\/users\/1"}],"replies":[{"embeddable":true,"href":"https:\/\/www.diarioimagen.net\/index.php?rest_route=%2Fwp%2Fv2%2Fcomments&post=565115"}],"version-history":[{"count":0,"href":"https:\/\/www.diarioimagen.net\/index.php?rest_route=\/wp\/v2\/posts\/565115\/revisions"}],"wp:featuredmedia":[{"embeddable":true,"href":"https:\/\/www.diarioimagen.net\/index.php?rest_route=\/wp\/v2\/media\/565120"}],"wp:attachment":[{"href":"https:\/\/www.diarioimagen.net\/index.php?rest_route=%2Fwp%2Fv2%2Fmedia&parent=565115"}],"wp:term":[{"taxonomy":"category","embeddable":true,"href":"https:\/\/www.diarioimagen.net\/index.php?rest_route=%2Fwp%2Fv2%2Fcategories&post=565115"},{"taxonomy":"post_tag","embeddable":true,"href":"https:\/\/www.diarioimagen.net\/index.php?rest_route=%2Fwp%2Fv2%2Ftags&post=565115"}],"curies":[{"name":"wp","href":"https:\/\/api.w.org\/{rel}","templated":true}]}}