{"id":565160,"date":"2022-11-09T00:01:39","date_gmt":"2022-11-09T06:01:39","guid":{"rendered":"https:\/\/www.diarioimagen.net\/?p=565160"},"modified":"2022-11-10T00:54:45","modified_gmt":"2022-11-10T06:54:45","slug":"presentan-en-pjcdmx-la-obra-mapas-mentales-del-sistema-penal-acusatorio","status":"publish","type":"post","link":"https:\/\/www.diarioimagen.net\/?p=565160","title":{"rendered":"Presentan en PJCDMX la obra \u201cMapas mentales del sistema penal acusatorio\u201d"},"content":{"rendered":"<p>&nbsp;<\/p>\n<ul>\n<li><strong><em>Se trata de una obra del ministro de la Suprema Corte de Justicia de la Naci\u00f3n, Juan Luis Gonz\u00e1lez Alc\u00e1ntara Carranc\u00e1; de la magistrada de la Sexta Sala Penal, Mar\u00eda de Jes\u00fas Medel D\u00edaz, y del abogado adscrito a su ponencia Francisco Javier Ruiz Jim\u00e9nez<\/em><\/strong><\/li>\n<\/ul>\n<p>&nbsp;<\/p>\n<div id=\"attachment_565215\" style=\"width: 470px\" class=\"wp-caption aligncenter\"><img loading=\"lazy\" decoding=\"async\" aria-describedby=\"caption-attachment-565215\" class=\"size-full wp-image-565215\" src=\"https:\/\/www.diarioimagen.net\/wp-content\/uploads\/2022\/11\/tribunal-3.jpg\" alt=\"\" width=\"460\" height=\"270\" \/><p id=\"caption-attachment-565215\" class=\"wp-caption-text\">En el acto, el presidente del \u00f3rgano judicial capitalino, magistrado Rafael Guerra \u00c1lvarez, asegur\u00f3 que no hay entre las sociedades actividad de tanta trascendencia \u00e9tica como la de que un hombre juzgue a otro.<\/p><\/div>\n<p>&nbsp;<\/p>\n<p>Al participar en la presentaci\u00f3n de la obra <em>Mapas mentales del sistema penal <\/em>acusatorio, el presidente del Poder Judicial de la Ciudad de M\u00e9xico, magistrado Rafael Guerra \u00c1lvarez, asegur\u00f3 que no hay entre las sociedades una actividad de tanta trascendencia \u00e9tica como la de que un hombre juzgue a otro.<\/p>\n<p>En el auditorio <em>Benito Ju\u00e1rez<\/em>, y con la presencia del ministro de la Suprema Corte de Justicia de la Naci\u00f3n, Juan Luis Gonz\u00e1lez Alc\u00e1ntara Carranc\u00e1, coautor del libro, Guerra \u00c1lvarez asegur\u00f3 que <em>Mapas mentales del sistema penal acusatorio <\/em>coadyuvar\u00e1 en el proceso de fortalecimiento del sistema penal acusatorio y oral, as\u00ed como tambi\u00e9n de \u201cnuestra noble y por dem\u00e1s importante encomienda que es la impartici\u00f3n de justicia\u201d.<\/p>\n<p>Ante la magistrada de la Sexta Sala Penal del \u00f3rgano judicial capitalino, Mar\u00eda de Jes\u00fas Medel D\u00edaz, y de Francisco Javier Ruiz Jim\u00e9nez, tambi\u00e9n coautores, consider\u00f3 que el libro ser\u00e1 una herramienta que permita potencializar la funci\u00f3n de juzgar de manera oportuna y certera.<\/p>\n<p>Se trata, abund\u00f3, de un instrumento de auxilio en la labor jurisdiccional para el desarrollo, con mayor soltura, de estructuras argumentativas s\u00f3lidas y suficientes que brinden claridad y concisi\u00f3n a los argumentos jur\u00eddicos.<\/p>\n<p>\u201cCelebro que, en adelante, las personas juzgadoras no estar\u00e1n solas dentro de las cuatro paredes que conforman la sala de audiencias; tampoco lo estar\u00e1n durante sus cavilaciones l\u00f3gico jur\u00eddicas que anteceden a la emisi\u00f3n de sus autos y de sus sentencias\u201d, expres\u00f3 el magistrado.<\/p>\n<p>En su oportunidad, el ministro Gonz\u00e1lez Alc\u00e1ntara Carranc\u00e1 destac\u00f3 que el libro presentado debe verse como una herramienta did\u00e1ctica y sencilla que procura no solamente tomar el conocimiento especializado del sistema penal acusatorio, sino facilitar la comprensi\u00f3n y el f\u00e1cil entendimiento del mismo para cualquier persona.<\/p>\n<p>\u201cLa obra que hoy nos convoca pretende dejar de lado la ense\u00f1anza r\u00edgida y aburrida, anquilosada del sistema penal acusatorio, que s\u00f3lo ha llevado y conducido a muchos a algo incomprensible para las personas por las que, precisamente, fue instituido, que son los justiciables\u201d, plante\u00f3 el ministro, en la presentaci\u00f3n moderada por el director general de Anales de Jurisprudencia y Bolet\u00edn Judicial del PJCDMX, Raciel Garrido Maldonado.<\/p>\n<p>A su vez, la magistrada Medel D\u00edaz record\u00f3 que los jueces que iniciaron el sistema penal acusatorio, y los que se han incorporado con el paso del tiempo, se han ocupado de asumir con decoro los desaf\u00edos propios de su quehacer jurisdiccional, pero sin contar con herramientas de las que pudieran echar mano.<\/p>\n<p>Dijo que es por ello que le enorgullece poner a su disposici\u00f3n, y de todo el p\u00fablico, <em>Mapas mentales del sistema penal acusatorio<\/em>, como herramienta para todos los operadores jur\u00eddicos que empezaron pr\u00e1cticamente con nada su labor.<\/p>\n<p>En tanto, Ruiz Jim\u00e9nez, adscrito a la VI Sala Penal del PJCDMX, al subrayar el reto que los operadores jur\u00eddicos del sistema penal acusatorio tienen, coment\u00f3 que el libro debe verse como un auxiliar para la elevada misi\u00f3n que tienen encomendada jueces, ministerios p\u00fablicos, abogados defensores y asesores jur\u00eddicos.<\/p>\n<p>El libro es una obra editada por el PJCDMX, a trav\u00e9s de la Direcci\u00f3n General de Anales de Jurisprudencia y Bolet\u00edn Judicial, que se divide en tres partes, y en la que, mediante esquemas gr\u00e1ficos, ilustrativos, metodol\u00f3gicos y secuenciales se explican las partes y las audiencias del sistema penal acusatorio.<\/p>\n","protected":false},"excerpt":{"rendered":"<p>Al participar en la presentaci\u00f3n de la obra Mapas mentales del sistema penal acusatorio, el presidente del Poder Judicial de la Ciudad de M\u00e9xico, magistrado Rafael Guerra \u00c1lvarez, asegur\u00f3 que no hay entre las sociedades una actividad de tanta trascendencia \u00e9tica como la de que un hombre juzgue a otro.<\/p>\n","protected":false},"author":3,"featured_media":565215,"comment_status":"open","ping_status":"open","sticky":false,"template":"","format":"standard","meta":{"_monsterinsights_skip_tracking":false,"_monsterinsights_sitenote_active":false,"_monsterinsights_sitenote_note":"","_monsterinsights_sitenote_category":0,"footnotes":""},"categories":[6],"tags":[85682,87379,64714],"class_list":["post-565160","post","type-post","status-publish","format-standard","has-post-thumbnail","hentry","category-cd-de-mexico","tag-acusatorio","tag-pjcdmx","tag-sistema"],"_links":{"self":[{"href":"https:\/\/www.diarioimagen.net\/index.php?rest_route=\/wp\/v2\/posts\/565160","targetHints":{"allow":["GET"]}}],"collection":[{"href":"https:\/\/www.diarioimagen.net\/index.php?rest_route=\/wp\/v2\/posts"}],"about":[{"href":"https:\/\/www.diarioimagen.net\/index.php?rest_route=\/wp\/v2\/types\/post"}],"author":[{"embeddable":true,"href":"https:\/\/www.diarioimagen.net\/index.php?rest_route=\/wp\/v2\/users\/3"}],"replies":[{"embeddable":true,"href":"https:\/\/www.diarioimagen.net\/index.php?rest_route=%2Fwp%2Fv2%2Fcomments&post=565160"}],"version-history":[{"count":0,"href":"https:\/\/www.diarioimagen.net\/index.php?rest_route=\/wp\/v2\/posts\/565160\/revisions"}],"wp:featuredmedia":[{"embeddable":true,"href":"https:\/\/www.diarioimagen.net\/index.php?rest_route=\/wp\/v2\/media\/565215"}],"wp:attachment":[{"href":"https:\/\/www.diarioimagen.net\/index.php?rest_route=%2Fwp%2Fv2%2Fmedia&parent=565160"}],"wp:term":[{"taxonomy":"category","embeddable":true,"href":"https:\/\/www.diarioimagen.net\/index.php?rest_route=%2Fwp%2Fv2%2Fcategories&post=565160"},{"taxonomy":"post_tag","embeddable":true,"href":"https:\/\/www.diarioimagen.net\/index.php?rest_route=%2Fwp%2Fv2%2Ftags&post=565160"}],"curies":[{"name":"wp","href":"https:\/\/api.w.org\/{rel}","templated":true}]}}