{"id":565176,"date":"2022-11-09T00:03:50","date_gmt":"2022-11-09T06:03:50","guid":{"rendered":"https:\/\/www.diarioimagen.net\/?p=565176"},"modified":"2022-11-09T01:42:47","modified_gmt":"2022-11-09T07:42:47","slug":"es-momento-de-defender-al-edomex-llama-la-priista-alejandra-del-moral","status":"publish","type":"post","link":"https:\/\/www.diarioimagen.net\/?p=565176","title":{"rendered":"Es momento de defender al Edomex, llama la priista Alejandra Del Moral"},"content":{"rendered":"<p>&nbsp;<\/p>\n<ul>\n<li><em><strong>Destaca el esfuerzo y labor de mexiquenses<\/strong><\/em><\/li>\n<\/ul>\n<p>&nbsp;<\/p>\n<div id=\"attachment_565234\" style=\"width: 470px\" class=\"wp-caption aligncenter\"><img loading=\"lazy\" decoding=\"async\" aria-describedby=\"caption-attachment-565234\" class=\"size-full wp-image-565234\" src=\"https:\/\/www.diarioimagen.net\/wp-content\/uploads\/2022\/11\/momento-defender.jpg\" alt=\"\" width=\"460\" height=\"270\" \/><p id=\"caption-attachment-565234\" class=\"wp-caption-text\">Alejandra Del Moral asegur\u00f3 que hoy es momento de defender la entidad y su desarrollo, como los empleos y el dinamismo econ\u00f3mico.<\/p><\/div>\n<p>&nbsp;<\/p>\n<p><strong>Valle de M\u00e9xico.\u2014<\/strong> La Coordinadora por la Defensa del Estado de M\u00e9xico, Alejandra Del Moral, asegur\u00f3 en entrevista que hoy es momento de defender la entidad y su desarrollo, como los empleos y el dinamismo econ\u00f3mico, el avance de las mujeres y j\u00f3venes, as\u00ed como el futuro de la ni\u00f1ez.<\/p>\n<p>\u201cLleg\u00f3 la hora, compa\u00f1eras y compa\u00f1eros, este tiempo no solamente requiere a todas y todos, requiere de los que aqu\u00ed nacimos, aqu\u00ed crecimos, aqu\u00ed hemos dejado nuestra vida y hemos dedicado nuestra vida al servicio p\u00fablico. Hoy lleg\u00f3 la hora de defender lo que con tanto trabajo hemos construido, esta tierra, esta es nuestra tierra y se llama Estado de M\u00e9xico\u201d, asever\u00f3.<\/p>\n<p>Del Moral Vela destac\u00f3 el esfuerzo y la labor de la militancia priista mexiquense, la cual dijo, nunca se cansa y jam\u00e1s se achica, y que ante cada descalificaci\u00f3n genera propuestas, por lo que juntos entregar\u00e1n buenas cuentas y ganar\u00e1n el 2023.<\/p>\n<p>\u201cPero \u00a0sobre todo es una base militante que nunca, ha dado un paso para atr\u00e1s y que cuando m\u00e1s dif\u00edcil se ponen las cosas, es cuando m\u00e1s valor toma la estafeta y gana las elecciones, una base militante aprueba de todo, una base militante que ha estado dispuesta a dejar la vida por los colores de su partido\u201d, destac\u00f3. Alejandra Del Moral puntualiz\u00f3 que las prioridades del PRI son caminar los 125 municipios del territorio estatal, estar cerca de los seccionales y construir una alianza opositora, plural y propositiva, donde se unan las coincidencias y representar una agenda favorable para las familias del Estado de M\u00e9xico.<\/p>\n<p>\u201cS\u00f3lo se puede ser representante del pueblo cuando se escucha, se atiende y se entiende al pueblo\u201d, concluy\u00f3.<\/p>\n","protected":false},"excerpt":{"rendered":"<p>La Coordinadora por la Defensa del Estado de M\u00e9xico, Alejandra Del Moral, asegur\u00f3 en entrevista que hoy es momento de defender la entidad y su desarrollo, como los empleos y el dinamismo econ\u00f3mico, el avance de las mujeres y j\u00f3venes, as\u00ed como el futuro de la ni\u00f1ez.<\/p>\n","protected":false},"author":3,"featured_media":565234,"comment_status":"open","ping_status":"open","sticky":false,"template":"","format":"standard","meta":{"_monsterinsights_skip_tracking":false,"_monsterinsights_sitenote_active":false,"_monsterinsights_sitenote_note":"","_monsterinsights_sitenote_category":0,"footnotes":""},"categories":[5],"tags":[2833,58665,34],"class_list":["post-565176","post","type-post","status-publish","format-standard","has-post-thumbnail","hentry","category-estado-de-mexico","tag-alejandra-del-moral-vela","tag-defender","tag-valle-de-mexico"],"_links":{"self":[{"href":"https:\/\/www.diarioimagen.net\/index.php?rest_route=\/wp\/v2\/posts\/565176","targetHints":{"allow":["GET"]}}],"collection":[{"href":"https:\/\/www.diarioimagen.net\/index.php?rest_route=\/wp\/v2\/posts"}],"about":[{"href":"https:\/\/www.diarioimagen.net\/index.php?rest_route=\/wp\/v2\/types\/post"}],"author":[{"embeddable":true,"href":"https:\/\/www.diarioimagen.net\/index.php?rest_route=\/wp\/v2\/users\/3"}],"replies":[{"embeddable":true,"href":"https:\/\/www.diarioimagen.net\/index.php?rest_route=%2Fwp%2Fv2%2Fcomments&post=565176"}],"version-history":[{"count":0,"href":"https:\/\/www.diarioimagen.net\/index.php?rest_route=\/wp\/v2\/posts\/565176\/revisions"}],"wp:featuredmedia":[{"embeddable":true,"href":"https:\/\/www.diarioimagen.net\/index.php?rest_route=\/wp\/v2\/media\/565234"}],"wp:attachment":[{"href":"https:\/\/www.diarioimagen.net\/index.php?rest_route=%2Fwp%2Fv2%2Fmedia&parent=565176"}],"wp:term":[{"taxonomy":"category","embeddable":true,"href":"https:\/\/www.diarioimagen.net\/index.php?rest_route=%2Fwp%2Fv2%2Fcategories&post=565176"},{"taxonomy":"post_tag","embeddable":true,"href":"https:\/\/www.diarioimagen.net\/index.php?rest_route=%2Fwp%2Fv2%2Ftags&post=565176"}],"curies":[{"name":"wp","href":"https:\/\/api.w.org\/{rel}","templated":true}]}}