{"id":565254,"date":"2022-11-09T00:08:18","date_gmt":"2022-11-09T06:08:18","guid":{"rendered":"https:\/\/www.diarioimagen.net\/?p=565254"},"modified":"2023-02-02T00:18:54","modified_gmt":"2023-02-02T06:18:54","slug":"la-division-en-va-por-mexico","status":"publish","type":"post","link":"https:\/\/www.diarioimagen.net\/?p=565254","title":{"rendered":"La divisi\u00f3n en Va por M\u00e9xico"},"content":{"rendered":"<h2>Punto por punto<\/h2>\n<h5>Augusto Corro<\/h5>\n<p>&nbsp;<\/p>\n<p>La alianza Va por M\u00e9xico padece el problema del divisionismo. Dos de sus dirigentes, Marko Cort\u00e9s, del PAN; y Jes\u00fas Zambrano, del PRD, seg\u00fan trascendi\u00f3, nada quieren saber del l\u00edder priista, Alejandro \u201cAlito\u201d Moreno.<\/p>\n<p>Una vez efectuada la traici\u00f3n por parte del tricolor \u201cAlito\u201d, sus colegas ya no le responden a los insistentes llamados para retomar acuerdos.<\/p>\n<p>El propio l\u00edder priista exhort\u00f3 a Cort\u00e9s y a Zambrano dejar atr\u00e1s las diferencias y fortalecer la coalici\u00f3n.\u00a0 Ser\u00e1 muy dif\u00edcil que esto ocurra. Inclusive, ya se plante\u00f3 que los partidos de oposici\u00f3n busquen la alianza con el Revolucionario Institucional, pero alejados de \u201cAlito\u201d.<\/p>\n<p>Como se inform\u00f3 en este espacio, los problemas del dirigente tricolor se agudizaron cuando decidi\u00f3 apoyar a los diputados de Morena para aprobar que el Ej\u00e9rcito continue en las calles hasta el 2028.<\/p>\n<p>En la alianza Va por M\u00e9xico ten\u00edan acordado no apoyar a los legisladores morenistas en la C\u00e1mara de Diputados, pero el PRI no cumpli\u00f3 su compromiso.<\/p>\n<p>\u201cAlito\u201d no lo pens\u00f3 mucho y traicion\u00f3 a los aliancistas, quienes inmediatamente optaron por suspender la unidad partidista.<\/p>\n<p style=\"text-align: center;\"><strong>La reforma electoral<\/strong><\/p>\n<p>En la oposici\u00f3n se viven tiempos de intensa lucha pol\u00edtica.<\/p>\n<p>Recientemente, concluy\u00f3 el problema de la permanencia del Ej\u00e9rcito en las calles y ahora la pugna partidista es en relaci\u00f3n a la reforma electoral.<\/p>\n<p>La nueva ley contempla el cambio del INE por otro organismo, la reducci\u00f3n de diputados, salarios no tan elevados para los funcionarios y menos dinero para los partidos pol\u00edticos.<\/p>\n<p>En sus discursos, \u201cAlito\u201d manifest\u00f3 que el PRI votar\u00e1 en contra de la citada reforma electoral.<\/p>\n<p>Sin embargo, con los antecedentes negativos de la conducta de \u201cAlito\u201d, los otros l\u00edderes de la oposici\u00f3n saben que es un albur hacer convenios con el priista.<\/p>\n<p>En los c\u00edrculos pol\u00edticos tambi\u00e9n se habla de PRI-Mor, la alianza de priistas y morenista, para, en este caso, aumentar el n\u00famero de votos de legisladores en la C\u00e1mara de Diputados.<\/p>\n<p>Ser\u00e1 dif\u00edcil que en los partidos de oposici\u00f3n se acepte alguna alianza con el l\u00edder \u201cAlito\u201d, pues este demostr\u00f3 que se le da muy bien el manejo de la traici\u00f3n.<\/p>\n<p style=\"text-align: center;\"><strong>Lo que viene<\/strong><\/p>\n<p>Para el Revolucionario Institucional vienen las elecciones estatales en Coahuila y Estado de M\u00e9xico (Edomex).<\/p>\n<p>Se trata de las dos \u00faltimas entidades con gobierno priista. De perderse, en el PRI se agudizar\u00eda su situaci\u00f3n de sobrevivencia.<\/p>\n<p>Los partidos opositores tratar\u00e1n de que en las contiendas electorales mencionadas los represente un elemento de su organizaci\u00f3n pol\u00edtica.<\/p>\n<p>Sin embargo, saben que s\u00f3lo con unidad podr\u00e1n ofrecer un papel digno. As\u00ed es que no deber\u00edan participar separados.<\/p>\n<p>En el Edomex, el Revolucionario Institucional tendr\u00e1 como representante al gobierno, a Alejandra Del Moral; el PAN a Enrique Vargas del Villar; y el PRD a Omar Ortega; y de MC a Juan Zepeda Hern\u00e1ndez.<\/p>\n<p>Una verdadera fuerza competitiva se podr\u00eda integrar con la unidad de los partidos citados; pero en este sentido, tienen la palabra los dirigentes de los partidos.<\/p>\n<p style=\"text-align: center;\"><strong>La unidad, en duda<\/strong><\/p>\n<p>Tras las acciones de \u201cAlito\u201d surge la duda sobre la unidad en la alianza Va por M\u00e9xico.<\/p>\n<p>Si los dirigentes del PAN y del PRD ya no quieren reunirse con \u201cAlito\u201d, sin duda la oposici\u00f3n se presentar\u00e1 debilitada.<\/p>\n<p>Lo que ocurra en las elecciones de 2023 repercutir\u00e1 directamente en el PRI que se encuentra en la lona, como sucede con los dem\u00e1s partidos pol\u00edticos.<\/p>\n<p>Luego de los mencionados comicios estatales, se presentar\u00e1n la elecci\u00f3n presidencial. En el presente, la oposici\u00f3n se encuentra en desventaja, pues a\u00fan no tiene aspirante para las presidenciales.<\/p>\n<p>Mientras, en Morena, las \u201ccorcholatas\u201d se encuentran en plena campa\u00f1a electoral.<\/p>\n<p>La unidad, factor importante para la oposici\u00f3n, no se ve por ning\u00fan lado.<\/p>\n<p>\u00bfUsted qu\u00e9 opina amable lector?<\/p>\n<p><em><a href=\"mailto:aco2742@hotmail.com\" target=\"_blank\" rel=\"noopener noreferrer\">aco2742@hotmail.com<\/a><\/em><\/p>\n","protected":false},"excerpt":{"rendered":"<p><span style=\"color: #005497;\"><strong>Augusto Corro<\/strong><\/span><\/p>\n","protected":false},"author":3,"featured_media":0,"comment_status":"open","ping_status":"open","sticky":false,"template":"","format":"standard","meta":{"_monsterinsights_skip_tracking":false,"_monsterinsights_sitenote_active":false,"_monsterinsights_sitenote_note":"","_monsterinsights_sitenote_category":0,"footnotes":""},"categories":[157],"tags":[43686,43674,11515],"class_list":["post-565254","post","type-post","status-publish","format-standard","hentry","category-augusto-corro","tag-augusto-corro","tag-opinion","tag-punto-por-punto"],"_links":{"self":[{"href":"https:\/\/www.diarioimagen.net\/index.php?rest_route=\/wp\/v2\/posts\/565254","targetHints":{"allow":["GET"]}}],"collection":[{"href":"https:\/\/www.diarioimagen.net\/index.php?rest_route=\/wp\/v2\/posts"}],"about":[{"href":"https:\/\/www.diarioimagen.net\/index.php?rest_route=\/wp\/v2\/types\/post"}],"author":[{"embeddable":true,"href":"https:\/\/www.diarioimagen.net\/index.php?rest_route=\/wp\/v2\/users\/3"}],"replies":[{"embeddable":true,"href":"https:\/\/www.diarioimagen.net\/index.php?rest_route=%2Fwp%2Fv2%2Fcomments&post=565254"}],"version-history":[{"count":0,"href":"https:\/\/www.diarioimagen.net\/index.php?rest_route=\/wp\/v2\/posts\/565254\/revisions"}],"wp:attachment":[{"href":"https:\/\/www.diarioimagen.net\/index.php?rest_route=%2Fwp%2Fv2%2Fmedia&parent=565254"}],"wp:term":[{"taxonomy":"category","embeddable":true,"href":"https:\/\/www.diarioimagen.net\/index.php?rest_route=%2Fwp%2Fv2%2Fcategories&post=565254"},{"taxonomy":"post_tag","embeddable":true,"href":"https:\/\/www.diarioimagen.net\/index.php?rest_route=%2Fwp%2Fv2%2Ftags&post=565254"}],"curies":[{"name":"wp","href":"https:\/\/api.w.org\/{rel}","templated":true}]}}