{"id":565256,"date":"2022-11-09T00:03:20","date_gmt":"2022-11-09T06:03:20","guid":{"rendered":"https:\/\/www.diarioimagen.net\/?p=565256"},"modified":"2022-11-09T02:46:26","modified_gmt":"2022-11-09T08:46:26","slug":"amlo-ahorca-al-ine","status":"publish","type":"post","link":"https:\/\/www.diarioimagen.net\/?p=565256","title":{"rendered":"AMLO ahorca al INE"},"content":{"rendered":"<h2>Espacio Electoral<\/h2>\n<h5>Eleazar Flores<\/h5>\n<p>&nbsp;<\/p>\n<p><strong>MENOS PRESUPUESTO-.<\/strong> En el nombre lleva la penitencia este ESPACIO ELECTORAL, por lo que es obligado ampliar acerca del tema del momento y blanco favorito del ministro ma\u00f1anero, secundado por sus ac\u00f3litos de entre quienes destaca la favorita del destapador.<\/p>\n<p>Al padre de la Cuarta Transformaci\u00f3n le faltaron adjetivos para insultar por adelantado -\u00a1que manera de impulsar la democracia!- ,a promotores y futuros participantes de la marcha del pr\u00f3ximo domingo 13, en apoyo al Instituto Nacional Electoral, INE, en la capital del pa\u00eds y al parecer se har\u00e1n eventos semejantes en algunas otras ciudades del pa\u00eds.<\/p>\n<p>\u201cHip\u00f3critas, racistas, clasistas\u201d, fueron otros adjetivos que lanz\u00f3 el tabasque\u00f1o en contra de los organizadores del evento, sin olvidar citar a otro personaje favorito de sus improperios, Claudio X. Gonz\u00e1lez, de quien dijo ser un \u201cFidel Vel\u00e1zquez empresarial\u201d. Olvida o desconoce el mandatario -lo que no ser\u00eda novedad-, que Vel\u00e1zquez S\u00e1nchez fue un exitoso empresario agropecuario en su natal Villa Nicol\u00e1s Romero.<\/p>\n<p>Cero en conducta como jefe de Estado, pero diez como comandante de Movimiento de Regeneraci\u00f3n Nacional, pues ataca de frente y en forma insistente a quienes piensan diferente a \u00e9l o a su movimiento, de ah\u00ed el rosario de adjetivos contra quienes seguramente participar\u00e1n en la marcha de apoyo el pr\u00f3ximo domingo, as\u00ed haya invitado a sus huestes a no salir de sus casas.<\/p>\n<p>Eso s\u00ed, inform\u00f3 de su cumplea\u00f1os ese d\u00eda, casi de fiesta nacional, sobre todo en su \u201cmodesto\u201d rancho,\u00a0 cuyo nombre omito no vayan a malinterpretar sus apologistas.<\/p>\n<p><strong>AHORCA AL INE-.<\/strong> En n\u00fameros cerrados, al Instituto Nacional Electoral le \u201cmochar\u00e1n\u201d de entrada -\u00bfd\u00f3nde he o\u00eddo esta palabra?-, 4 mil 475 millones de pesos del presupuesto que solicit\u00f3 para su ejercicio 2023, dejando la cifra en poco m\u00e1s de 20 mil millones de pesos.<\/p>\n<p>Los obedientes diputados del comando guinda han tomado nota de la disminuci\u00f3n presupuestal cuya indicaci\u00f3n \u201ctotalmente Palacio\u201d\u2026 Nacional, ser\u00e1 aprobada antes que ya, y para variar, sin modificar una sola coma y mucho menos agregarle un solo peso m\u00e1s de la indicaci\u00f3n superior.<\/p>\n<p>Con o sin reforma electoral de por medio, el debilitamiento al INE ha iniciado y se resentir\u00e1 de enero en adelante, cuando el \u00e1rbitro electoral dispondr\u00e1 de menores recursos para todo tipo de actividades, de entre ellas las elecciones para gobernador en las dos \u00fanicas entidades que todav\u00eda son gobernadas por el PRI, Coahuila y Estado de M\u00e9xico.<\/p>\n<p>Como ver\u00e1, las coincidencias que en pol\u00edtica no existen, son muchas y coincidentemente encaminadas a mermar presencia y eficiencia del \u00e1rbitro electoral, que todas las ma\u00f1anas es blanco preferido de los sermones ma\u00f1aneros, y durante el d\u00eda, lo ac\u00f3litos guindas contin\u00faan en los medios.<\/p>\n<p><em><a href=\"mailto:elefa44@gmail.com\" target=\"_blank\" rel=\"noopener noreferrer\">elefa44@gmail.com<\/a><\/em><\/p>\n","protected":false},"excerpt":{"rendered":"<p><span style=\"color: #005497;\"><strong>Eleazar Flores<\/strong><\/span><\/p>\n","protected":false},"author":3,"featured_media":0,"comment_status":"open","ping_status":"open","sticky":false,"template":"","format":"standard","meta":{"_monsterinsights_skip_tracking":false,"_monsterinsights_sitenote_active":false,"_monsterinsights_sitenote_note":"","_monsterinsights_sitenote_category":0,"footnotes":""},"categories":[81743],"tags":[81744,81776,43674],"class_list":["post-565256","post","type-post","status-publish","format-standard","hentry","category-eleazar-flores","tag-eleazar-flores","tag-espacio-electoral","tag-opinion"],"_links":{"self":[{"href":"https:\/\/www.diarioimagen.net\/index.php?rest_route=\/wp\/v2\/posts\/565256","targetHints":{"allow":["GET"]}}],"collection":[{"href":"https:\/\/www.diarioimagen.net\/index.php?rest_route=\/wp\/v2\/posts"}],"about":[{"href":"https:\/\/www.diarioimagen.net\/index.php?rest_route=\/wp\/v2\/types\/post"}],"author":[{"embeddable":true,"href":"https:\/\/www.diarioimagen.net\/index.php?rest_route=\/wp\/v2\/users\/3"}],"replies":[{"embeddable":true,"href":"https:\/\/www.diarioimagen.net\/index.php?rest_route=%2Fwp%2Fv2%2Fcomments&post=565256"}],"version-history":[{"count":0,"href":"https:\/\/www.diarioimagen.net\/index.php?rest_route=\/wp\/v2\/posts\/565256\/revisions"}],"wp:attachment":[{"href":"https:\/\/www.diarioimagen.net\/index.php?rest_route=%2Fwp%2Fv2%2Fmedia&parent=565256"}],"wp:term":[{"taxonomy":"category","embeddable":true,"href":"https:\/\/www.diarioimagen.net\/index.php?rest_route=%2Fwp%2Fv2%2Fcategories&post=565256"},{"taxonomy":"post_tag","embeddable":true,"href":"https:\/\/www.diarioimagen.net\/index.php?rest_route=%2Fwp%2Fv2%2Ftags&post=565256"}],"curies":[{"name":"wp","href":"https:\/\/api.w.org\/{rel}","templated":true}]}}