{"id":565266,"date":"2022-11-09T00:12:00","date_gmt":"2022-11-09T06:12:00","guid":{"rendered":"https:\/\/www.diarioimagen.net\/?p=565266"},"modified":"2022-11-09T02:42:09","modified_gmt":"2022-11-09T08:42:09","slug":"sin-mover-comas-y-en-fast-track-morena-y-aliados-aprueban-presupuesto-de-amlo","status":"publish","type":"post","link":"https:\/\/www.diarioimagen.net\/?p=565266","title":{"rendered":"Sin mover comas y en fast-track, Morena y aliados aprueban presupuesto de AMLO"},"content":{"rendered":"<h2>Tras la puerta del poder<\/h2>\n<h5>Roberto Vizca\u00edno<\/h5>\n<p>&nbsp;<\/p>\n<p>Sin cambios y sin atender reclamos opositores o de la sociedad, Morena y socios aprobaron la tarde de ayer por 273 votos a favor, y 222 en contra, rapidito, en lo general, un Presupuesto de Egresos para 2023 por 8.3 billones de pesos, es decir con un incremento de 11.6 por ciento respecto del de 2022.<\/p>\n<p>Una vez tramitado, conforme estaba previsto, los diputados de uno y otro bando se aprestaron a escuchar poco m\u00e1s de 2 mil intervenciones en tribuna para discutir las propuestas que presentar\u00e1n los opositores para cambios en lo particular.<\/p>\n<p>Nadie en San L\u00e1zaro cree que Morena y aliados vayan a aceptar ning\u00fan cambio. Los pronunciamientos en lo particular podr\u00edan llevarse a cabo intervenciones en tribuna durante los siguientes 3 d\u00edas.<\/p>\n<p style=\"text-align: center;\"><strong>Monreal se ampara contra Layda<\/strong><\/p>\n<p>En busca de impedirle hacer p\u00fablicos otros audios o videos en su contra, el senador <strong>Ricardo Monreal<\/strong> logr\u00f3 ayer un amparo en contra de otras filtraciones que pudiera presentar la gobernadora morenista de Campeche, <strong>Layda Sansores<\/strong>.<\/p>\n<p>El amparo fue admitido por un juez de distrito el lunes 7 de noviembre y por ello le queda prohibido a la gobernadora realizar cualquier publicaci\u00f3n ilegal que tenga que ver con el presidente de la Junta de Coordinaci\u00f3n Pol\u00edtica del Senado.<\/p>\n<p>Esta acci\u00f3n est\u00e1 sustentada en un acuerdo con tesis de jurisprudencia emitido por la Suprema Corte de Justicia y procede para que no s\u00f3lo la gobernadora de Campeche, sino cualquier otra autoridad puedan hacer p\u00fablico cualquier audio o video contra el zacatecano.<\/p>\n<p>De acuerdo al amparo, <strong>Layda Sansores<\/strong> deber\u00e1 de eliminar de internet, y de las redes sociales, las publicaciones que realiz\u00f3 en su programa de TV estatal.<\/p>\n<p>Este amparo no modifica ni suspende la investigaci\u00f3n que realiza la Fiscal\u00eda General de la Rep\u00fablica con base en la denuncia presentada por <strong>Monreal<\/strong> contra la gobernadora. La Fiscal\u00eda da curso a varias denuncias penales por varios delitos, entre ellos, intervenci\u00f3n y difusi\u00f3n de conversaciones privadas, y peculado.<\/p>\n<p><strong>Monreal <\/strong>insiste en que lo presentado por <strong>Layda<\/strong> corresponde a burdas e ilegales maniobras de ataques sistem\u00e1ticos, con motivaciones pol\u00edticas, emprendidas por la morenista en su contra.<\/p>\n<p>La carpeta de investigaci\u00f3n se est\u00e1 integrando y se procede a su desahogo en t\u00e9rminos de ley.<\/p>\n<p>Los mensajes materia de la denuncia fueron publicados el 23 de octubre y el 1 de noviembre de 2022 en diversas redes sociales, as\u00ed como el 25 de octubre de 2022 en el programa \u201cMartes del jaguar\u201d.<\/p>\n<p style=\"text-align: center;\"><strong>Reforma inoportuna: Ram\u00edrez Mar\u00edn<\/strong><\/p>\n<p>Ni oportuno ni procedente es la iniciativa de reforma electoral del presidente <strong>Andr\u00e9s Manuel L\u00f3pez Obrador<\/strong>, afirm\u00f3 ayer el senador priista yucateco <strong>Jorge Carlos Ram\u00edrez Mar\u00edn.<\/strong><\/p>\n<p>En estos momentos, a estas alturas, hacer modificaciones a la ley electoral, asegur\u00f3 el legislador, sin duda modificar\u00e1 el sistema en que se realizar\u00e1n las elecciones presidenciales de 2024.<\/p>\n<p>\u201cPrecisamente porque sabemos sus debilidades y c\u00f3mo combatirlas, debe ser este sistema el que prevalezca hasta 2024 y entonces que el voto ciudadano decida por qu\u00e9 rumbo deben tomar el pa\u00eds\u201d.<\/p>\n<p>Sobre la marcha del fin de semana, convocada por quienes as\u00ed piensan, dijo que es comprensible el deseo de los ciudadanos de salir a manifestarse, porque ellos ven y perciben en esta iniciativa presidencial la amenaza de un cambio que no tiene c\u00f3mo garantizar que ser\u00e1 para bien.<\/p>\n<p>En lugar de eso, afirman se abre una gran ventana a retroceder en luchas que ya se ganaron como por ejemplo la independencia total del \u00f3rgano electoral y el gobierno.<\/p>\n<p><strong>Ram\u00edrez Mar\u00edn<\/strong> no descart\u00f3 que haya actores pol\u00edticos que traten de aprovecharse, partidos que traten de ganar autoridad, pero no por eso debemos descartar a los ciudadanos que de buena fe van a manifestar su sentir.<\/p>\n<p>\u201cOjal\u00e1 los partidos no traten de convertirse en actores y desacrediten lo que es un reclamo ciudadano\u201d, se\u00f1al\u00f3.<\/p>\n<p style=\"text-align: center;\"><strong>Cambios directivos<\/strong><\/p>\n<p>La Asociaci\u00f3n Mexicana de Empresas de Seguridad Privada ser\u00e1 presidida por <strong>Gabriel Bernal G\u00f3mez<\/strong>, quien sustituye en el cargo al capit\u00e1n <strong>Salvador L\u00f3pez Contreras <\/strong>para el bienio 2022-2024.<\/p>\n<p>El nuevo dirigente tomar\u00e1 posesi\u00f3n el pr\u00f3ximo 6 de diciembre.<\/p>\n<p><strong>Bernal G\u00f3mez<\/strong>, empresario originario de Mazatl\u00e1n, cuenta con m\u00e1s de 25 a\u00f1os de experiencia en la seguridad donde ha sido vicepresidente de la AMESP y tesorero de Agrupaciones de Seguridad Unidas por M\u00e9xico.<\/p>\n<p>Durante 2018, fue presidente de ASIS Internacional Cap\u00edtulo M\u00e9xico y es miembro activo de ASIS International, de la Confederaci\u00f3n Patronal de la Rep\u00fablica Mexicana (Coparmex), y de la Asociaci\u00f3n Nacional de Empresas de Rastreo y Protecci\u00f3n Vehicular (ANERPV).<\/p>\n<p>El presidente electo de la AMESP es egresado de la licenciatura en Administraci\u00f3n de Empresas por la Universidad Aut\u00f3noma de Guadalajara, tiene un diplomado en Direcci\u00f3n de Seguridad de Empresas por el ICADE Business School de la Universidad Pontificia Comillas Madrid. Es graduado del Instituto Panamericano de Alta Direcci\u00f3n de Empresas (IPADE) en los Programas de Alta Direcci\u00f3n de Empresas, Alta Direcci\u00f3n con Innovaci\u00f3n y Tecnolog\u00eda, y Consejeros en Acci\u00f3n.<\/p>\n<p><em><a href=\"mailto:rvizcainoa@gmail.com\" target=\"_blank\" rel=\"noopener noreferrer\">vizcainoa@gmail.com<\/a><a href=\"mailto:rvizcainoa@gmail.com\" target=\"_blank\" rel=\"noopener noreferrer\"><br \/>\n<\/a><a href=\"http:\/\/endirecto.mx\" target=\"_blank\" rel=\"noopener noreferrer\">www.endirecto.mx<\/a><a href=\"mailto:rvizcainoa@gmail.com\" target=\"_blank\" rel=\"noopener noreferrer\"><br \/>\n<\/a><a href=\"https:\/\/twitter.com\/_rvizcaino\" target=\"_blank\" rel=\"noopener noreferrer\">@_RVizcaino<\/a><a href=\"mailto:rvizcainoa@gmail.com\" target=\"_blank\" rel=\"noopener noreferrer\"><br \/>\n<\/a><a href=\"https:\/\/www.facebook.com\/rvizcainoa\" target=\"_blank\" rel=\"noopener noreferrer\">facebook.com\/rvizcainoa<\/a><\/em><\/p>\n","protected":false},"excerpt":{"rendered":"<p><span style=\"color: #005497;\"><strong>Roberto Vizca\u00edno<\/strong><\/span><\/p>\n","protected":false},"author":3,"featured_media":0,"comment_status":"open","ping_status":"open","sticky":false,"template":"","format":"standard","meta":{"_monsterinsights_skip_tracking":false,"_monsterinsights_sitenote_active":false,"_monsterinsights_sitenote_note":"","_monsterinsights_sitenote_category":0,"footnotes":""},"categories":[136],"tags":[43674,93,94],"class_list":["post-565266","post","type-post","status-publish","format-standard","hentry","category-roberto-vizcaino-opinion","tag-opinion","tag-roberto-vizcaino","tag-tras-la-puerta-del-poder"],"_links":{"self":[{"href":"https:\/\/www.diarioimagen.net\/index.php?rest_route=\/wp\/v2\/posts\/565266","targetHints":{"allow":["GET"]}}],"collection":[{"href":"https:\/\/www.diarioimagen.net\/index.php?rest_route=\/wp\/v2\/posts"}],"about":[{"href":"https:\/\/www.diarioimagen.net\/index.php?rest_route=\/wp\/v2\/types\/post"}],"author":[{"embeddable":true,"href":"https:\/\/www.diarioimagen.net\/index.php?rest_route=\/wp\/v2\/users\/3"}],"replies":[{"embeddable":true,"href":"https:\/\/www.diarioimagen.net\/index.php?rest_route=%2Fwp%2Fv2%2Fcomments&post=565266"}],"version-history":[{"count":0,"href":"https:\/\/www.diarioimagen.net\/index.php?rest_route=\/wp\/v2\/posts\/565266\/revisions"}],"wp:attachment":[{"href":"https:\/\/www.diarioimagen.net\/index.php?rest_route=%2Fwp%2Fv2%2Fmedia&parent=565266"}],"wp:term":[{"taxonomy":"category","embeddable":true,"href":"https:\/\/www.diarioimagen.net\/index.php?rest_route=%2Fwp%2Fv2%2Fcategories&post=565266"},{"taxonomy":"post_tag","embeddable":true,"href":"https:\/\/www.diarioimagen.net\/index.php?rest_route=%2Fwp%2Fv2%2Ftags&post=565266"}],"curies":[{"name":"wp","href":"https:\/\/api.w.org\/{rel}","templated":true}]}}