{"id":565267,"date":"2022-11-09T00:05:52","date_gmt":"2022-11-09T06:05:52","guid":{"rendered":"https:\/\/www.diarioimagen.net\/?p=565267"},"modified":"2022-11-09T02:40:46","modified_gmt":"2022-11-09T08:40:46","slug":"elecciones-intermedias","status":"publish","type":"post","link":"https:\/\/www.diarioimagen.net\/?p=565267","title":{"rendered":"Elecciones intermedias"},"content":{"rendered":"<h2>Aunque pese<\/h2>\n<h5>Salvador Mart\u00ednez Garc\u00eda<\/h5>\n<p>&nbsp;<\/p>\n<p>Se decide en las urnas el futuro de la democracia estadounidense, en una disputa comicial sin precedente con real pugna entre los partidos Dem\u00f3crata en el gobierno, y el Republicano, impulsado por el ex presidente Donald Trump.<\/p>\n<p>Las posiciones pol\u00edticas de uno y otro partido estar\u00e1n sometidas al manejo medi\u00e1tico y de mercadotecnia, pero a\u00fan m\u00e1s por el capital que los s\u00faper ricos destinan a las elecciones legislativas federales.<\/p>\n<p>Se estima que el costo electoral en este a\u00f1o ser\u00e1 superior a los siete mil 500 millones de d\u00f3lares, de los cuales el 40 por ciento ser\u00e1 aportado por los multimillonarios del vecino del norte, de acuerdo con sus intereses empresariales y financieros.<\/p>\n<p>Informaciones sostienen que capitalistas con fortunas mayores a los mil millones de d\u00f3lares aportar\u00e1n el 15 por ciento de las campa\u00f1as, mientras que el 38 por ciento ser\u00e1 aportado por el uno por ciento m\u00e1s rico del pa\u00eds, de acuerdo con Open Secret, organizaci\u00f3n independiente especializada en el tema electoral.<\/p>\n<p>Si se combinan las contiendas locales y estatales los gastos pudieran ser superiores a los 16 mil 700 millones de d\u00f3lares.<\/p>\n<p>Se estima que de los 25 ricos de generosidad electoral, 18 son republicanos, lo que se refleja en las encuestas que dan al partido de Trump un triunfo en la C\u00e1mara de Representantes y quiz\u00e1 en el Senado.<\/p>\n<p>Todo esto demuestra que la principal influencia en los procesos electorales no est\u00e1 en la inflaci\u00f3n, en la recuperaci\u00f3n econ\u00f3mica tras pandemia, ni en la presunta polarizaci\u00f3n entre dem\u00f3cratas y republicanos, sino en los intereses particulares de los s\u00faper ricos, en una naci\u00f3n en la que el dinero lo rige todo.<\/p>\n<p style=\"text-align: center;\"><strong>SUSURROS<\/strong><\/p>\n<p>El debate en torno al INE ha perdido su verdadera esencia, pues no se trata de que se toque o no se toque a la actual estructura del Instituto Nacional Electoral, sino de c\u00f3mo mejorar nuestro sistema democr\u00e1tico electoral.<\/p>\n<p>Desde hace a\u00f1os se ha advertido el excesivo costo que tienen los comicios en M\u00e9xico, de la innecesaria existencia de diputados plurinominales o del exceso de senadores en la C\u00e1mara alta, as\u00ed como de la viciada elecci\u00f3n de los 11 jefes del INE por cuotas partidistas<\/p>\n<p>Por eso no extra\u00f1a que las encuestan revelen que los ciudadanos quieren modificar la estructura del INE para hacerla menos onerosa y m\u00e1s eficaz para garantizar la voluntad del pueblo expresada en las urnas. Ese es el punto.<\/p>\n<p><a href=\"mailto:salvadormartinez@visionmx.com\" target=\"_blank\" rel=\"noopener\"><em>salvadormartinez@visionmx.com<\/em><\/a><br \/>\n<em>Twitter: <a href=\"https:\/\/twitter.com\/salvador_mtz\" target=\"_blank\" rel=\"noopener\">@salvador_mtz<\/a><\/em><\/p>\n","protected":false},"excerpt":{"rendered":"<p><span style=\"color: #005497;\"><strong>Salvador Mart\u00ednez Garc\u00eda<\/strong><\/span><\/p>\n","protected":false},"author":3,"featured_media":0,"comment_status":"open","ping_status":"open","sticky":false,"template":"","format":"standard","meta":{"_monsterinsights_skip_tracking":false,"_monsterinsights_sitenote_active":false,"_monsterinsights_sitenote_note":"","_monsterinsights_sitenote_category":0,"footnotes":""},"categories":[96743],"tags":[96744,43674,96745],"class_list":["post-565267","post","type-post","status-publish","format-standard","hentry","category-salvador-martinez-garcia","tag-aunque-pese","tag-opinion","tag-salvador-martinez-garcia"],"_links":{"self":[{"href":"https:\/\/www.diarioimagen.net\/index.php?rest_route=\/wp\/v2\/posts\/565267","targetHints":{"allow":["GET"]}}],"collection":[{"href":"https:\/\/www.diarioimagen.net\/index.php?rest_route=\/wp\/v2\/posts"}],"about":[{"href":"https:\/\/www.diarioimagen.net\/index.php?rest_route=\/wp\/v2\/types\/post"}],"author":[{"embeddable":true,"href":"https:\/\/www.diarioimagen.net\/index.php?rest_route=\/wp\/v2\/users\/3"}],"replies":[{"embeddable":true,"href":"https:\/\/www.diarioimagen.net\/index.php?rest_route=%2Fwp%2Fv2%2Fcomments&post=565267"}],"version-history":[{"count":0,"href":"https:\/\/www.diarioimagen.net\/index.php?rest_route=\/wp\/v2\/posts\/565267\/revisions"}],"wp:attachment":[{"href":"https:\/\/www.diarioimagen.net\/index.php?rest_route=%2Fwp%2Fv2%2Fmedia&parent=565267"}],"wp:term":[{"taxonomy":"category","embeddable":true,"href":"https:\/\/www.diarioimagen.net\/index.php?rest_route=%2Fwp%2Fv2%2Fcategories&post=565267"},{"taxonomy":"post_tag","embeddable":true,"href":"https:\/\/www.diarioimagen.net\/index.php?rest_route=%2Fwp%2Fv2%2Ftags&post=565267"}],"curies":[{"name":"wp","href":"https:\/\/api.w.org\/{rel}","templated":true}]}}