{"id":565282,"date":"2022-11-10T00:05:31","date_gmt":"2022-11-10T06:05:31","guid":{"rendered":"https:\/\/www.diarioimagen.net\/?p=565282"},"modified":"2022-11-11T00:39:59","modified_gmt":"2022-11-11T06:39:59","slug":"afianza-uaemex-colaboracion-para-generar-innovacion-en-el-campo-de-la-optica-y-la-fotonica","status":"publish","type":"post","link":"https:\/\/www.diarioimagen.net\/?p=565282","title":{"rendered":"Afianza UAEM\u00e9x colaboraci\u00f3n para generar innovaci\u00f3n en el campo de la \u00f3ptica y la fot\u00f3nica"},"content":{"rendered":"<p>&nbsp;<\/p>\n<div id=\"attachment_565357\" style=\"width: 470px\" class=\"wp-caption aligncenter\"><img loading=\"lazy\" decoding=\"async\" aria-describedby=\"caption-attachment-565357\" class=\"size-full wp-image-565357\" src=\"https:\/\/www.diarioimagen.net\/wp-content\/uploads\/2022\/11\/uaem-colaboracion.jpg\" alt=\"\" width=\"460\" height=\"270\" \/><p id=\"caption-attachment-565357\" class=\"wp-caption-text\">La Universidad Aut\u00f3noma del Estado de M\u00e9xico, la Secretar\u00eda de Desarrollo Econ\u00f3mico y el Cl\u00faster Mexicano de Fot\u00f3nica firmaron un convenio de colaboraci\u00f3n.<\/p><\/div>\n<p>&nbsp;<\/p>\n<p><strong>Toluca, Estado de M\u00e9xico.\u2014 <\/strong>Con el objetivo de formar profesionistas y generar empleos que permitan perfeccionar el crecimiento y desarrollo de la \u00f3ptica y la fot\u00f3nica en el Estado de M\u00e9xico, la Universidad Aut\u00f3noma del Estado de M\u00e9xico (UAEM\u00e9x), la Secretar\u00eda de Desarrollo Econ\u00f3mico y el Cl\u00faster Mexicano de Fot\u00f3nica firmaron un convenio de colaboraci\u00f3n.<\/p>\n<p>En representaci\u00f3n del rector de la M\u00e1xima Casa de Estudios mexiquense, Carlos Eduardo Barrera D\u00edaz, el secretario de Extensi\u00f3n y Vinculaci\u00f3n, Francisco Zepeda Mondrag\u00f3n, destac\u00f3 que ante el avance de las nuevas tecnolog\u00edas y la vinculaci\u00f3n con las industrias la UAEM\u00e9x tiene el compromiso de formar profesionistas que se adapten a las necesidades actuales de las econom\u00edas locales, estatales, nacionales e internacionales.<\/p>\n<p>Abund\u00f3 que este convenio de colaboraci\u00f3n favorecer\u00e1 a 12 mil alumnos y alumnas de las licenciaturas que se ofertan en la Facultad de Ingenier\u00eda, Ciencias, Econom\u00eda y Contadur\u00eda y Administraci\u00f3n, a trav\u00e9s de la realizaci\u00f3n de su servicio social, pr\u00e1cticas profesionales y en la implementaci\u00f3n de programas de especializaci\u00f3n.<\/p>\n<p>Por su parte, el presidente del Cl\u00faster Mexicano de Fot\u00f3nica, Eric Rosas Solis, explic\u00f3 que este convenio va a permitir dotar a las juventudes mexiquenses de las herramientas necesarias para su incorporaci\u00f3n al desarrollo cient\u00edfico y tecnol\u00f3gico en el campo de la \u00f3ptica y la fot\u00f3nica para que las industrias encuentren en el Estado de M\u00e9xico el talento especializado para su desarrollo.<\/p>\n<p>En este mismo sentido, el secretario de Desarrollo Econ\u00f3mico del Estado de M\u00e9xico, Pablo Peralta Garc\u00eda, coincidi\u00f3 que mediante este mecanismo se busca generar fuentes de empleo para el Estado de M\u00e9xico y, por ello, la relaci\u00f3n entre la UAEM\u00e9x y la Secretar\u00eda de Desarrollo Econ\u00f3mico es fundamental para ubicar al estudiantado y a los egresados en las \u00e1reas que necesitan una mayor especializaci\u00f3n dentro de la industria mexiquense.<\/p>\n<p>Durante su intervenci\u00f3n, el coordinador de Asuntos Internacionales del Estado de M\u00e9xico, Jos\u00e9 Pablo Montemayor Camacho, se\u00f1al\u00f3 que este instrumento permitir\u00e1 desarrollar el talento de las y los j\u00f3venes universitarios para desarrollarse en los temas de la fot\u00f3nica y la \u00f3ptica.<\/p>\n<p>Al acto acudieron invitados especiales como la subcoordinadora de Enlace y Promoci\u00f3n Internacional del Estado de M\u00e9xico, Romina Aguilar Hern\u00e1ndez; la directora de Desarrollo Tecnol\u00f3gico de Vinculaci\u00f3n del Consejo Mexiquense de Ciencia y Tecnolog\u00eda (COMECyT), Marcela Iracheta Velasco, y la encargada de la oficina de la Secretar\u00eda de Desarrollo Social, Paola Gonz\u00e1lez Mendoza.<\/p>\n","protected":false},"excerpt":{"rendered":"<p>Con el objetivo de formar profesionistas y generar empleos que permitan perfeccionar el crecimiento y desarrollo de la \u00f3ptica y la fot\u00f3nica en el Estado de M\u00e9xico, la Universidad Aut\u00f3noma del Estado de M\u00e9xico (UAEM\u00e9x), la Secretar\u00eda de Desarrollo Econ\u00f3mico y el Cl\u00faster Mexicano de Fot\u00f3nica firmaron un convenio de colaboraci\u00f3n.<\/p>\n","protected":false},"author":3,"featured_media":565357,"comment_status":"open","ping_status":"open","sticky":false,"template":"","format":"standard","meta":{"_monsterinsights_skip_tracking":false,"_monsterinsights_sitenote_active":false,"_monsterinsights_sitenote_note":"","_monsterinsights_sitenote_category":0,"footnotes":""},"categories":[5],"tags":[43675,67525,452,1490],"class_list":["post-565282","post","type-post","status-publish","format-standard","has-post-thumbnail","hentry","category-estado-de-mexico","tag-estado-de-mexico","tag-secretaria-de-desarrollo-economico","tag-toluca","tag-universidad-autonoma-del-estado-de-mexico"],"_links":{"self":[{"href":"https:\/\/www.diarioimagen.net\/index.php?rest_route=\/wp\/v2\/posts\/565282","targetHints":{"allow":["GET"]}}],"collection":[{"href":"https:\/\/www.diarioimagen.net\/index.php?rest_route=\/wp\/v2\/posts"}],"about":[{"href":"https:\/\/www.diarioimagen.net\/index.php?rest_route=\/wp\/v2\/types\/post"}],"author":[{"embeddable":true,"href":"https:\/\/www.diarioimagen.net\/index.php?rest_route=\/wp\/v2\/users\/3"}],"replies":[{"embeddable":true,"href":"https:\/\/www.diarioimagen.net\/index.php?rest_route=%2Fwp%2Fv2%2Fcomments&post=565282"}],"version-history":[{"count":0,"href":"https:\/\/www.diarioimagen.net\/index.php?rest_route=\/wp\/v2\/posts\/565282\/revisions"}],"wp:featuredmedia":[{"embeddable":true,"href":"https:\/\/www.diarioimagen.net\/index.php?rest_route=\/wp\/v2\/media\/565357"}],"wp:attachment":[{"href":"https:\/\/www.diarioimagen.net\/index.php?rest_route=%2Fwp%2Fv2%2Fmedia&parent=565282"}],"wp:term":[{"taxonomy":"category","embeddable":true,"href":"https:\/\/www.diarioimagen.net\/index.php?rest_route=%2Fwp%2Fv2%2Fcategories&post=565282"},{"taxonomy":"post_tag","embeddable":true,"href":"https:\/\/www.diarioimagen.net\/index.php?rest_route=%2Fwp%2Fv2%2Ftags&post=565282"}],"curies":[{"name":"wp","href":"https:\/\/api.w.org\/{rel}","templated":true}]}}