{"id":565291,"date":"2022-11-10T00:01:21","date_gmt":"2022-11-10T06:01:21","guid":{"rendered":"https:\/\/www.diarioimagen.net\/?p=565291"},"modified":"2022-11-10T00:59:41","modified_gmt":"2022-11-10T06:59:41","slug":"asfixia-por-sumersion-causa-de-muerte-de-nino-en-el-colegio-williams","status":"publish","type":"post","link":"https:\/\/www.diarioimagen.net\/?p=565291","title":{"rendered":"Asfixia por sumersi\u00f3n, causa de muerte de ni\u00f1o, en el Colegio Williams"},"content":{"rendered":"<p>&nbsp;<\/p>\n<h3 style=\"text-align: center;\">Padres claman justicia<\/h3>\n<p>&nbsp;<\/p>\n<ul>\n<li><strong><em>Acusan negligencia de docentes, pues de 8 que estaban a cargo del grupo, ninguno actu\u00f3<\/em><\/strong><\/li>\n<\/ul>\n<p>&nbsp;<\/p>\n<div id=\"attachment_565361\" style=\"width: 470px\" class=\"wp-caption aligncenter\"><img loading=\"lazy\" decoding=\"async\" aria-describedby=\"caption-attachment-565361\" class=\"size-full wp-image-565361\" src=\"https:\/\/www.diarioimagen.net\/wp-content\/uploads\/2022\/11\/COLEGIO-WILLIAMS.jpg\" alt=\"\" width=\"460\" height=\"270\" \/><p id=\"caption-attachment-565361\" class=\"wp-caption-text\">La causa de la muerte del peque\u00f1o Abner, alumno del Colegio William fue asfixia por sumersi\u00f3n, seg\u00fan la necropsia, por lo que sus padres levantaron una denuncia penal y exigieron justicia.<\/p><\/div>\n<p>&nbsp;<\/p>\n<p>Los padres de Abner, el peque\u00f1os de 6 a\u00f1os que falleci\u00f3 a causa de asfixia por sumersi\u00f3n en su clase de nataci\u00f3n en el Colegio Williams, acusan negligencia por parte de los docentes, pues de los ocho que deb\u00edan estar al pendiente de su grupo, ninguno actu\u00f3 a tiempo para ayudar al menor que presuntamente se desvaneci\u00f3 cuando practicaba nataci\u00f3n.<\/p>\n<p>Luego del incidente, el menor fue trasladado por una ambulancia del Erum al Hospital Materno Infantil de Magdalena Contreras, donde personal m\u00e9dico intent\u00f3 reanimarlo, pero desafortunadamente ya no contaba con signos vitales.<\/p>\n<p>Ante la indolencia de la instituci\u00f3n por lo acontecido, familiares del peque\u00f1o acudieron al Campus Mixcoac del Colegio Williams para exigir que el director del plantel diera la cara y as\u00ed obtener una explicaci\u00f3n, pues desde el momento que se notific\u00f3 a los padres del incidente, las autoridades escolares fueron herm\u00e9ticas sobre el tema.<\/p>\n<p>\u201cMi hijo lleg\u00f3 a las 7:30 horas como siempre, no quer\u00eda ir a nadar, entr\u00f3, nos despedimos y nos hablaron a las 9:30 horas de la escuela, que mi hijo hab\u00eda tenido un percance en la alberca, no nos dijeron qu\u00e9 hab\u00eda sucedido\u201d, narr\u00f3 el padre de Abner en un video que se difundi\u00f3 horas despu\u00e9s de su muerte, el pasado 7 de noviembre.<\/p>\n<p>Juan Leonardo y Marlene Selene, padres de la v\u00edctima, levantaron una denuncia en contra del colegio por el delito de homicidio culposo, caso que fue atendido por la jefa de Gobierno, Claudia Sheinbaum, quien manifest\u00f3 su apoyo a la familia, toda vez que orden\u00f3 a la Fiscal\u00eda General de Justicia de Ciudad de M\u00e9xico agilizar la investigaci\u00f3n.<\/p>\n<p>Padres de familia refirieron que las clases de nataci\u00f3n se dan en el plantel San Jer\u00f3nimo, dado que Mixcoac no cuenta con alberca, por lo que Abner fue trasladado, como era de costumbre para tomar su clase en las primeras horas del d\u00eda, donde posteriormente perdi\u00f3 la vida frente a sus compa\u00f1eros y a trav\u00e9s de una necropsia se determin\u00f3 la causa de muerte.<\/p>\n<p>Pese al tr\u00e1gico hecho, el colegio no emiti\u00f3 m\u00e1s que un comunicado durante la madrugada del martes, lamentando los hechos sin dar detalles de la investigaci\u00f3n, ni ofrecer apoyo psicol\u00f3gico a los alumnos que presenciaron la muerte, mientras que las clases no se suspendieron en ning\u00fan plantel.<\/p>\n<p>Fueron pocos los padres de familia solidarios con Leonardo y Marlene, pues la mayor\u00eda llevaron a sus hijos a clases el d\u00eda posterior al accidente, como si nada hubiese ocurrido, pero ante la negativa al di\u00e1logo, las protestas subieron de tono y los manifestantes terminaron por irrumpir en el colegio hasta la direcci\u00f3n.<\/p>\n<p>\u201cSi fue un accidente, el Colegio Williams tiene que explicarlo, tiene m\u00e1s de 24 horas que no explican, no tenemos nada\u2026 estamos hablando de una tragedia, muri\u00f3 un ni\u00f1o de seis a\u00f1os por ahogamiento\u201d, arremet\u00eda un padre de familia, preocupado por la seguridad de los alumnos.<\/p>\n<p>Ante las protestas, el director acad\u00e9mico, Juan Camilo Williams Muldoon, se present\u00f3 ante los padres tratando de explicarles lo sucedido, afirmando su colaboraci\u00f3n en las investigaciones y ante la presi\u00f3n, el colegio suspendi\u00f3 clases declarando tres d\u00edas de luto.<\/p>\n<p>El cuerpo del peque\u00f1o Abner fue entregado a la familia para darle el \u00faltimo adi\u00f3s en la Agencia Funeraria Grossman, mientras que la familia solicit\u00f3 privacidad para el sepelio que se llev\u00f3 a cabo este mi\u00e9rcoles.<\/p>\n","protected":false},"excerpt":{"rendered":"<p>Los padres de Abner, el peque\u00f1os de 6 a\u00f1os que falleci\u00f3 a causa de asfixia por sumersi\u00f3n en su clase de nataci\u00f3n en el Colegio Williams, acusan negligencia por parte de los docentes, pues de los ocho que deb\u00edan estar al pendiente de su grupo, ninguno actu\u00f3 a tiempo para ayudar al menor que presuntamente se desvaneci\u00f3 cuando practicaba nataci\u00f3n.<\/p>\n","protected":false},"author":3,"featured_media":565361,"comment_status":"open","ping_status":"open","sticky":false,"template":"","format":"standard","meta":{"_monsterinsights_skip_tracking":false,"_monsterinsights_sitenote_active":false,"_monsterinsights_sitenote_note":"","_monsterinsights_sitenote_category":0,"footnotes":""},"categories":[7],"tags":[96785,12935,8202,96786],"class_list":["post-565291","post","type-post","status-publish","format-standard","has-post-thumbnail","hentry","category-seguridad","tag-colegio-williams","tag-menor","tag-muerte","tag-sumersion"],"_links":{"self":[{"href":"https:\/\/www.diarioimagen.net\/index.php?rest_route=\/wp\/v2\/posts\/565291","targetHints":{"allow":["GET"]}}],"collection":[{"href":"https:\/\/www.diarioimagen.net\/index.php?rest_route=\/wp\/v2\/posts"}],"about":[{"href":"https:\/\/www.diarioimagen.net\/index.php?rest_route=\/wp\/v2\/types\/post"}],"author":[{"embeddable":true,"href":"https:\/\/www.diarioimagen.net\/index.php?rest_route=\/wp\/v2\/users\/3"}],"replies":[{"embeddable":true,"href":"https:\/\/www.diarioimagen.net\/index.php?rest_route=%2Fwp%2Fv2%2Fcomments&post=565291"}],"version-history":[{"count":0,"href":"https:\/\/www.diarioimagen.net\/index.php?rest_route=\/wp\/v2\/posts\/565291\/revisions"}],"wp:featuredmedia":[{"embeddable":true,"href":"https:\/\/www.diarioimagen.net\/index.php?rest_route=\/wp\/v2\/media\/565361"}],"wp:attachment":[{"href":"https:\/\/www.diarioimagen.net\/index.php?rest_route=%2Fwp%2Fv2%2Fmedia&parent=565291"}],"wp:term":[{"taxonomy":"category","embeddable":true,"href":"https:\/\/www.diarioimagen.net\/index.php?rest_route=%2Fwp%2Fv2%2Fcategories&post=565291"},{"taxonomy":"post_tag","embeddable":true,"href":"https:\/\/www.diarioimagen.net\/index.php?rest_route=%2Fwp%2Fv2%2Ftags&post=565291"}],"curies":[{"name":"wp","href":"https:\/\/api.w.org\/{rel}","templated":true}]}}